{"id":1183,"date":"2017-11-13T19:44:44","date_gmt":"2017-11-13T18:44:44","guid":{"rendered":"http:\/\/agora.xtec.cat\/escola-solivent\/?p=1183"},"modified":"2017-11-13T19:46:10","modified_gmt":"2017-11-13T18:46:10","slug":"celebrem-la-castanyada","status":"publish","type":"post","link":"https:\/\/agora.xtec.cat\/escola-solivent\/general\/celebrem-la-castanyada\/","title":{"rendered":"CELEBREM LA CASTANYADA"},"content":{"rendered":"<p>El passat 31 d&#8217;octubre vam celebrar la tradicional castanyada a l&#8217;escola. Tots els alumnes i les alumnes, de P3 \u00a0a 6\u00e8, vam cantar i ballar.<\/p>\n<p>Ens ho vam passar molt b\u00e9! Ah! I les castanyes eren bon\u00edssimes. Moltes gr\u00e0cies AMPA per ajudar-nos.<\/p>\n<p>Aqu\u00ed \u00fas deixem un v\u00eddeo resum de la castanyada.<\/p>\n<p><iframe loading=\"lazy\" src=\"https:\/\/www.youtube.com\/embed\/8jMVl4Vx4N4\" width=\"560\" height=\"315\" frameborder=\"0\" allowfullscreen=\"allowfullscreen\"><\/iframe><\/p>\n","protected":false},"excerpt":{"rendered":"<p>El passat 31 d&#8217;octubre vam celebrar la tradicional castanyada a l&#8217;escola. Tots els alumnes i les alumnes, de P3 \u00a0a 6\u00e8, vam cantar i ballar.<br \/>\nEns ho vam passar molt b\u00e9! Ah! I les castanyes eren bon\u00edssimes. Moltes gr\u00e0cies AMPA per ajudar-nos.<br \/>\nAqu\u00ed \u00fas deixem un v\u00eddeo&hellip;  <a href=\"https:\/\/agora.xtec.cat\/escola-solivent\/general\/celebrem-la-castanyada\/\" title=\"Read CELEBREM LA CASTANYADA\">Llegeix m\u00e9s\u00bb<\/a><\/p>\n","protected":false},"author":1,"featured_media":1184,"comment_status":"open","ping_status":"closed","sticky":false,"template":"","format":"standard","meta":{"_bbp_topic_count":0,"_bbp_reply_count":0,"_bbp_total_topic_count":0,"_bbp_total_reply_count":0,"_bbp_voice_count":0,"_bbp_anonymous_reply_count":0,"_bbp_topic_count_hidden":0,"_bbp_reply_count_hidden":0,"_bbp_forum_subforum_count":0,"footnotes":""},"categories":[7,1,2,4,5],"tags":[60],"class_list":["post-1183","post","type-post","status-publish","format-standard","has-post-thumbnail","hentry","category-afa","category-general","category-infantil","category-portada","category-primaria","tag-castanyada"],"post_mailing_queue_ids":[],"_links":{"self":[{"href":"https:\/\/agora.xtec.cat\/escola-solivent\/wp-json\/wp\/v2\/posts\/1183","targetHints":{"allow":["GET"]}}],"collection":[{"href":"https:\/\/agora.xtec.cat\/escola-solivent\/wp-json\/wp\/v2\/posts"}],"about":[{"href":"https:\/\/agora.xtec.cat\/escola-solivent\/wp-json\/wp\/v2\/types\/post"}],"author":[{"embeddable":true,"href":"https:\/\/agora.xtec.cat\/escola-solivent\/wp-json\/wp\/v2\/users\/1"}],"replies":[{"embeddable":true,"href":"https:\/\/agora.xtec.cat\/escola-solivent\/wp-json\/wp\/v2\/comments?post=1183"}],"version-history":[{"count":1,"href":"https:\/\/agora.xtec.cat\/escola-solivent\/wp-json\/wp\/v2\/posts\/1183\/revisions"}],"predecessor-version":[{"id":1185,"href":"https:\/\/agora.xtec.cat\/escola-solivent\/wp-json\/wp\/v2\/posts\/1183\/revisions\/1185"}],"wp:featuredmedia":[{"embeddable":true,"href":"https:\/\/agora.xtec.cat\/escola-solivent\/wp-json\/wp\/v2\/media\/1184"}],"wp:attachment":[{"href":"https:\/\/agora.xtec.cat\/escola-solivent\/wp-json\/wp\/v2\/media?parent=1183"}],"wp:term":[{"taxonomy":"category","embeddable":true,"href":"https:\/\/agora.xtec.cat\/escola-solivent\/wp-json\/wp\/v2\/categories?post=1183"},{"taxonomy":"post_tag","embeddable":true,"href":"https:\/\/agora.xtec.cat\/escola-solivent\/wp-json\/wp\/v2\/tags?post=1183"}],"curies":[{"name":"wp","href":"https:\/\/api.w.org\/{rel}","templated":true}]}}