{"id":1054,"date":"2017-10-18T09:03:51","date_gmt":"2017-10-18T07:03:51","guid":{"rendered":"http:\/\/agora.xtec.cat\/escola-solivent\/?p=1054"},"modified":"2017-10-18T14:01:53","modified_gmt":"2017-10-18T12:01:53","slug":"6e-tambe-va-a-lhort","status":"publish","type":"post","link":"https:\/\/agora.xtec.cat\/escola-solivent\/general\/6e-tambe-va-a-lhort\/","title":{"rendered":"6\u00e8 TAMB\u00c9 VA A L&#8217;HORT."},"content":{"rendered":"<p>Els alumnes de 6\u00e8 hem anat a l\u2019hort i hem plantat cols i br\u00f2quils amb l\u2019ajuda del senyor Fernando. Com que aquests curs som els grans de l&#8217;escola, hem col\u00b7laborat en les tasques de manteniment de l&#8217;espai de l&#8217;hort.<\/p>\n<p>&nbsp;<\/p>\n<p>Cliqueu <a href=\"https:\/\/photos.app.goo.gl\/6QGVwFxIS9gFrun53\">aqu\u00ed <\/a>per veure m\u00e9s fotos.<\/p>\n","protected":false},"excerpt":{"rendered":"<p>Els alumnes de 6\u00e8 hem anat a l\u2019hort i hem plantat cols i br\u00f2quils amb l\u2019ajuda del senyor Fernando. Com que aquests curs som els grans de l&#8217;escola, hem col\u00b7laborat en les tasques de manteniment de l&#8217;espai de l&#8217;hort.<br \/>\n&nbsp;<br \/>\nCliqueu <a href=\"https:\/\/photos.app.goo.gl\/6QGVwFxIS9gFrun53\">aqu\u00ed <\/a>per veure m\u00e9s fotos.<\/p>\n","protected":false},"author":1,"featured_media":1036,"comment_status":"open","ping_status":"closed","sticky":false,"template":"","format":"standard","meta":{"_bbp_topic_count":0,"_bbp_reply_count":0,"_bbp_total_topic_count":0,"_bbp_total_reply_count":0,"_bbp_voice_count":0,"_bbp_anonymous_reply_count":0,"_bbp_topic_count_hidden":0,"_bbp_reply_count_hidden":0,"_bbp_forum_subforum_count":0,"footnotes":""},"categories":[15,1,4,5],"tags":[],"class_list":["post-1054","post","type-post","status-publish","format-standard","has-post-thumbnail","hentry","category-6e","category-general","category-portada","category-primaria"],"post_mailing_queue_ids":[],"_links":{"self":[{"href":"https:\/\/agora.xtec.cat\/escola-solivent\/wp-json\/wp\/v2\/posts\/1054","targetHints":{"allow":["GET"]}}],"collection":[{"href":"https:\/\/agora.xtec.cat\/escola-solivent\/wp-json\/wp\/v2\/posts"}],"about":[{"href":"https:\/\/agora.xtec.cat\/escola-solivent\/wp-json\/wp\/v2\/types\/post"}],"author":[{"embeddable":true,"href":"https:\/\/agora.xtec.cat\/escola-solivent\/wp-json\/wp\/v2\/users\/1"}],"replies":[{"embeddable":true,"href":"https:\/\/agora.xtec.cat\/escola-solivent\/wp-json\/wp\/v2\/comments?post=1054"}],"version-history":[{"count":1,"href":"https:\/\/agora.xtec.cat\/escola-solivent\/wp-json\/wp\/v2\/posts\/1054\/revisions"}],"predecessor-version":[{"id":1055,"href":"https:\/\/agora.xtec.cat\/escola-solivent\/wp-json\/wp\/v2\/posts\/1054\/revisions\/1055"}],"wp:featuredmedia":[{"embeddable":true,"href":"https:\/\/agora.xtec.cat\/escola-solivent\/wp-json\/wp\/v2\/media\/1036"}],"wp:attachment":[{"href":"https:\/\/agora.xtec.cat\/escola-solivent\/wp-json\/wp\/v2\/media?parent=1054"}],"wp:term":[{"taxonomy":"category","embeddable":true,"href":"https:\/\/agora.xtec.cat\/escola-solivent\/wp-json\/wp\/v2\/categories?post=1054"},{"taxonomy":"post_tag","embeddable":true,"href":"https:\/\/agora.xtec.cat\/escola-solivent\/wp-json\/wp\/v2\/tags?post=1054"}],"curies":[{"name":"wp","href":"https:\/\/api.w.org\/{rel}","templated":true}]}}