{"id":13456,"date":"2026-04-25T12:42:11","date_gmt":"2026-04-25T10:42:11","guid":{"rendered":"https:\/\/agora.xtec.cat\/escola-santroc\/?p=13456"},"modified":"2026-04-25T12:42:11","modified_gmt":"2026-04-25T10:42:11","slug":"sant-jordi-26","status":"publish","type":"post","link":"https:\/\/agora.xtec.cat\/escola-santroc\/general\/sant-jordi-26\/","title":{"rendered":"Sant Jordi 26"},"content":{"rendered":"<p>Dia de Sant Jordi ben compl\u00e8t\u00a0 en educacion infantila.<\/p>\n<p>MAITIN:<\/p>\n<p>A prum\u00e8ra ora deth maitin, visita ara parada de r\u00f2ses e libres des n\u00f2sti companhs\/es de cicle superior.<\/p>\n<p><a href=\"https:\/\/agora.xtec.cat\/escola-santroc\/wp-content\/uploads\/usu759\/2026\/04\/1.png\"><img loading=\"lazy\" decoding=\"async\" class=\"alignnone wp-image-13487\" src=\"https:\/\/agora.xtec.cat\/escola-santroc\/wp-content\/uploads\/usu759\/2026\/04\/1.png\" alt=\"\" width=\"701\" height=\"497\" srcset=\"https:\/\/agora.xtec.cat\/escola-santroc\/wp-content\/uploads\/usu759\/2026\/04\/1.png 876w, https:\/\/agora.xtec.cat\/escola-santroc\/wp-content\/uploads\/usu759\/2026\/04\/1-300x213.png 300w, https:\/\/agora.xtec.cat\/escola-santroc\/wp-content\/uploads\/usu759\/2026\/04\/1-768x545.png 768w\" sizes=\"auto, (max-width: 701px) 100vw, 701px\" \/><\/a><\/p>\n<p>Ara seguida, bus ent\u00e0 anar tara bibliot\u00e8ca de Vielha. Kris explique eth conde Hist\u00f2ria d&#8217;un eri\u00e7\u00f2, on apareishen l\u00e8bes, arrats, esquir\u00f2s, c\u00e8rvis, teishons, aud\u00e8ths, tortugues,&#8230;e ensenhe com v\u00eduer damb es n\u00f2sti\u00a0 def\u00e8ctes e qualitats. Tanben les liegec ues poesies restacades damb eth patron.<\/p>\n<p><a href=\"https:\/\/agora.xtec.cat\/escola-santroc\/wp-content\/uploads\/usu759\/2026\/04\/2.png\"><img loading=\"lazy\" decoding=\"async\" class=\"alignnone wp-image-13489\" src=\"https:\/\/agora.xtec.cat\/escola-santroc\/wp-content\/uploads\/usu759\/2026\/04\/2.png\" alt=\"\" width=\"700\" height=\"497\" srcset=\"https:\/\/agora.xtec.cat\/escola-santroc\/wp-content\/uploads\/usu759\/2026\/04\/2.png 877w, https:\/\/agora.xtec.cat\/escola-santroc\/wp-content\/uploads\/usu759\/2026\/04\/2-300x213.png 300w, https:\/\/agora.xtec.cat\/escola-santroc\/wp-content\/uploads\/usu759\/2026\/04\/2-768x545.png 768w\" sizes=\"auto, (max-width: 700px) 100vw, 700px\" \/><\/a><\/p>\n<p>TARDE:<\/p>\n<p>Ena tarde, recitacion ena esc\u00f2la per part dera mainad\u00e8ra e m\u00e8stres deth centre.<\/p>\n<p><a href=\"https:\/\/agora.xtec.cat\/escola-santroc\/wp-content\/uploads\/usu759\/2026\/04\/3.png\"><img loading=\"lazy\" decoding=\"async\" class=\"alignnone wp-image-13490\" src=\"https:\/\/agora.xtec.cat\/escola-santroc\/wp-content\/uploads\/usu759\/2026\/04\/3.png\" alt=\"\" width=\"700\" height=\"498\" srcset=\"https:\/\/agora.xtec.cat\/escola-santroc\/wp-content\/uploads\/usu759\/2026\/04\/3.png 880w, https:\/\/agora.xtec.cat\/escola-santroc\/wp-content\/uploads\/usu759\/2026\/04\/3-300x213.png 300w, https:\/\/agora.xtec.cat\/escola-santroc\/wp-content\/uploads\/usu759\/2026\/04\/3-768x545.png 768w\" sizes=\"auto, (max-width: 700px) 100vw, 700px\" \/><\/a><\/p>\n<p>Ent\u00e0 acabar, activitat deth Botjalibres. Gr\u00e0cies ara participacion des familhes des escolans\/es, toti s&#8217;emport\u00e8ren b\u00e8ri libres t\u00e0 seguir gaudint dera lectura.<\/p>\n<p><a href=\"https:\/\/agora.xtec.cat\/escola-santroc\/wp-content\/uploads\/usu759\/2026\/04\/4.png\"><img loading=\"lazy\" decoding=\"async\" class=\"alignnone wp-image-13491\" src=\"https:\/\/agora.xtec.cat\/escola-santroc\/wp-content\/uploads\/usu759\/2026\/04\/4.png\" alt=\"\" width=\"700\" height=\"493\" srcset=\"https:\/\/agora.xtec.cat\/escola-santroc\/wp-content\/uploads\/usu759\/2026\/04\/4.png 874w, https:\/\/agora.xtec.cat\/escola-santroc\/wp-content\/uploads\/usu759\/2026\/04\/4-300x211.png 300w, https:\/\/agora.xtec.cat\/escola-santroc\/wp-content\/uploads\/usu759\/2026\/04\/4-768x541.png 768w\" sizes=\"auto, (max-width: 700px) 100vw, 700px\" \/><\/a><\/p>\n<p>Era AFA dera esc\u00f2la tanben collabor\u00e8c en tot aufrir un libre per mainatge\/mainada. Gr\u00e0cies!!<\/p>\n<p>Fin finau, era mainad\u00e8ra d&#8217;educacion que se n&#8217;anec ben cargada: libre dera AFA, libres deth Botjalibres, legenda de Sant Jordi, r\u00f2sa, manualitat deth dragon, mandala allusiva ara h\u00e8sta e diboish-regal de Kris.<\/p>\n<p><a href=\"https:\/\/agora.xtec.cat\/escola-santroc\/wp-content\/uploads\/usu759\/2026\/04\/5.png\"><img loading=\"lazy\" decoding=\"async\" class=\"alignnone wp-image-13492\" src=\"https:\/\/agora.xtec.cat\/escola-santroc\/wp-content\/uploads\/usu759\/2026\/04\/5.png\" alt=\"\" width=\"700\" height=\"495\" srcset=\"https:\/\/agora.xtec.cat\/escola-santroc\/wp-content\/uploads\/usu759\/2026\/04\/5.png 871w, https:\/\/agora.xtec.cat\/escola-santroc\/wp-content\/uploads\/usu759\/2026\/04\/5-300x212.png 300w, https:\/\/agora.xtec.cat\/escola-santroc\/wp-content\/uploads\/usu759\/2026\/04\/5-768x543.png 768w\" sizes=\"auto, (max-width: 700px) 100vw, 700px\" \/><\/a><\/p>\n<p>Visca Sant Jordi, dia dera r\u00f2sa e deth libre!!<\/p>\n","protected":false},"excerpt":{"rendered":"<p>Dia de Sant Jordi ben compl\u00e8t\u00a0 en educacion infantila.<br \/>\nMAITIN:<br \/>\nA prum\u00e8ra ora deth maitin, visita ara parada de r\u00f2ses e libres des n\u00f2sti companhs\/es de cicle superior.<br \/>\n<a href=\"https:\/\/agora.xtec.cat\/escola-santroc\/wp-content\/uploads\/usu759\/2026\/04\/1.png\"><\/a><br \/>\nAra seguida, bus ent\u00e0 anar tara bibliot\u00e8ca de Vielha. Kris explique eth conde Hist\u00f2ria d&#8217;un eri\u00e7\u00f2, on apareishen l\u00e8bes,&hellip;  <a href=\"https:\/\/agora.xtec.cat\/escola-santroc\/general\/sant-jordi-26\/\" title=\"Read Sant Jordi 26\">Llegeix m\u00e9s\u00bb<\/a><\/p>\n","protected":false},"author":1,"featured_media":13464,"comment_status":"open","ping_status":"open","sticky":false,"template":"","format":"standard","meta":{"_bbp_topic_count":0,"_bbp_reply_count":0,"_bbp_total_topic_count":0,"_bbp_total_reply_count":0,"_bbp_voice_count":0,"_bbp_anonymous_reply_count":0,"_bbp_topic_count_hidden":0,"_bbp_reply_count_hidden":0,"_bbp_forum_subforum_count":0,"footnotes":""},"categories":[2,1],"tags":[],"class_list":["post-13456","post","type-post","status-publish","format-standard","has-post-thumbnail","hentry","category-educacion-infantila","category-general"],"post_mailing_queue_ids":[],"_links":{"self":[{"href":"https:\/\/agora.xtec.cat\/escola-santroc\/wp-json\/wp\/v2\/posts\/13456","targetHints":{"allow":["GET"]}}],"collection":[{"href":"https:\/\/agora.xtec.cat\/escola-santroc\/wp-json\/wp\/v2\/posts"}],"about":[{"href":"https:\/\/agora.xtec.cat\/escola-santroc\/wp-json\/wp\/v2\/types\/post"}],"author":[{"embeddable":true,"href":"https:\/\/agora.xtec.cat\/escola-santroc\/wp-json\/wp\/v2\/users\/1"}],"replies":[{"embeddable":true,"href":"https:\/\/agora.xtec.cat\/escola-santroc\/wp-json\/wp\/v2\/comments?post=13456"}],"version-history":[{"count":6,"href":"https:\/\/agora.xtec.cat\/escola-santroc\/wp-json\/wp\/v2\/posts\/13456\/revisions"}],"predecessor-version":[{"id":13493,"href":"https:\/\/agora.xtec.cat\/escola-santroc\/wp-json\/wp\/v2\/posts\/13456\/revisions\/13493"}],"wp:featuredmedia":[{"embeddable":true,"href":"https:\/\/agora.xtec.cat\/escola-santroc\/wp-json\/wp\/v2\/media\/13464"}],"wp:attachment":[{"href":"https:\/\/agora.xtec.cat\/escola-santroc\/wp-json\/wp\/v2\/media?parent=13456"}],"wp:term":[{"taxonomy":"category","embeddable":true,"href":"https:\/\/agora.xtec.cat\/escola-santroc\/wp-json\/wp\/v2\/categories?post=13456"},{"taxonomy":"post_tag","embeddable":true,"href":"https:\/\/agora.xtec.cat\/escola-santroc\/wp-json\/wp\/v2\/tags?post=13456"}],"curies":[{"name":"wp","href":"https:\/\/api.w.org\/{rel}","templated":true}]}}