{"id":12765,"date":"2025-06-18T12:02:39","date_gmt":"2025-06-18T10:02:39","guid":{"rendered":"https:\/\/agora.xtec.cat\/escola-santroc\/?p=12765"},"modified":"2025-06-18T12:02:39","modified_gmt":"2025-06-18T10:02:39","slug":"talher-degaltat-de-genre","status":"publish","type":"post","link":"https:\/\/agora.xtec.cat\/escola-santroc\/primaria\/ciclemiei\/talher-degaltat-de-genre\/","title":{"rendered":"Talh\u00e8r d&#8217;egaltat de genre"},"content":{"rendered":"<p>Planvoludes familhes,<\/p>\n<p>Eth deluns h\u00e9rem un talh\u00e8r ent\u00e0 trabalhar era egaltat de genre a compdar dera escota deth conde &#8220;El ni\u00f1o que no quer\u00eda ser azul y la ni\u00f1a que no quer\u00eda ser rosa&#8221;. Demp\u00fas, parl\u00e8rem sus eth t\u00e8ma e h\u00e9rem ua activitat damb toti es colors que consistie en trapar causes de cada color e associar-lo a ua emocion. Ent\u00e0 acabar cada un diboish\u00e8rem un autoretrat damb es colors que mos identificam. Siguec ua activitat polida! <a href=\"https:\/\/agora.xtec.cat\/escola-santroc\/wp-content\/uploads\/usu759\/2025\/06\/egaltat.png\"><img loading=\"lazy\" decoding=\"async\" class=\"wp-image-12767 alignleft\" src=\"https:\/\/agora.xtec.cat\/escola-santroc\/wp-content\/uploads\/usu759\/2025\/06\/egaltat.png\" alt=\"\" width=\"267\" height=\"169\" srcset=\"https:\/\/agora.xtec.cat\/escola-santroc\/wp-content\/uploads\/usu759\/2025\/06\/egaltat.png 874w, https:\/\/agora.xtec.cat\/escola-santroc\/wp-content\/uploads\/usu759\/2025\/06\/egaltat-300x189.png 300w, https:\/\/agora.xtec.cat\/escola-santroc\/wp-content\/uploads\/usu759\/2025\/06\/egaltat-768x485.png 768w\" sizes=\"auto, (max-width: 267px) 100vw, 267px\" \/><\/a>\u00a0<a href=\"https:\/\/agora.xtec.cat\/escola-santroc\/wp-content\/uploads\/usu759\/2025\/06\/egaltat-1.png\"><img loading=\"lazy\" decoding=\"async\" class=\"wp-image-12766 alignright\" src=\"https:\/\/agora.xtec.cat\/escola-santroc\/wp-content\/uploads\/usu759\/2025\/06\/egaltat-1.png\" alt=\"\" width=\"325\" height=\"166\" srcset=\"https:\/\/agora.xtec.cat\/escola-santroc\/wp-content\/uploads\/usu759\/2025\/06\/egaltat-1.png 916w, https:\/\/agora.xtec.cat\/escola-santroc\/wp-content\/uploads\/usu759\/2025\/06\/egaltat-1-300x153.png 300w, https:\/\/agora.xtec.cat\/escola-santroc\/wp-content\/uploads\/usu759\/2025\/06\/egaltat-1-768x392.png 768w\" sizes=\"auto, (max-width: 325px) 100vw, 325px\" \/><\/a><\/p>\n","protected":false},"excerpt":{"rendered":"<p>Planvoludes familhes,<br \/>\nEth deluns h\u00e9rem un talh\u00e8r ent\u00e0 trabalhar era egaltat de genre a compdar dera escota deth conde &#8220;El ni\u00f1o que no quer\u00eda ser azul y la ni\u00f1a que no quer\u00eda ser rosa&#8221;. Demp\u00fas, parl\u00e8rem sus eth t\u00e8ma e h\u00e9rem ua activitat damb toti es&hellip;  <a href=\"https:\/\/agora.xtec.cat\/escola-santroc\/primaria\/ciclemiei\/talher-degaltat-de-genre\/\" title=\"Read Talh\u00e8r d&#8217;egaltat de genre\">Llegeix m\u00e9s\u00bb<\/a><\/p>\n","protected":false},"author":1,"featured_media":12767,"comment_status":"open","ping_status":"open","sticky":false,"template":"","format":"standard","meta":{"_bbp_topic_count":0,"_bbp_reply_count":0,"_bbp_total_topic_count":0,"_bbp_total_reply_count":0,"_bbp_voice_count":0,"_bbp_anonymous_reply_count":0,"_bbp_topic_count_hidden":0,"_bbp_reply_count_hidden":0,"_bbp_forum_subforum_count":0,"footnotes":""},"categories":[251,252,111],"tags":[],"class_list":["post-12765","post","type-post","status-publish","format-standard","has-post-thumbnail","hentry","category-blog-de-3au","category-4au","category-ciclemiei"],"post_mailing_queue_ids":[],"_links":{"self":[{"href":"https:\/\/agora.xtec.cat\/escola-santroc\/wp-json\/wp\/v2\/posts\/12765","targetHints":{"allow":["GET"]}}],"collection":[{"href":"https:\/\/agora.xtec.cat\/escola-santroc\/wp-json\/wp\/v2\/posts"}],"about":[{"href":"https:\/\/agora.xtec.cat\/escola-santroc\/wp-json\/wp\/v2\/types\/post"}],"author":[{"embeddable":true,"href":"https:\/\/agora.xtec.cat\/escola-santroc\/wp-json\/wp\/v2\/users\/1"}],"replies":[{"embeddable":true,"href":"https:\/\/agora.xtec.cat\/escola-santroc\/wp-json\/wp\/v2\/comments?post=12765"}],"version-history":[{"count":1,"href":"https:\/\/agora.xtec.cat\/escola-santroc\/wp-json\/wp\/v2\/posts\/12765\/revisions"}],"predecessor-version":[{"id":12768,"href":"https:\/\/agora.xtec.cat\/escola-santroc\/wp-json\/wp\/v2\/posts\/12765\/revisions\/12768"}],"wp:featuredmedia":[{"embeddable":true,"href":"https:\/\/agora.xtec.cat\/escola-santroc\/wp-json\/wp\/v2\/media\/12767"}],"wp:attachment":[{"href":"https:\/\/agora.xtec.cat\/escola-santroc\/wp-json\/wp\/v2\/media?parent=12765"}],"wp:term":[{"taxonomy":"category","embeddable":true,"href":"https:\/\/agora.xtec.cat\/escola-santroc\/wp-json\/wp\/v2\/categories?post=12765"},{"taxonomy":"post_tag","embeddable":true,"href":"https:\/\/agora.xtec.cat\/escola-santroc\/wp-json\/wp\/v2\/tags?post=12765"}],"curies":[{"name":"wp","href":"https:\/\/api.w.org\/{rel}","templated":true}]}}