{"id":12442,"date":"2025-03-18T11:53:09","date_gmt":"2025-03-18T10:53:09","guid":{"rendered":"https:\/\/agora.xtec.cat\/escola-santroc\/?p=12442"},"modified":"2025-03-18T11:53:09","modified_gmt":"2025-03-18T10:53:09","slug":"certamen-de-lectura-en-votz-nauta-5","status":"publish","type":"post","link":"https:\/\/agora.xtec.cat\/escola-santroc\/general\/certamen-de-lectura-en-votz-nauta-5\/","title":{"rendered":"Certamen de lectura en votz nauta"},"content":{"rendered":"<p>\u00d2la familhes,<\/p>\n<p>Auem celebrat era prum\u00e8ra fasa deth certamen de lectura en votz nauta en tot escu\u00e9lher as escolans e escolanes que mos representar\u00e0n enes Quarts de Finau eth <span lang=\"oc-FR\">28 de mar\u00e7 ena Sala d\u2019Audiovisuaus de Vielha.<\/span><\/p>\n<p>Particip\u00e8ren es escolans\/es de cicle miei e cicle superior en tot li\u00e9ger lectures des libres &#8220;Hopi&#8221; e &#8220;Els nens ferotges&#8221; respectivament.<\/p>\n<p>Eth jurat siguec format per m\u00e8stres e representant dera AFA e les siguec f\u00f2r\u00e7a complicat seleccionar pr&#8217;amor qu&#8217;un an m\u00e8s eth niv\u00e8u de tot er escolanat \u00e8re naut pr&#8217;amor que s&#8217;ac auien premanit f\u00f2r\u00e7a ben.<\/p>\n<p>Finaument, es escolans e escolanes que mos representar\u00e0n son:<\/p>\n<p><strong>Cicle Miei<\/strong><\/p>\n<p><strong>Finalista:\u00a0<\/strong>Valentina Badia<\/p>\n<p><strong>Semifinalista:\u00a0<\/strong>Sofia Fa\u00f1an\u00e0s<\/p>\n<p><strong>Cicle Superior<\/strong><\/p>\n<p><strong>Finalista:\u00a0<\/strong>Diego L\u00f3pez<\/p>\n<p><strong>Semifinalista:\u00a0<\/strong>Carla Castet<\/p>\n<p>Des dera esc\u00f2la felicitam a toti es participants e desiram f\u00f2r\u00e7a s\u00f2rt as finalistes ena seg\u00fcenta fasa!<\/p>\n<p><a href=\"https:\/\/agora.xtec.cat\/escola-santroc\/wp-content\/uploads\/usu759\/2025\/03\/certamen-2025.png\"><img loading=\"lazy\" decoding=\"async\" class=\"size-full wp-image-12443 aligncenter\" src=\"https:\/\/agora.xtec.cat\/escola-santroc\/wp-content\/uploads\/usu759\/2025\/03\/certamen-2025.png\" alt=\"\" width=\"526\" height=\"525\" srcset=\"https:\/\/agora.xtec.cat\/escola-santroc\/wp-content\/uploads\/usu759\/2025\/03\/certamen-2025.png 526w, https:\/\/agora.xtec.cat\/escola-santroc\/wp-content\/uploads\/usu759\/2025\/03\/certamen-2025-300x300.png 300w, https:\/\/agora.xtec.cat\/escola-santroc\/wp-content\/uploads\/usu759\/2025\/03\/certamen-2025-150x150.png 150w\" sizes=\"auto, (max-width: 526px) 100vw, 526px\" \/><\/a><\/p>\n","protected":false},"excerpt":{"rendered":"<p>\u00d2la familhes,<br \/>\nAuem celebrat era prum\u00e8ra fasa deth certamen de lectura en votz nauta en tot escu\u00e9lher as escolans e escolanes que mos representar\u00e0n enes Quarts de Finau eth 28 de mar\u00e7 ena Sala d\u2019Audiovisuaus de Vielha.<br \/>\nParticip\u00e8ren es escolans\/es de cicle miei e cicle superior en&hellip;  <a href=\"https:\/\/agora.xtec.cat\/escola-santroc\/general\/certamen-de-lectura-en-votz-nauta-5\/\" title=\"Read Certamen de lectura en votz nauta\">Llegeix m\u00e9s\u00bb<\/a><\/p>\n","protected":false},"author":1,"featured_media":12443,"comment_status":"open","ping_status":"closed","sticky":false,"template":"","format":"standard","meta":{"_bbp_topic_count":0,"_bbp_reply_count":0,"_bbp_total_topic_count":0,"_bbp_total_reply_count":0,"_bbp_voice_count":0,"_bbp_anonymous_reply_count":0,"_bbp_topic_count_hidden":0,"_bbp_reply_count_hidden":0,"_bbp_forum_subforum_count":0,"footnotes":""},"categories":[167,251,252,253,254,111,112,1,4,175],"tags":[],"class_list":["post-12442","post","type-post","status-publish","format-standard","has-post-thumbnail","hentry","category-biblioteca","category-blog-de-3au","category-4au","category-5au","category-6au","category-ciclemiei","category-ciclesuperior","category-general","category-portada","category-promocionedifusion"],"post_mailing_queue_ids":[],"_links":{"self":[{"href":"https:\/\/agora.xtec.cat\/escola-santroc\/wp-json\/wp\/v2\/posts\/12442","targetHints":{"allow":["GET"]}}],"collection":[{"href":"https:\/\/agora.xtec.cat\/escola-santroc\/wp-json\/wp\/v2\/posts"}],"about":[{"href":"https:\/\/agora.xtec.cat\/escola-santroc\/wp-json\/wp\/v2\/types\/post"}],"author":[{"embeddable":true,"href":"https:\/\/agora.xtec.cat\/escola-santroc\/wp-json\/wp\/v2\/users\/1"}],"replies":[{"embeddable":true,"href":"https:\/\/agora.xtec.cat\/escola-santroc\/wp-json\/wp\/v2\/comments?post=12442"}],"version-history":[{"count":2,"href":"https:\/\/agora.xtec.cat\/escola-santroc\/wp-json\/wp\/v2\/posts\/12442\/revisions"}],"predecessor-version":[{"id":12445,"href":"https:\/\/agora.xtec.cat\/escola-santroc\/wp-json\/wp\/v2\/posts\/12442\/revisions\/12445"}],"wp:featuredmedia":[{"embeddable":true,"href":"https:\/\/agora.xtec.cat\/escola-santroc\/wp-json\/wp\/v2\/media\/12443"}],"wp:attachment":[{"href":"https:\/\/agora.xtec.cat\/escola-santroc\/wp-json\/wp\/v2\/media?parent=12442"}],"wp:term":[{"taxonomy":"category","embeddable":true,"href":"https:\/\/agora.xtec.cat\/escola-santroc\/wp-json\/wp\/v2\/categories?post=12442"},{"taxonomy":"post_tag","embeddable":true,"href":"https:\/\/agora.xtec.cat\/escola-santroc\/wp-json\/wp\/v2\/tags?post=12442"}],"curies":[{"name":"wp","href":"https:\/\/api.w.org\/{rel}","templated":true}]}}