{"id":855,"date":"2014-10-24T12:16:19","date_gmt":"2014-10-24T10:16:19","guid":{"rendered":"http:\/\/blocs.xtec.cat\/escolasantacaterina\/?p=855"},"modified":"2014-10-24T12:16:19","modified_gmt":"2014-10-24T10:16:19","slug":"tots-contra-els-polls","status":"publish","type":"post","link":"https:\/\/agora.xtec.cat\/escola-santacaterina-vinyols\/general\/tots-contra-els-polls\/","title":{"rendered":"TOTS CONTRA ELS POLLS!"},"content":{"rendered":"<p>Benvolgudes fam\u00edlies, \u00a0 \u00a0 \u00a0 \u00a0 \u00a0 \u00a0 \u00a0 \u00a0 \u00a0 \u00a0 \u00a0 \u00a0 \u00a0 \u00a0 \u00a0 \u00a0 \u00a0\u00a0<img loading=\"lazy\" decoding=\"async\" src=\"https:\/\/encrypted-tbn1.gstatic.com\/images?q=tbn:ANd9GcTBCN98shpc3C5Drd0NR9EXjPRnzJfaLUzPKID2GtRGHsHFkbiA0A\" alt=\"\" width=\"113\" height=\"83\" \/><\/p>\n<p>Ens agradaria acabar definitivament amb el problema que any rere any, ens incomoda a tots: ELS POLLS!<\/p>\n<p>Si us plau, la vostra col\u00b7laboraci\u00f3 \u00e9s molt important. Cal que:<\/p>\n<p>1. Mireu detingudament el cap del vostre fill\/a.<\/p>\n<p>2. Si hi detecteu polls o ll\u00e8menes, mulleu-li el cap amb alcohol.<\/p>\n<p>3. Emboliqueu-li el cap amb un film transparent, una bossa de pl\u00e0stic o una gorra de dutxa (cal que quedi herm\u00e8tic).<\/p>\n<p>4. Deixeu-ho reposar 30 minuts.<\/p>\n<p>5. Passeu una pinta espessa especial per a polls i ll\u00e8menes.<\/p>\n<p>6. Renteu-li el cap.<\/p>\n<p>7. Mulleu-li el cabell amb vinagre i li torneu a tapar amb el film o la bossa de pl\u00e0stic.<\/p>\n<p>8. Passats 20 o 30 minuts ja li podeu treure i rentar el cap amb normalitat.<\/p>\n<p>Si no es resol el problema d&#8217;una manera immediata, els\/les nens\/es que ho pateixin, no han d&#8217;assistir al centre fins que s&#8217;hagi solucionat. L&#8217;escola \u00e9s un lloc de conviv\u00e8ncia i relaci\u00f3 i aix\u00f2 afavoreix la propagaci\u00f3 de la plaga.<\/p>\n<p>Esperem la vostra col\u00b7laboraci\u00f3.<\/p>\n<p>L&#8217;EQUIP DE MESTRES<\/p>\n","protected":false},"excerpt":{"rendered":"<p>Benvolgudes fam\u00edlies, \u00a0 \u00a0 \u00a0 \u00a0 \u00a0 \u00a0 \u00a0 \u00a0 \u00a0 \u00a0 \u00a0 \u00a0 \u00a0 \u00a0 \u00a0 \u00a0 \u00a0\u00a0 Ens agradaria acabar definitivament amb el problema que any rere any, ens incomoda a tots: ELS POLLS! Si us plau, la vostra col\u00b7laboraci\u00f3 \u00e9s molt important. Cal que: 1. Mireu detingudament el cap del vostre fill\/a. [&hellip;]<\/p>\n","protected":false},"author":1,"featured_media":0,"comment_status":"open","ping_status":"open","sticky":false,"template":"","format":"standard","meta":{"_bbp_topic_count":0,"_bbp_reply_count":0,"_bbp_total_topic_count":0,"_bbp_total_reply_count":0,"_bbp_voice_count":0,"_bbp_anonymous_reply_count":0,"_bbp_topic_count_hidden":0,"_bbp_reply_count_hidden":0,"_bbp_forum_subforum_count":0,"site-sidebar-layout":"default","site-content-layout":"","ast-site-content-layout":"","site-content-style":"default","site-sidebar-style":"default","ast-global-header-display":"","ast-banner-title-visibility":"","ast-main-header-display":"","ast-hfb-above-header-display":"","ast-hfb-below-header-display":"","ast-hfb-mobile-header-display":"","site-post-title":"","ast-breadcrumbs-content":"","ast-featured-img":"","footer-sml-layout":"","theme-transparent-header-meta":"","adv-header-id-meta":"","stick-header-meta":"","header-above-stick-meta":"","header-main-stick-meta":"","header-below-stick-meta":"","astra-migrate-meta-layouts":"default","ast-page-background-enabled":"default","ast-page-background-meta":{"desktop":{"background-color":"var(--ast-global-color-4)","background-image":"","background-repeat":"repeat","background-position":"center center","background-size":"auto","background-attachment":"scroll","background-type":"","background-media":"","overlay-type":"","overlay-color":"","overlay-opacity":"","overlay-gradient":""},"tablet":{"background-color":"","background-image":"","background-repeat":"repeat","background-position":"center center","background-size":"auto","background-attachment":"scroll","background-type":"","background-media":"","overlay-type":"","overlay-color":"","overlay-opacity":"","overlay-gradient":""},"mobile":{"background-color":"","background-image":"","background-repeat":"repeat","background-position":"center center","background-size":"auto","background-attachment":"scroll","background-type":"","background-media":"","overlay-type":"","overlay-color":"","overlay-opacity":"","overlay-gradient":""}},"ast-content-background-meta":{"desktop":{"background-color":"var(--ast-global-color-5)","background-image":"","background-repeat":"repeat","background-position":"center center","background-size":"auto","background-attachment":"scroll","background-type":"","background-media":"","overlay-type":"","overlay-color":"","overlay-opacity":"","overlay-gradient":""},"tablet":{"background-color":"var(--ast-global-color-5)","background-image":"","background-repeat":"repeat","background-position":"center center","background-size":"auto","background-attachment":"scroll","background-type":"","background-media":"","overlay-type":"","overlay-color":"","overlay-opacity":"","overlay-gradient":""},"mobile":{"background-color":"var(--ast-global-color-5)","background-image":"","background-repeat":"repeat","background-position":"center center","background-size":"auto","background-attachment":"scroll","background-type":"","background-media":"","overlay-type":"","overlay-color":"","overlay-opacity":"","overlay-gradient":""}},"footnotes":""},"categories":[60,61,62,63,64,65,66,1],"tags":[],"class_list":["post-855","post","type-post","status-publish","format-standard","hentry","category-angles","category-c-inicial","category-c-mitja","category-c-superior","category-e-especial","category-e-fisica","category-e-infantil","category-general"],"post_mailing_queue_ids":[],"_links":{"self":[{"href":"https:\/\/agora.xtec.cat\/escola-santacaterina-vinyols\/wp-json\/wp\/v2\/posts\/855","targetHints":{"allow":["GET"]}}],"collection":[{"href":"https:\/\/agora.xtec.cat\/escola-santacaterina-vinyols\/wp-json\/wp\/v2\/posts"}],"about":[{"href":"https:\/\/agora.xtec.cat\/escola-santacaterina-vinyols\/wp-json\/wp\/v2\/types\/post"}],"author":[{"embeddable":true,"href":"https:\/\/agora.xtec.cat\/escola-santacaterina-vinyols\/wp-json\/wp\/v2\/users\/1"}],"replies":[{"embeddable":true,"href":"https:\/\/agora.xtec.cat\/escola-santacaterina-vinyols\/wp-json\/wp\/v2\/comments?post=855"}],"version-history":[{"count":0,"href":"https:\/\/agora.xtec.cat\/escola-santacaterina-vinyols\/wp-json\/wp\/v2\/posts\/855\/revisions"}],"wp:attachment":[{"href":"https:\/\/agora.xtec.cat\/escola-santacaterina-vinyols\/wp-json\/wp\/v2\/media?parent=855"}],"wp:term":[{"taxonomy":"category","embeddable":true,"href":"https:\/\/agora.xtec.cat\/escola-santacaterina-vinyols\/wp-json\/wp\/v2\/categories?post=855"},{"taxonomy":"post_tag","embeddable":true,"href":"https:\/\/agora.xtec.cat\/escola-santacaterina-vinyols\/wp-json\/wp\/v2\/tags?post=855"}],"curies":[{"name":"wp","href":"https:\/\/api.w.org\/{rel}","templated":true}]}}