{"id":5072,"date":"2026-04-24T16:35:59","date_gmt":"2026-04-24T14:35:59","guid":{"rendered":"https:\/\/agora.xtec.cat\/escola-santacaterina-vinyols\/?p=5072"},"modified":"2026-04-24T16:36:00","modified_gmt":"2026-04-24T14:36:00","slug":"sant-jordi-2026","status":"publish","type":"post","link":"https:\/\/agora.xtec.cat\/escola-santacaterina-vinyols\/general\/sant-jordi-2026\/","title":{"rendered":"SANT JORDI 2026"},"content":{"rendered":"\n<p>Aquest dijous dia 23 d\u2019abril va ser Sant Jordi.&nbsp;<\/p>\n\n\n\n<p>Ens ho vam passar molt b\u00e9 perqu\u00e8 vam fer moltes activitats i tallers diferents durant tot el mat\u00ed. Ens vam organitzar amb grups de nens i nenes des d\u2019I3 fins a 6\u00e8.&nbsp;<\/p>\n\n\n\n<p>Els tallers van ser: jugar al bingo cater\u00ed, pintar una tassa, fer una xapa, ballar el ball de gitanes, escoltar contes (explicats per familiars i el Selvi!) i mirar un v\u00eddeo de Sant Jordi.&nbsp;<\/p>\n\n\n\n<p>A la tarda els nens i nenes d\u2019I3 fins a 2n vam recitar poemes de Sant Jordi al gimn\u00e0s. Van venir els familiars per escoltar els poemes.&nbsp;<\/p>\n\n\n\n<p>Despr\u00e9s, els nens de 3r i 4t van tocar la batucada al pati i els de 6\u00e8 van fer ballar el drac Quim el Fer\u00e9stec!&nbsp;&nbsp;<\/p>\n\n\n\n<p>Tot seguit, la classe de 5\u00e8 va ballar sardanes antigues. Quan van acabar, van tornar a ballar sardanes per\u00f2 aquest cop amb fam\u00edlies i tots els nens de l\u2019escola.<\/p>\n\n\n\n<p>Per acabar, les fam\u00edlies van portar cocs i dol\u00e7os per tothom! Estava tot bon\u00edssim!!!&nbsp;<\/p>\n\n\n\n<p>Bona Diada de Sant Jordi &#8211; La classe dels cal\u00e7ots!<\/p>\n\n\n\n<div class=\"wp-block-getwid-images-slider has-arrows-inside has-dots-inside has-images-center has-cropped-images\"><div class=\"wp-block-getwid-images-slider__wrapper\" data-effect=\"slide\" data-slides-show=\"1\" data-slides-show-laptop=\"1\" data-slides-show-tablet=\"1\" data-slides-show-mobile=\"1\" data-slides-scroll=\"1\" data-autoplay=\"false\" data-pause-hover=\"false\" data-autoplay-speed=\"6000\" data-infinite=\"true\" data-animation-speed=\"800\" data-center-mode=\"false\" data-variable-width=\"false\" data-arrows=\"inside\" data-dots=\"inside\" data-spacing=\"none\"><div class=\"wp-block-getwid-images-slider__item\"><figure><img loading=\"lazy\" decoding=\"async\" width=\"1080\" height=\"1350\" src=\"https:\/\/agora.xtec.cat\/escola-santacaterina-vinyols\/wp-content\/uploads\/usu964\/2026\/04\/2-2.png\" data-id=\"5087\" data-link=\"https:\/\/agora.xtec.cat\/escola-santacaterina-vinyols\/?attachment_id=5087\" data-original-link=\"https:\/\/agora.xtec.cat\/escola-santacaterina-vinyols\/wp-content\/uploads\/usu964\/2026\/04\/2-2.png\" class=\"wp-block-getwid-images-slider__image wp-image-5087\" srcset=\"https:\/\/agora.xtec.cat\/escola-santacaterina-vinyols\/wp-content\/uploads\/usu964\/2026\/04\/2-2.png 1080w, https:\/\/agora.xtec.cat\/escola-santacaterina-vinyols\/wp-content\/uploads\/usu964\/2026\/04\/2-2-240x300.png 240w, https:\/\/agora.xtec.cat\/escola-santacaterina-vinyols\/wp-content\/uploads\/usu964\/2026\/04\/2-2-819x1024.png 819w, https:\/\/agora.xtec.cat\/escola-santacaterina-vinyols\/wp-content\/uploads\/usu964\/2026\/04\/2-2-768x960.png 768w\" sizes=\"auto, (max-width: 1080px) 100vw, 1080px\" \/><\/figure><\/div><div class=\"wp-block-getwid-images-slider__item\"><figure><img loading=\"lazy\" decoding=\"async\" width=\"1200\" height=\"1600\" src=\"https:\/\/agora.xtec.cat\/escola-santacaterina-vinyols\/wp-content\/uploads\/usu964\/2026\/04\/72fe4063-b1fd-4e65-92a9-9f81273745ea.jpg\" data-id=\"5073\" data-link=\"https:\/\/agora.xtec.cat\/escola-santacaterina-vinyols\/?attachment_id=5073\" data-original-link=\"https:\/\/agora.xtec.cat\/escola-santacaterina-vinyols\/wp-content\/uploads\/usu964\/2026\/04\/72fe4063-b1fd-4e65-92a9-9f81273745ea.jpg\" class=\"wp-block-getwid-images-slider__image wp-image-5073\" srcset=\"https:\/\/agora.xtec.cat\/escola-santacaterina-vinyols\/wp-content\/uploads\/usu964\/2026\/04\/72fe4063-b1fd-4e65-92a9-9f81273745ea.jpg 1200w, https:\/\/agora.xtec.cat\/escola-santacaterina-vinyols\/wp-content\/uploads\/usu964\/2026\/04\/72fe4063-b1fd-4e65-92a9-9f81273745ea-225x300.jpg 225w, https:\/\/agora.xtec.cat\/escola-santacaterina-vinyols\/wp-content\/uploads\/usu964\/2026\/04\/72fe4063-b1fd-4e65-92a9-9f81273745ea-768x1024.jpg 768w, https:\/\/agora.xtec.cat\/escola-santacaterina-vinyols\/wp-content\/uploads\/usu964\/2026\/04\/72fe4063-b1fd-4e65-92a9-9f81273745ea-1152x1536.jpg 1152w\" sizes=\"auto, (max-width: 1200px) 100vw, 1200px\" \/><\/figure><\/div><div class=\"wp-block-getwid-images-slider__item\"><figure><img loading=\"lazy\" decoding=\"async\" width=\"1200\" height=\"1600\" src=\"https:\/\/agora.xtec.cat\/escola-santacaterina-vinyols\/wp-content\/uploads\/usu964\/2026\/04\/959fe165-8b23-42f9-bf0c-bcc8111659ec.jpg\" data-id=\"5074\" data-link=\"https:\/\/agora.xtec.cat\/escola-santacaterina-vinyols\/?attachment_id=5074\" data-original-link=\"https:\/\/agora.xtec.cat\/escola-santacaterina-vinyols\/wp-content\/uploads\/usu964\/2026\/04\/959fe165-8b23-42f9-bf0c-bcc8111659ec.jpg\" class=\"wp-block-getwid-images-slider__image wp-image-5074\" srcset=\"https:\/\/agora.xtec.cat\/escola-santacaterina-vinyols\/wp-content\/uploads\/usu964\/2026\/04\/959fe165-8b23-42f9-bf0c-bcc8111659ec.jpg 1200w, https:\/\/agora.xtec.cat\/escola-santacaterina-vinyols\/wp-content\/uploads\/usu964\/2026\/04\/959fe165-8b23-42f9-bf0c-bcc8111659ec-225x300.jpg 225w, https:\/\/agora.xtec.cat\/escola-santacaterina-vinyols\/wp-content\/uploads\/usu964\/2026\/04\/959fe165-8b23-42f9-bf0c-bcc8111659ec-768x1024.jpg 768w, https:\/\/agora.xtec.cat\/escola-santacaterina-vinyols\/wp-content\/uploads\/usu964\/2026\/04\/959fe165-8b23-42f9-bf0c-bcc8111659ec-1152x1536.jpg 1152w\" sizes=\"auto, (max-width: 1200px) 100vw, 1200px\" \/><\/figure><\/div><div class=\"wp-block-getwid-images-slider__item\"><figure><img loading=\"lazy\" decoding=\"async\" width=\"1536\" height=\"2048\" src=\"https:\/\/agora.xtec.cat\/escola-santacaterina-vinyols\/wp-content\/uploads\/usu964\/2026\/04\/7057c449-79dd-4274-a185-7d4424d98a53.jpg\" data-id=\"5077\" data-link=\"https:\/\/agora.xtec.cat\/escola-santacaterina-vinyols\/?attachment_id=5077\" data-original-link=\"https:\/\/agora.xtec.cat\/escola-santacaterina-vinyols\/wp-content\/uploads\/usu964\/2026\/04\/7057c449-79dd-4274-a185-7d4424d98a53.jpg\" class=\"wp-block-getwid-images-slider__image wp-image-5077\" srcset=\"https:\/\/agora.xtec.cat\/escola-santacaterina-vinyols\/wp-content\/uploads\/usu964\/2026\/04\/7057c449-79dd-4274-a185-7d4424d98a53.jpg 1536w, https:\/\/agora.xtec.cat\/escola-santacaterina-vinyols\/wp-content\/uploads\/usu964\/2026\/04\/7057c449-79dd-4274-a185-7d4424d98a53-225x300.jpg 225w, https:\/\/agora.xtec.cat\/escola-santacaterina-vinyols\/wp-content\/uploads\/usu964\/2026\/04\/7057c449-79dd-4274-a185-7d4424d98a53-768x1024.jpg 768w, https:\/\/agora.xtec.cat\/escola-santacaterina-vinyols\/wp-content\/uploads\/usu964\/2026\/04\/7057c449-79dd-4274-a185-7d4424d98a53-1152x1536.jpg 1152w\" sizes=\"auto, (max-width: 1536px) 100vw, 1536px\" \/><\/figure><\/div><div class=\"wp-block-getwid-images-slider__item\"><figure><img loading=\"lazy\" decoding=\"async\" width=\"1536\" height=\"2048\" src=\"https:\/\/agora.xtec.cat\/escola-santacaterina-vinyols\/wp-content\/uploads\/usu964\/2026\/04\/a5f57c79-6342-49b2-8ebb-f54bd0dceed8.jpg\" data-id=\"5078\" data-link=\"https:\/\/agora.xtec.cat\/escola-santacaterina-vinyols\/?attachment_id=5078\" data-original-link=\"https:\/\/agora.xtec.cat\/escola-santacaterina-vinyols\/wp-content\/uploads\/usu964\/2026\/04\/a5f57c79-6342-49b2-8ebb-f54bd0dceed8.jpg\" class=\"wp-block-getwid-images-slider__image wp-image-5078\" srcset=\"https:\/\/agora.xtec.cat\/escola-santacaterina-vinyols\/wp-content\/uploads\/usu964\/2026\/04\/a5f57c79-6342-49b2-8ebb-f54bd0dceed8.jpg 1536w, https:\/\/agora.xtec.cat\/escola-santacaterina-vinyols\/wp-content\/uploads\/usu964\/2026\/04\/a5f57c79-6342-49b2-8ebb-f54bd0dceed8-225x300.jpg 225w, https:\/\/agora.xtec.cat\/escola-santacaterina-vinyols\/wp-content\/uploads\/usu964\/2026\/04\/a5f57c79-6342-49b2-8ebb-f54bd0dceed8-768x1024.jpg 768w, https:\/\/agora.xtec.cat\/escola-santacaterina-vinyols\/wp-content\/uploads\/usu964\/2026\/04\/a5f57c79-6342-49b2-8ebb-f54bd0dceed8-1152x1536.jpg 1152w\" sizes=\"auto, (max-width: 1536px) 100vw, 1536px\" \/><\/figure><\/div><div class=\"wp-block-getwid-images-slider__item\"><figure><img loading=\"lazy\" decoding=\"async\" width=\"1500\" height=\"2000\" src=\"https:\/\/agora.xtec.cat\/escola-santacaterina-vinyols\/wp-content\/uploads\/usu964\/2026\/04\/a6f8a489-8c5b-4341-b28c-d3105997447b.jpg\" data-id=\"5080\" data-link=\"https:\/\/agora.xtec.cat\/escola-santacaterina-vinyols\/?attachment_id=5080\" data-original-link=\"https:\/\/agora.xtec.cat\/escola-santacaterina-vinyols\/wp-content\/uploads\/usu964\/2026\/04\/a6f8a489-8c5b-4341-b28c-d3105997447b.jpg\" class=\"wp-block-getwid-images-slider__image wp-image-5080\" srcset=\"https:\/\/agora.xtec.cat\/escola-santacaterina-vinyols\/wp-content\/uploads\/usu964\/2026\/04\/a6f8a489-8c5b-4341-b28c-d3105997447b.jpg 1500w, https:\/\/agora.xtec.cat\/escola-santacaterina-vinyols\/wp-content\/uploads\/usu964\/2026\/04\/a6f8a489-8c5b-4341-b28c-d3105997447b-225x300.jpg 225w, https:\/\/agora.xtec.cat\/escola-santacaterina-vinyols\/wp-content\/uploads\/usu964\/2026\/04\/a6f8a489-8c5b-4341-b28c-d3105997447b-768x1024.jpg 768w, https:\/\/agora.xtec.cat\/escola-santacaterina-vinyols\/wp-content\/uploads\/usu964\/2026\/04\/a6f8a489-8c5b-4341-b28c-d3105997447b-1152x1536.jpg 1152w\" sizes=\"auto, (max-width: 1500px) 100vw, 1500px\" \/><\/figure><\/div><div class=\"wp-block-getwid-images-slider__item\"><figure><img loading=\"lazy\" decoding=\"async\" width=\"1125\" height=\"2000\" src=\"https:\/\/agora.xtec.cat\/escola-santacaterina-vinyols\/wp-content\/uploads\/usu964\/2026\/04\/ad993425-04fc-4e8b-9c26-19858ceead49.jpg\" data-id=\"5079\" data-link=\"https:\/\/agora.xtec.cat\/escola-santacaterina-vinyols\/?attachment_id=5079\" data-original-link=\"https:\/\/agora.xtec.cat\/escola-santacaterina-vinyols\/wp-content\/uploads\/usu964\/2026\/04\/ad993425-04fc-4e8b-9c26-19858ceead49.jpg\" class=\"wp-block-getwid-images-slider__image wp-image-5079\" srcset=\"https:\/\/agora.xtec.cat\/escola-santacaterina-vinyols\/wp-content\/uploads\/usu964\/2026\/04\/ad993425-04fc-4e8b-9c26-19858ceead49.jpg 1125w, https:\/\/agora.xtec.cat\/escola-santacaterina-vinyols\/wp-content\/uploads\/usu964\/2026\/04\/ad993425-04fc-4e8b-9c26-19858ceead49-169x300.jpg 169w, https:\/\/agora.xtec.cat\/escola-santacaterina-vinyols\/wp-content\/uploads\/usu964\/2026\/04\/ad993425-04fc-4e8b-9c26-19858ceead49-576x1024.jpg 576w, https:\/\/agora.xtec.cat\/escola-santacaterina-vinyols\/wp-content\/uploads\/usu964\/2026\/04\/ad993425-04fc-4e8b-9c26-19858ceead49-768x1365.jpg 768w, https:\/\/agora.xtec.cat\/escola-santacaterina-vinyols\/wp-content\/uploads\/usu964\/2026\/04\/ad993425-04fc-4e8b-9c26-19858ceead49-864x1536.jpg 864w\" sizes=\"auto, (max-width: 1125px) 100vw, 1125px\" \/><\/figure><\/div><div class=\"wp-block-getwid-images-slider__item\"><figure><img loading=\"lazy\" decoding=\"async\" width=\"1125\" height=\"2000\" src=\"https:\/\/agora.xtec.cat\/escola-santacaterina-vinyols\/wp-content\/uploads\/usu964\/2026\/04\/baa8e486-2b5b-42e1-9c7b-000c3136fe14.jpg\" data-id=\"5075\" data-link=\"https:\/\/agora.xtec.cat\/escola-santacaterina-vinyols\/?attachment_id=5075\" data-original-link=\"https:\/\/agora.xtec.cat\/escola-santacaterina-vinyols\/wp-content\/uploads\/usu964\/2026\/04\/baa8e486-2b5b-42e1-9c7b-000c3136fe14.jpg\" class=\"wp-block-getwid-images-slider__image wp-image-5075\" srcset=\"https:\/\/agora.xtec.cat\/escola-santacaterina-vinyols\/wp-content\/uploads\/usu964\/2026\/04\/baa8e486-2b5b-42e1-9c7b-000c3136fe14.jpg 1125w, https:\/\/agora.xtec.cat\/escola-santacaterina-vinyols\/wp-content\/uploads\/usu964\/2026\/04\/baa8e486-2b5b-42e1-9c7b-000c3136fe14-169x300.jpg 169w, https:\/\/agora.xtec.cat\/escola-santacaterina-vinyols\/wp-content\/uploads\/usu964\/2026\/04\/baa8e486-2b5b-42e1-9c7b-000c3136fe14-576x1024.jpg 576w, https:\/\/agora.xtec.cat\/escola-santacaterina-vinyols\/wp-content\/uploads\/usu964\/2026\/04\/baa8e486-2b5b-42e1-9c7b-000c3136fe14-768x1365.jpg 768w, https:\/\/agora.xtec.cat\/escola-santacaterina-vinyols\/wp-content\/uploads\/usu964\/2026\/04\/baa8e486-2b5b-42e1-9c7b-000c3136fe14-864x1536.jpg 864w\" sizes=\"auto, (max-width: 1125px) 100vw, 1125px\" \/><\/figure><\/div><div class=\"wp-block-getwid-images-slider__item\"><figure><img loading=\"lazy\" decoding=\"async\" width=\"1536\" height=\"2048\" src=\"https:\/\/agora.xtec.cat\/escola-santacaterina-vinyols\/wp-content\/uploads\/usu964\/2026\/04\/ee822bd5-b7eb-4982-ab18-1219146d5474.jpg\" data-id=\"5076\" data-link=\"https:\/\/agora.xtec.cat\/escola-santacaterina-vinyols\/?attachment_id=5076\" data-original-link=\"https:\/\/agora.xtec.cat\/escola-santacaterina-vinyols\/wp-content\/uploads\/usu964\/2026\/04\/ee822bd5-b7eb-4982-ab18-1219146d5474.jpg\" class=\"wp-block-getwid-images-slider__image wp-image-5076\" srcset=\"https:\/\/agora.xtec.cat\/escola-santacaterina-vinyols\/wp-content\/uploads\/usu964\/2026\/04\/ee822bd5-b7eb-4982-ab18-1219146d5474.jpg 1536w, https:\/\/agora.xtec.cat\/escola-santacaterina-vinyols\/wp-content\/uploads\/usu964\/2026\/04\/ee822bd5-b7eb-4982-ab18-1219146d5474-225x300.jpg 225w, https:\/\/agora.xtec.cat\/escola-santacaterina-vinyols\/wp-content\/uploads\/usu964\/2026\/04\/ee822bd5-b7eb-4982-ab18-1219146d5474-768x1024.jpg 768w, https:\/\/agora.xtec.cat\/escola-santacaterina-vinyols\/wp-content\/uploads\/usu964\/2026\/04\/ee822bd5-b7eb-4982-ab18-1219146d5474-1152x1536.jpg 1152w\" sizes=\"auto, (max-width: 1536px) 100vw, 1536px\" \/><\/figure><\/div><div class=\"wp-block-getwid-images-slider__item\"><figure><img loading=\"lazy\" decoding=\"async\" width=\"2040\" height=\"1530\" src=\"https:\/\/agora.xtec.cat\/escola-santacaterina-vinyols\/wp-content\/uploads\/usu964\/2026\/04\/fe44e5e8-e074-46e4-b07e-4fbcb2068ae9.jpg\" data-id=\"5088\" data-link=\"https:\/\/agora.xtec.cat\/escola-santacaterina-vinyols\/?attachment_id=5088\" data-original-link=\"https:\/\/agora.xtec.cat\/escola-santacaterina-vinyols\/wp-content\/uploads\/usu964\/2026\/04\/fe44e5e8-e074-46e4-b07e-4fbcb2068ae9.jpg\" class=\"wp-block-getwid-images-slider__image wp-image-5088\" srcset=\"https:\/\/agora.xtec.cat\/escola-santacaterina-vinyols\/wp-content\/uploads\/usu964\/2026\/04\/fe44e5e8-e074-46e4-b07e-4fbcb2068ae9.jpg 2040w, https:\/\/agora.xtec.cat\/escola-santacaterina-vinyols\/wp-content\/uploads\/usu964\/2026\/04\/fe44e5e8-e074-46e4-b07e-4fbcb2068ae9-300x225.jpg 300w, https:\/\/agora.xtec.cat\/escola-santacaterina-vinyols\/wp-content\/uploads\/usu964\/2026\/04\/fe44e5e8-e074-46e4-b07e-4fbcb2068ae9-1024x768.jpg 1024w, https:\/\/agora.xtec.cat\/escola-santacaterina-vinyols\/wp-content\/uploads\/usu964\/2026\/04\/fe44e5e8-e074-46e4-b07e-4fbcb2068ae9-768x576.jpg 768w, https:\/\/agora.xtec.cat\/escola-santacaterina-vinyols\/wp-content\/uploads\/usu964\/2026\/04\/fe44e5e8-e074-46e4-b07e-4fbcb2068ae9-1536x1152.jpg 1536w\" sizes=\"auto, (max-width: 2040px) 100vw, 2040px\" \/><\/figure><\/div><div class=\"wp-block-getwid-images-slider__item\"><figure><img loading=\"lazy\" decoding=\"async\" width=\"1920\" height=\"2560\" src=\"https:\/\/agora.xtec.cat\/escola-santacaterina-vinyols\/wp-content\/uploads\/usu964\/2026\/04\/IMG_6169-2-scaled.jpg\" data-id=\"5081\" data-link=\"https:\/\/agora.xtec.cat\/escola-santacaterina-vinyols\/?attachment_id=5081\" data-original-link=\"https:\/\/agora.xtec.cat\/escola-santacaterina-vinyols\/wp-content\/uploads\/usu964\/2026\/04\/IMG_6169-2-scaled.jpg\" class=\"wp-block-getwid-images-slider__image wp-image-5081\" srcset=\"https:\/\/agora.xtec.cat\/escola-santacaterina-vinyols\/wp-content\/uploads\/usu964\/2026\/04\/IMG_6169-2-scaled.jpg 1920w, https:\/\/agora.xtec.cat\/escola-santacaterina-vinyols\/wp-content\/uploads\/usu964\/2026\/04\/IMG_6169-2-225x300.jpg 225w, https:\/\/agora.xtec.cat\/escola-santacaterina-vinyols\/wp-content\/uploads\/usu964\/2026\/04\/IMG_6169-2-768x1024.jpg 768w, https:\/\/agora.xtec.cat\/escola-santacaterina-vinyols\/wp-content\/uploads\/usu964\/2026\/04\/IMG_6169-2-1152x1536.jpg 1152w, https:\/\/agora.xtec.cat\/escola-santacaterina-vinyols\/wp-content\/uploads\/usu964\/2026\/04\/IMG_6169-2-1536x2048.jpg 1536w\" sizes=\"auto, (max-width: 1920px) 100vw, 1920px\" \/><\/figure><\/div><div class=\"wp-block-getwid-images-slider__item\"><figure><img loading=\"lazy\" decoding=\"async\" width=\"1920\" height=\"2560\" src=\"https:\/\/agora.xtec.cat\/escola-santacaterina-vinyols\/wp-content\/uploads\/usu964\/2026\/04\/IMG_6179-scaled.jpg\" data-id=\"5083\" data-link=\"https:\/\/agora.xtec.cat\/escola-santacaterina-vinyols\/?attachment_id=5083\" data-original-link=\"https:\/\/agora.xtec.cat\/escola-santacaterina-vinyols\/wp-content\/uploads\/usu964\/2026\/04\/IMG_6179-scaled.jpg\" class=\"wp-block-getwid-images-slider__image wp-image-5083\" srcset=\"https:\/\/agora.xtec.cat\/escola-santacaterina-vinyols\/wp-content\/uploads\/usu964\/2026\/04\/IMG_6179-scaled.jpg 1920w, https:\/\/agora.xtec.cat\/escola-santacaterina-vinyols\/wp-content\/uploads\/usu964\/2026\/04\/IMG_6179-225x300.jpg 225w, https:\/\/agora.xtec.cat\/escola-santacaterina-vinyols\/wp-content\/uploads\/usu964\/2026\/04\/IMG_6179-768x1024.jpg 768w, https:\/\/agora.xtec.cat\/escola-santacaterina-vinyols\/wp-content\/uploads\/usu964\/2026\/04\/IMG_6179-1152x1536.jpg 1152w, https:\/\/agora.xtec.cat\/escola-santacaterina-vinyols\/wp-content\/uploads\/usu964\/2026\/04\/IMG_6179-1536x2048.jpg 1536w\" sizes=\"auto, (max-width: 1920px) 100vw, 1920px\" \/><\/figure><\/div><div class=\"wp-block-getwid-images-slider__item\"><figure><img loading=\"lazy\" decoding=\"async\" width=\"1920\" height=\"2560\" src=\"https:\/\/agora.xtec.cat\/escola-santacaterina-vinyols\/wp-content\/uploads\/usu964\/2026\/04\/IMG_6189-scaled.jpg\" data-id=\"5082\" data-link=\"https:\/\/agora.xtec.cat\/escola-santacaterina-vinyols\/?attachment_id=5082\" data-original-link=\"https:\/\/agora.xtec.cat\/escola-santacaterina-vinyols\/wp-content\/uploads\/usu964\/2026\/04\/IMG_6189-scaled.jpg\" class=\"wp-block-getwid-images-slider__image wp-image-5082\" srcset=\"https:\/\/agora.xtec.cat\/escola-santacaterina-vinyols\/wp-content\/uploads\/usu964\/2026\/04\/IMG_6189-scaled.jpg 1920w, https:\/\/agora.xtec.cat\/escola-santacaterina-vinyols\/wp-content\/uploads\/usu964\/2026\/04\/IMG_6189-225x300.jpg 225w, https:\/\/agora.xtec.cat\/escola-santacaterina-vinyols\/wp-content\/uploads\/usu964\/2026\/04\/IMG_6189-768x1024.jpg 768w, https:\/\/agora.xtec.cat\/escola-santacaterina-vinyols\/wp-content\/uploads\/usu964\/2026\/04\/IMG_6189-1152x1536.jpg 1152w, https:\/\/agora.xtec.cat\/escola-santacaterina-vinyols\/wp-content\/uploads\/usu964\/2026\/04\/IMG_6189-1536x2048.jpg 1536w\" sizes=\"auto, (max-width: 1920px) 100vw, 1920px\" \/><\/figure><\/div><div class=\"wp-block-getwid-images-slider__item\"><figure><img loading=\"lazy\" decoding=\"async\" width=\"1920\" height=\"2560\" src=\"https:\/\/agora.xtec.cat\/escola-santacaterina-vinyols\/wp-content\/uploads\/usu964\/2026\/04\/IMG_6191-scaled.jpg\" data-id=\"5085\" data-link=\"https:\/\/agora.xtec.cat\/escola-santacaterina-vinyols\/?attachment_id=5085\" data-original-link=\"https:\/\/agora.xtec.cat\/escola-santacaterina-vinyols\/wp-content\/uploads\/usu964\/2026\/04\/IMG_6191-scaled.jpg\" class=\"wp-block-getwid-images-slider__image wp-image-5085\" srcset=\"https:\/\/agora.xtec.cat\/escola-santacaterina-vinyols\/wp-content\/uploads\/usu964\/2026\/04\/IMG_6191-scaled.jpg 1920w, https:\/\/agora.xtec.cat\/escola-santacaterina-vinyols\/wp-content\/uploads\/usu964\/2026\/04\/IMG_6191-225x300.jpg 225w, https:\/\/agora.xtec.cat\/escola-santacaterina-vinyols\/wp-content\/uploads\/usu964\/2026\/04\/IMG_6191-768x1024.jpg 768w, https:\/\/agora.xtec.cat\/escola-santacaterina-vinyols\/wp-content\/uploads\/usu964\/2026\/04\/IMG_6191-1152x1536.jpg 1152w, https:\/\/agora.xtec.cat\/escola-santacaterina-vinyols\/wp-content\/uploads\/usu964\/2026\/04\/IMG_6191-1536x2048.jpg 1536w\" sizes=\"auto, (max-width: 1920px) 100vw, 1920px\" \/><\/figure><\/div><div class=\"wp-block-getwid-images-slider__item\"><figure><img loading=\"lazy\" decoding=\"async\" width=\"1920\" height=\"2560\" src=\"https:\/\/agora.xtec.cat\/escola-santacaterina-vinyols\/wp-content\/uploads\/usu964\/2026\/04\/IMG_6197-scaled.jpg\" data-id=\"5084\" data-link=\"https:\/\/agora.xtec.cat\/escola-santacaterina-vinyols\/?attachment_id=5084\" data-original-link=\"https:\/\/agora.xtec.cat\/escola-santacaterina-vinyols\/wp-content\/uploads\/usu964\/2026\/04\/IMG_6197-scaled.jpg\" class=\"wp-block-getwid-images-slider__image wp-image-5084\" srcset=\"https:\/\/agora.xtec.cat\/escola-santacaterina-vinyols\/wp-content\/uploads\/usu964\/2026\/04\/IMG_6197-scaled.jpg 1920w, https:\/\/agora.xtec.cat\/escola-santacaterina-vinyols\/wp-content\/uploads\/usu964\/2026\/04\/IMG_6197-225x300.jpg 225w, https:\/\/agora.xtec.cat\/escola-santacaterina-vinyols\/wp-content\/uploads\/usu964\/2026\/04\/IMG_6197-768x1024.jpg 768w, https:\/\/agora.xtec.cat\/escola-santacaterina-vinyols\/wp-content\/uploads\/usu964\/2026\/04\/IMG_6197-1152x1536.jpg 1152w, https:\/\/agora.xtec.cat\/escola-santacaterina-vinyols\/wp-content\/uploads\/usu964\/2026\/04\/IMG_6197-1536x2048.jpg 1536w\" sizes=\"auto, (max-width: 1920px) 100vw, 1920px\" \/><\/figure><\/div><div class=\"wp-block-getwid-images-slider__item\"><figure><img loading=\"lazy\" decoding=\"async\" width=\"1920\" height=\"2560\" src=\"https:\/\/agora.xtec.cat\/escola-santacaterina-vinyols\/wp-content\/uploads\/usu964\/2026\/04\/IMG_9259-scaled.jpg\" data-id=\"5086\" data-link=\"https:\/\/agora.xtec.cat\/escola-santacaterina-vinyols\/?attachment_id=5086\" data-original-link=\"https:\/\/agora.xtec.cat\/escola-santacaterina-vinyols\/wp-content\/uploads\/usu964\/2026\/04\/IMG_9259-scaled.jpg\" class=\"wp-block-getwid-images-slider__image wp-image-5086\" srcset=\"https:\/\/agora.xtec.cat\/escola-santacaterina-vinyols\/wp-content\/uploads\/usu964\/2026\/04\/IMG_9259-scaled.jpg 1920w, https:\/\/agora.xtec.cat\/escola-santacaterina-vinyols\/wp-content\/uploads\/usu964\/2026\/04\/IMG_9259-225x300.jpg 225w, https:\/\/agora.xtec.cat\/escola-santacaterina-vinyols\/wp-content\/uploads\/usu964\/2026\/04\/IMG_9259-768x1024.jpg 768w, https:\/\/agora.xtec.cat\/escola-santacaterina-vinyols\/wp-content\/uploads\/usu964\/2026\/04\/IMG_9259-1152x1536.jpg 1152w, https:\/\/agora.xtec.cat\/escola-santacaterina-vinyols\/wp-content\/uploads\/usu964\/2026\/04\/IMG_9259-1536x2048.jpg 1536w\" sizes=\"auto, (max-width: 1920px) 100vw, 1920px\" \/><\/figure><\/div><\/div><\/div>\n\n\n\n<p><\/p>\n","protected":false},"excerpt":{"rendered":"<p>Aquest dijous dia 23 d\u2019abril va ser Sant Jordi.&nbsp; Ens ho vam passar molt b\u00e9 perqu\u00e8 vam fer moltes activitats i tallers diferents durant tot el mat\u00ed. Ens vam organitzar amb grups de nens i nenes des d\u2019I3 fins a 6\u00e8.&nbsp; Els tallers van ser: jugar al bingo cater\u00ed, pintar una tassa, fer una xapa, [&hellip;]<\/p>\n","protected":false},"author":1,"featured_media":5087,"comment_status":"open","ping_status":"open","sticky":false,"template":"","format":"standard","meta":{"_bbp_topic_count":0,"_bbp_reply_count":0,"_bbp_total_topic_count":0,"_bbp_total_reply_count":0,"_bbp_voice_count":0,"_bbp_anonymous_reply_count":0,"_bbp_topic_count_hidden":0,"_bbp_reply_count_hidden":0,"_bbp_forum_subforum_count":0,"site-sidebar-layout":"default","site-content-layout":"","ast-site-content-layout":"default","site-content-style":"default","site-sidebar-style":"default","ast-global-header-display":"","ast-banner-title-visibility":"","ast-main-header-display":"","ast-hfb-above-header-display":"","ast-hfb-below-header-display":"","ast-hfb-mobile-header-display":"","site-post-title":"","ast-breadcrumbs-content":"","ast-featured-img":"","footer-sml-layout":"","theme-transparent-header-meta":"","adv-header-id-meta":"","stick-header-meta":"","header-above-stick-meta":"","header-main-stick-meta":"","header-below-stick-meta":"","astra-migrate-meta-layouts":"set","ast-page-background-enabled":"default","ast-page-background-meta":{"desktop":{"background-color":"var(--ast-global-color-4)","background-image":"","background-repeat":"repeat","background-position":"center center","background-size":"auto","background-attachment":"scroll","background-type":"","background-media":"","overlay-type":"","overlay-color":"","overlay-opacity":"","overlay-gradient":""},"tablet":{"background-color":"","background-image":"","background-repeat":"repeat","background-position":"center center","background-size":"auto","background-attachment":"scroll","background-type":"","background-media":"","overlay-type":"","overlay-color":"","overlay-opacity":"","overlay-gradient":""},"mobile":{"background-color":"","background-image":"","background-repeat":"repeat","background-position":"center center","background-size":"auto","background-attachment":"scroll","background-type":"","background-media":"","overlay-type":"","overlay-color":"","overlay-opacity":"","overlay-gradient":""}},"ast-content-background-meta":{"desktop":{"background-color":"var(--ast-global-color-5)","background-image":"","background-repeat":"repeat","background-position":"center center","background-size":"auto","background-attachment":"scroll","background-type":"","background-media":"","overlay-type":"","overlay-color":"","overlay-opacity":"","overlay-gradient":""},"tablet":{"background-color":"var(--ast-global-color-5)","background-image":"","background-repeat":"repeat","background-position":"center center","background-size":"auto","background-attachment":"scroll","background-type":"","background-media":"","overlay-type":"","overlay-color":"","overlay-opacity":"","overlay-gradient":""},"mobile":{"background-color":"var(--ast-global-color-5)","background-image":"","background-repeat":"repeat","background-position":"center center","background-size":"auto","background-attachment":"scroll","background-type":"","background-media":"","overlay-type":"","overlay-color":"","overlay-opacity":"","overlay-gradient":""}},"footnotes":""},"categories":[177,176,175,5,66,1,174,173,55,172,4],"tags":[],"class_list":["post-5072","post","type-post","status-publish","format-standard","has-post-thumbnail","hentry","category-comunitat-de-grans","category-comunitat-de-mitjans","category-comunitat-de-petits","category-e-primaria","category-e-infantil","category-general","category-grans","category-mitjans","category-musica","category-petits","category-portada"],"post_mailing_queue_ids":[],"_links":{"self":[{"href":"https:\/\/agora.xtec.cat\/escola-santacaterina-vinyols\/wp-json\/wp\/v2\/posts\/5072","targetHints":{"allow":["GET"]}}],"collection":[{"href":"https:\/\/agora.xtec.cat\/escola-santacaterina-vinyols\/wp-json\/wp\/v2\/posts"}],"about":[{"href":"https:\/\/agora.xtec.cat\/escola-santacaterina-vinyols\/wp-json\/wp\/v2\/types\/post"}],"author":[{"embeddable":true,"href":"https:\/\/agora.xtec.cat\/escola-santacaterina-vinyols\/wp-json\/wp\/v2\/users\/1"}],"replies":[{"embeddable":true,"href":"https:\/\/agora.xtec.cat\/escola-santacaterina-vinyols\/wp-json\/wp\/v2\/comments?post=5072"}],"version-history":[{"count":1,"href":"https:\/\/agora.xtec.cat\/escola-santacaterina-vinyols\/wp-json\/wp\/v2\/posts\/5072\/revisions"}],"predecessor-version":[{"id":5089,"href":"https:\/\/agora.xtec.cat\/escola-santacaterina-vinyols\/wp-json\/wp\/v2\/posts\/5072\/revisions\/5089"}],"wp:featuredmedia":[{"embeddable":true,"href":"https:\/\/agora.xtec.cat\/escola-santacaterina-vinyols\/wp-json\/wp\/v2\/media\/5087"}],"wp:attachment":[{"href":"https:\/\/agora.xtec.cat\/escola-santacaterina-vinyols\/wp-json\/wp\/v2\/media?parent=5072"}],"wp:term":[{"taxonomy":"category","embeddable":true,"href":"https:\/\/agora.xtec.cat\/escola-santacaterina-vinyols\/wp-json\/wp\/v2\/categories?post=5072"},{"taxonomy":"post_tag","embeddable":true,"href":"https:\/\/agora.xtec.cat\/escola-santacaterina-vinyols\/wp-json\/wp\/v2\/tags?post=5072"}],"curies":[{"name":"wp","href":"https:\/\/api.w.org\/{rel}","templated":true}]}}