{"id":4877,"date":"2025-10-07T22:57:57","date_gmt":"2025-10-07T20:57:57","guid":{"rendered":"https:\/\/agora.xtec.cat\/escola-santacaterina-vinyols\/?p=4877"},"modified":"2025-10-07T22:57:57","modified_gmt":"2025-10-07T20:57:57","slug":"samfaina-de-proximitat","status":"publish","type":"post","link":"https:\/\/agora.xtec.cat\/escola-santacaterina-vinyols\/general\/samfaina-de-proximitat\/","title":{"rendered":"SAMFAINA DE PROXIMITAT"},"content":{"rendered":"<p>El dimecres 24 de setembre va venir a l&#8217;escola la Dolores Nolla qui ens va explicar com es fa la samfaina, perqu\u00e8 ella \u00e9s la guanyadora de l\u2019\u00faltim concurs de samfaina de Vinyols.<\/p>\n<p>Vam utilitzar diferents ingredients: pebrot, tom\u00e0quet, carbass\u00f3, alberg\u00ednia i ceba, tamb\u00e9 oli i sal. Aquestes verdures les vam comprar el dia abans a la parada del mercat del poble. Quan vam arribar, la classe de 4t van fer una entrevista a les venedores amb preguntes sobre la proximitat dels aliments, que \u00e9s el que estem treballant a l\u2019escola.<\/p>\n<p>A l\u2019aula de 4t ens vam ajuntar l&#8217;alumnat de 3r i 4t i vam preparar la samfaina, seguint les indicacions de la Dolores. Mentre alguns alumnes trossejaven les verdures, uns altres li f\u00e8iem una entrevista.<\/p>\n<p>Quan vam tenir feta la samfaina ens la vam menjar acompanyada d\u2019una torrada de pa. A alguns nens i nenes ens va agradar tant que vam repetir dues i, fins i tot, tres\u00a0 vegades! Que bona!<\/p>\n<p>Ens ho vam passar molt b\u00e9 i ens van venir moltes ganes de tornar a cuinar. Gr\u00e0cies Dolores!<\/p>\n<p><i>Classe de 3r, Els bitxos<\/i><\/p>\n<p><i><img loading=\"lazy\" decoding=\"async\" class=\"aligncenter size-large wp-image-4878\" src=\"https:\/\/agora.xtec.cat\/escola-santacaterina-vinyols\/wp-content\/uploads\/usu964\/2025\/10\/IMG_0835-2-768x1024.jpg\" alt=\"\" width=\"768\" height=\"1024\" srcset=\"https:\/\/agora.xtec.cat\/escola-santacaterina-vinyols\/wp-content\/uploads\/usu964\/2025\/10\/IMG_0835-2-768x1024.jpg 768w, https:\/\/agora.xtec.cat\/escola-santacaterina-vinyols\/wp-content\/uploads\/usu964\/2025\/10\/IMG_0835-2-225x300.jpg 225w, https:\/\/agora.xtec.cat\/escola-santacaterina-vinyols\/wp-content\/uploads\/usu964\/2025\/10\/IMG_0835-2-1152x1536.jpg 1152w, https:\/\/agora.xtec.cat\/escola-santacaterina-vinyols\/wp-content\/uploads\/usu964\/2025\/10\/IMG_0835-2-1536x2048.jpg 1536w, https:\/\/agora.xtec.cat\/escola-santacaterina-vinyols\/wp-content\/uploads\/usu964\/2025\/10\/IMG_0835-2-scaled.jpg 1920w\" sizes=\"auto, (max-width: 768px) 100vw, 768px\" \/> <img loading=\"lazy\" decoding=\"async\" class=\"aligncenter size-large wp-image-4879\" src=\"https:\/\/agora.xtec.cat\/escola-santacaterina-vinyols\/wp-content\/uploads\/usu964\/2025\/10\/WhatsApp-Image-2025-09-30-at-15.53.20-604x1024.jpeg\" alt=\"\" width=\"604\" height=\"1024\" srcset=\"https:\/\/agora.xtec.cat\/escola-santacaterina-vinyols\/wp-content\/uploads\/usu964\/2025\/10\/WhatsApp-Image-2025-09-30-at-15.53.20-604x1024.jpeg 604w, https:\/\/agora.xtec.cat\/escola-santacaterina-vinyols\/wp-content\/uploads\/usu964\/2025\/10\/WhatsApp-Image-2025-09-30-at-15.53.20-177x300.jpeg 177w, https:\/\/agora.xtec.cat\/escola-santacaterina-vinyols\/wp-content\/uploads\/usu964\/2025\/10\/WhatsApp-Image-2025-09-30-at-15.53.20-768x1301.jpeg 768w, https:\/\/agora.xtec.cat\/escola-santacaterina-vinyols\/wp-content\/uploads\/usu964\/2025\/10\/WhatsApp-Image-2025-09-30-at-15.53.20-906x1536.jpeg 906w, https:\/\/agora.xtec.cat\/escola-santacaterina-vinyols\/wp-content\/uploads\/usu964\/2025\/10\/WhatsApp-Image-2025-09-30-at-15.53.20.jpeg 1123w\" sizes=\"auto, (max-width: 604px) 100vw, 604px\" \/> <img loading=\"lazy\" decoding=\"async\" class=\"aligncenter size-large wp-image-4880\" src=\"https:\/\/agora.xtec.cat\/escola-santacaterina-vinyols\/wp-content\/uploads\/usu964\/2025\/10\/WhatsApp-Image-2025-09-30-at-15.54.10-605x1024.jpeg\" alt=\"\" width=\"605\" height=\"1024\" srcset=\"https:\/\/agora.xtec.cat\/escola-santacaterina-vinyols\/wp-content\/uploads\/usu964\/2025\/10\/WhatsApp-Image-2025-09-30-at-15.54.10-605x1024.jpeg 605w, https:\/\/agora.xtec.cat\/escola-santacaterina-vinyols\/wp-content\/uploads\/usu964\/2025\/10\/WhatsApp-Image-2025-09-30-at-15.54.10-177x300.jpeg 177w, https:\/\/agora.xtec.cat\/escola-santacaterina-vinyols\/wp-content\/uploads\/usu964\/2025\/10\/WhatsApp-Image-2025-09-30-at-15.54.10-768x1301.jpeg 768w, https:\/\/agora.xtec.cat\/escola-santacaterina-vinyols\/wp-content\/uploads\/usu964\/2025\/10\/WhatsApp-Image-2025-09-30-at-15.54.10-907x1536.jpeg 907w, https:\/\/agora.xtec.cat\/escola-santacaterina-vinyols\/wp-content\/uploads\/usu964\/2025\/10\/WhatsApp-Image-2025-09-30-at-15.54.10.jpeg 1122w\" sizes=\"auto, (max-width: 605px) 100vw, 605px\" \/> <img loading=\"lazy\" decoding=\"async\" class=\"aligncenter size-large wp-image-4881\" src=\"https:\/\/agora.xtec.cat\/escola-santacaterina-vinyols\/wp-content\/uploads\/usu964\/2025\/10\/WhatsApp-Image-2025-09-30-at-15.54.41-629x1024.jpeg\" alt=\"\" width=\"629\" height=\"1024\" srcset=\"https:\/\/agora.xtec.cat\/escola-santacaterina-vinyols\/wp-content\/uploads\/usu964\/2025\/10\/WhatsApp-Image-2025-09-30-at-15.54.41-629x1024.jpeg 629w, https:\/\/agora.xtec.cat\/escola-santacaterina-vinyols\/wp-content\/uploads\/usu964\/2025\/10\/WhatsApp-Image-2025-09-30-at-15.54.41-184x300.jpeg 184w, https:\/\/agora.xtec.cat\/escola-santacaterina-vinyols\/wp-content\/uploads\/usu964\/2025\/10\/WhatsApp-Image-2025-09-30-at-15.54.41-768x1249.jpeg 768w, https:\/\/agora.xtec.cat\/escola-santacaterina-vinyols\/wp-content\/uploads\/usu964\/2025\/10\/WhatsApp-Image-2025-09-30-at-15.54.41-944x1536.jpeg 944w, https:\/\/agora.xtec.cat\/escola-santacaterina-vinyols\/wp-content\/uploads\/usu964\/2025\/10\/WhatsApp-Image-2025-09-30-at-15.54.41.jpeg 1104w\" sizes=\"auto, (max-width: 629px) 100vw, 629px\" \/> <img loading=\"lazy\" decoding=\"async\" class=\"aligncenter size-large wp-image-4882\" src=\"https:\/\/agora.xtec.cat\/escola-santacaterina-vinyols\/wp-content\/uploads\/usu964\/2025\/10\/WhatsApp-Image-2025-09-30-at-16.04.04-1024x536.jpeg\" alt=\"\" width=\"1024\" height=\"536\" srcset=\"https:\/\/agora.xtec.cat\/escola-santacaterina-vinyols\/wp-content\/uploads\/usu964\/2025\/10\/WhatsApp-Image-2025-09-30-at-16.04.04-1024x536.jpeg 1024w, https:\/\/agora.xtec.cat\/escola-santacaterina-vinyols\/wp-content\/uploads\/usu964\/2025\/10\/WhatsApp-Image-2025-09-30-at-16.04.04-300x157.jpeg 300w, https:\/\/agora.xtec.cat\/escola-santacaterina-vinyols\/wp-content\/uploads\/usu964\/2025\/10\/WhatsApp-Image-2025-09-30-at-16.04.04-768x402.jpeg 768w, https:\/\/agora.xtec.cat\/escola-santacaterina-vinyols\/wp-content\/uploads\/usu964\/2025\/10\/WhatsApp-Image-2025-09-30-at-16.04.04-1536x804.jpeg 1536w, https:\/\/agora.xtec.cat\/escola-santacaterina-vinyols\/wp-content\/uploads\/usu964\/2025\/10\/WhatsApp-Image-2025-09-30-at-16.04.04.jpeg 1990w\" sizes=\"auto, (max-width: 1024px) 100vw, 1024px\" \/><\/i><\/p>\n","protected":false},"excerpt":{"rendered":"<p>El dimecres 24 de setembre va venir a l&#8217;escola la Dolores Nolla qui ens va explicar com es fa la samfaina, perqu\u00e8 ella \u00e9s la guanyadora de l\u2019\u00faltim concurs de samfaina de Vinyols. Vam utilitzar diferents ingredients: pebrot, tom\u00e0quet, carbass\u00f3, alberg\u00ednia i ceba, tamb\u00e9 oli i sal. Aquestes verdures les vam comprar el dia abans [&hellip;]<\/p>\n","protected":false},"author":1,"featured_media":4878,"comment_status":"closed","ping_status":"closed","sticky":false,"template":"","format":"standard","meta":{"_bbp_topic_count":0,"_bbp_reply_count":0,"_bbp_total_topic_count":0,"_bbp_total_reply_count":0,"_bbp_voice_count":0,"_bbp_anonymous_reply_count":0,"_bbp_topic_count_hidden":0,"_bbp_reply_count_hidden":0,"_bbp_forum_subforum_count":0,"site-sidebar-layout":"default","site-content-layout":"","ast-site-content-layout":"","site-content-style":"default","site-sidebar-style":"default","ast-global-header-display":"","ast-banner-title-visibility":"","ast-main-header-display":"","ast-hfb-above-header-display":"","ast-hfb-below-header-display":"","ast-hfb-mobile-header-display":"","site-post-title":"","ast-breadcrumbs-content":"","ast-featured-img":"","footer-sml-layout":"","theme-transparent-header-meta":"","adv-header-id-meta":"","stick-header-meta":"","header-above-stick-meta":"","header-main-stick-meta":"","header-below-stick-meta":"","astra-migrate-meta-layouts":"default","ast-page-background-enabled":"default","ast-page-background-meta":{"desktop":{"background-color":"var(--ast-global-color-4)","background-image":"","background-repeat":"repeat","background-position":"center center","background-size":"auto","background-attachment":"scroll","background-type":"","background-media":"","overlay-type":"","overlay-color":"","overlay-opacity":"","overlay-gradient":""},"tablet":{"background-color":"","background-image":"","background-repeat":"repeat","background-position":"center center","background-size":"auto","background-attachment":"scroll","background-type":"","background-media":"","overlay-type":"","overlay-color":"","overlay-opacity":"","overlay-gradient":""},"mobile":{"background-color":"","background-image":"","background-repeat":"repeat","background-position":"center center","background-size":"auto","background-attachment":"scroll","background-type":"","background-media":"","overlay-type":"","overlay-color":"","overlay-opacity":"","overlay-gradient":""}},"ast-content-background-meta":{"desktop":{"background-color":"var(--ast-global-color-5)","background-image":"","background-repeat":"repeat","background-position":"center center","background-size":"auto","background-attachment":"scroll","background-type":"","background-media":"","overlay-type":"","overlay-color":"","overlay-opacity":"","overlay-gradient":""},"tablet":{"background-color":"var(--ast-global-color-5)","background-image":"","background-repeat":"repeat","background-position":"center center","background-size":"auto","background-attachment":"scroll","background-type":"","background-media":"","overlay-type":"","overlay-color":"","overlay-opacity":"","overlay-gradient":""},"mobile":{"background-color":"var(--ast-global-color-5)","background-image":"","background-repeat":"repeat","background-position":"center center","background-size":"auto","background-attachment":"scroll","background-type":"","background-media":"","overlay-type":"","overlay-color":"","overlay-opacity":"","overlay-gradient":""}},"footnotes":""},"categories":[177,176,5,1,174,173],"tags":[],"class_list":["post-4877","post","type-post","status-publish","format-standard","has-post-thumbnail","hentry","category-comunitat-de-grans","category-comunitat-de-mitjans","category-e-primaria","category-general","category-grans","category-mitjans"],"post_mailing_queue_ids":[],"_links":{"self":[{"href":"https:\/\/agora.xtec.cat\/escola-santacaterina-vinyols\/wp-json\/wp\/v2\/posts\/4877","targetHints":{"allow":["GET"]}}],"collection":[{"href":"https:\/\/agora.xtec.cat\/escola-santacaterina-vinyols\/wp-json\/wp\/v2\/posts"}],"about":[{"href":"https:\/\/agora.xtec.cat\/escola-santacaterina-vinyols\/wp-json\/wp\/v2\/types\/post"}],"author":[{"embeddable":true,"href":"https:\/\/agora.xtec.cat\/escola-santacaterina-vinyols\/wp-json\/wp\/v2\/users\/1"}],"replies":[{"embeddable":true,"href":"https:\/\/agora.xtec.cat\/escola-santacaterina-vinyols\/wp-json\/wp\/v2\/comments?post=4877"}],"version-history":[{"count":1,"href":"https:\/\/agora.xtec.cat\/escola-santacaterina-vinyols\/wp-json\/wp\/v2\/posts\/4877\/revisions"}],"predecessor-version":[{"id":4883,"href":"https:\/\/agora.xtec.cat\/escola-santacaterina-vinyols\/wp-json\/wp\/v2\/posts\/4877\/revisions\/4883"}],"wp:featuredmedia":[{"embeddable":true,"href":"https:\/\/agora.xtec.cat\/escola-santacaterina-vinyols\/wp-json\/wp\/v2\/media\/4878"}],"wp:attachment":[{"href":"https:\/\/agora.xtec.cat\/escola-santacaterina-vinyols\/wp-json\/wp\/v2\/media?parent=4877"}],"wp:term":[{"taxonomy":"category","embeddable":true,"href":"https:\/\/agora.xtec.cat\/escola-santacaterina-vinyols\/wp-json\/wp\/v2\/categories?post=4877"},{"taxonomy":"post_tag","embeddable":true,"href":"https:\/\/agora.xtec.cat\/escola-santacaterina-vinyols\/wp-json\/wp\/v2\/tags?post=4877"}],"curies":[{"name":"wp","href":"https:\/\/api.w.org\/{rel}","templated":true}]}}