{"id":4729,"date":"2025-02-24T17:49:09","date_gmt":"2025-02-24T16:49:09","guid":{"rendered":"https:\/\/agora.xtec.cat\/escola-santacaterina-vinyols\/?p=4729"},"modified":"2025-03-09T17:58:01","modified_gmt":"2025-03-09T16:58:01","slug":"visca-la-historia","status":"publish","type":"post","link":"https:\/\/agora.xtec.cat\/escola-santacaterina-vinyols\/general\/visca-la-historia\/","title":{"rendered":"VISCA LA HIST\u00d2RIA"},"content":{"rendered":"<p>El passat dia 21 de febrer a la tarda la comunitat de grans vam fer la presentaci\u00f3 del projecte de la hist\u00f2ria d&#8217;aquest segon trimestre.<\/p>\n<p>A la classe de 4t, els Cat\u00e0ritas, vam presentar la prehist\u00f2ria. A la classe de 5\u00e8, Les neurones, van presentar l\u2019Edat Antiga i Mitjana. A la classe de 6\u00e8, Els gats de carrer, van presentar l\u2019Edat Moderna i Contempor\u00e0nia.<\/p>\n<p>Aquest any ho hem fet diferent d\u2019altres anys, ho hem fet separats per classes, en comptes de fer-ho els tres cursos barrejats.<\/p>\n<p>Els Cat\u00e0ritas vam rebre les fam\u00edlies amb una dansa de percussi\u00f3 corporal, tot seguit vam convidar-los a qu\u00e8 ho fessin amb nosaltres. Despr\u00e9s vam explicar-los tot el que hav\u00edem apr\u00e8s de la prehist\u00f2ria i, per acabar, vam fer un taller d\u2019ornaments de cer\u00e0mica juntament amb ells. Ens va encantar i ens van quedar unes joies precioses!<\/p>\n<p>Les Neurones van comen\u00e7ar amb l\u2019explicaci\u00f3, despr\u00e9s van continuar amb un taller d&#8217;escriptura de jerogl\u00edfics utilitzant papir i retoladors i van acabar ballant una dansa medieval tots junts.<\/p>\n<p>Els Gats de Carrer van fer la presentaci\u00f3, a continuaci\u00f3 van ballar moltes danses per parelles, una per a cada d\u00e8cada del segle passat i, per finalitzar, van fer un taller d\u2019impremta, utilitzant materials reciclats i pintura.<\/p>\n<p>A m\u00e9s a m\u00e9s, tots an\u00e0vem vestits de l\u2019\u00e8poca que hav\u00edem treballat, aix\u00f2 ens va ajudar a ambientar i representar-ho millor.<\/p>\n<p>Per concloure, podem dir que tot va ser genial i va sortir d\u2019all\u00f2 m\u00e9s b\u00e9! Vam gaudir molt d\u2019aquesta tarda en fam\u00edlia. Gr\u00e0cies a tots i totes per venir! I VISCA LA HIST\u00d2RIA!<\/p>\n<p><b><i>Els Cat\u00e0ritas<\/i><\/b><\/p>\n<p><b><i><img loading=\"lazy\" decoding=\"async\" class=\"aligncenter size-large wp-image-4730\" src=\"https:\/\/agora.xtec.cat\/escola-santacaterina-vinyols\/wp-content\/uploads\/usu964\/2025\/03\/IMG_9862-768x1024.jpg\" alt=\"\" width=\"768\" height=\"1024\" srcset=\"https:\/\/agora.xtec.cat\/escola-santacaterina-vinyols\/wp-content\/uploads\/usu964\/2025\/03\/IMG_9862-768x1024.jpg 768w, https:\/\/agora.xtec.cat\/escola-santacaterina-vinyols\/wp-content\/uploads\/usu964\/2025\/03\/IMG_9862-225x300.jpg 225w, https:\/\/agora.xtec.cat\/escola-santacaterina-vinyols\/wp-content\/uploads\/usu964\/2025\/03\/IMG_9862-1152x1536.jpg 1152w, https:\/\/agora.xtec.cat\/escola-santacaterina-vinyols\/wp-content\/uploads\/usu964\/2025\/03\/IMG_9862-1536x2048.jpg 1536w, https:\/\/agora.xtec.cat\/escola-santacaterina-vinyols\/wp-content\/uploads\/usu964\/2025\/03\/IMG_9862-scaled.jpg 1920w\" sizes=\"auto, (max-width: 768px) 100vw, 768px\" \/> <img loading=\"lazy\" decoding=\"async\" class=\"aligncenter size-large wp-image-4731\" src=\"https:\/\/agora.xtec.cat\/escola-santacaterina-vinyols\/wp-content\/uploads\/usu964\/2025\/03\/IMG_20250221_154632-1024x578.jpg\" alt=\"\" width=\"1024\" height=\"578\" srcset=\"https:\/\/agora.xtec.cat\/escola-santacaterina-vinyols\/wp-content\/uploads\/usu964\/2025\/03\/IMG_20250221_154632-1024x578.jpg 1024w, https:\/\/agora.xtec.cat\/escola-santacaterina-vinyols\/wp-content\/uploads\/usu964\/2025\/03\/IMG_20250221_154632-300x169.jpg 300w, https:\/\/agora.xtec.cat\/escola-santacaterina-vinyols\/wp-content\/uploads\/usu964\/2025\/03\/IMG_20250221_154632-768x433.jpg 768w, https:\/\/agora.xtec.cat\/escola-santacaterina-vinyols\/wp-content\/uploads\/usu964\/2025\/03\/IMG_20250221_154632-1536x866.jpg 1536w, https:\/\/agora.xtec.cat\/escola-santacaterina-vinyols\/wp-content\/uploads\/usu964\/2025\/03\/IMG_20250221_154632-2048x1155.jpg 2048w\" sizes=\"auto, (max-width: 1024px) 100vw, 1024px\" \/> <img loading=\"lazy\" decoding=\"async\" class=\"aligncenter size-large wp-image-4732\" src=\"https:\/\/agora.xtec.cat\/escola-santacaterina-vinyols\/wp-content\/uploads\/usu964\/2025\/03\/IMG20250221153717-1024x768.jpg\" alt=\"\" width=\"1024\" height=\"768\" srcset=\"https:\/\/agora.xtec.cat\/escola-santacaterina-vinyols\/wp-content\/uploads\/usu964\/2025\/03\/IMG20250221153717-1024x768.jpg 1024w, https:\/\/agora.xtec.cat\/escola-santacaterina-vinyols\/wp-content\/uploads\/usu964\/2025\/03\/IMG20250221153717-300x225.jpg 300w, https:\/\/agora.xtec.cat\/escola-santacaterina-vinyols\/wp-content\/uploads\/usu964\/2025\/03\/IMG20250221153717-768x576.jpg 768w, https:\/\/agora.xtec.cat\/escola-santacaterina-vinyols\/wp-content\/uploads\/usu964\/2025\/03\/IMG20250221153717-1536x1152.jpg 1536w, https:\/\/agora.xtec.cat\/escola-santacaterina-vinyols\/wp-content\/uploads\/usu964\/2025\/03\/IMG20250221153717-2048x1536.jpg 2048w, https:\/\/agora.xtec.cat\/escola-santacaterina-vinyols\/wp-content\/uploads\/usu964\/2025\/03\/IMG20250221153717-200x150.jpg 200w\" sizes=\"auto, (max-width: 1024px) 100vw, 1024px\" \/><\/i><\/b><\/p>\n","protected":false},"excerpt":{"rendered":"<p>El passat dia 21 de febrer a la tarda la comunitat de grans vam fer la presentaci\u00f3 del projecte de la hist\u00f2ria d&#8217;aquest segon trimestre. A la classe de 4t, els Cat\u00e0ritas, vam presentar la prehist\u00f2ria. A la classe de 5\u00e8, Les neurones, van presentar l\u2019Edat Antiga i Mitjana. A la classe de 6\u00e8, Els [&hellip;]<\/p>\n","protected":false},"author":1,"featured_media":4732,"comment_status":"closed","ping_status":"closed","sticky":false,"template":"","format":"standard","meta":{"_bbp_topic_count":0,"_bbp_reply_count":0,"_bbp_total_topic_count":0,"_bbp_total_reply_count":0,"_bbp_voice_count":0,"_bbp_anonymous_reply_count":0,"_bbp_topic_count_hidden":0,"_bbp_reply_count_hidden":0,"_bbp_forum_subforum_count":0,"site-sidebar-layout":"default","site-content-layout":"","ast-site-content-layout":"","site-content-style":"default","site-sidebar-style":"default","ast-global-header-display":"","ast-banner-title-visibility":"","ast-main-header-display":"","ast-hfb-above-header-display":"","ast-hfb-below-header-display":"","ast-hfb-mobile-header-display":"","site-post-title":"","ast-breadcrumbs-content":"","ast-featured-img":"","footer-sml-layout":"","theme-transparent-header-meta":"","adv-header-id-meta":"","stick-header-meta":"","header-above-stick-meta":"","header-main-stick-meta":"","header-below-stick-meta":"","astra-migrate-meta-layouts":"default","ast-page-background-enabled":"default","ast-page-background-meta":{"desktop":{"background-color":"var(--ast-global-color-4)","background-image":"","background-repeat":"repeat","background-position":"center center","background-size":"auto","background-attachment":"scroll","background-type":"","background-media":"","overlay-type":"","overlay-color":"","overlay-opacity":"","overlay-gradient":""},"tablet":{"background-color":"","background-image":"","background-repeat":"repeat","background-position":"center center","background-size":"auto","background-attachment":"scroll","background-type":"","background-media":"","overlay-type":"","overlay-color":"","overlay-opacity":"","overlay-gradient":""},"mobile":{"background-color":"","background-image":"","background-repeat":"repeat","background-position":"center center","background-size":"auto","background-attachment":"scroll","background-type":"","background-media":"","overlay-type":"","overlay-color":"","overlay-opacity":"","overlay-gradient":""}},"ast-content-background-meta":{"desktop":{"background-color":"var(--ast-global-color-5)","background-image":"","background-repeat":"repeat","background-position":"center center","background-size":"auto","background-attachment":"scroll","background-type":"","background-media":"","overlay-type":"","overlay-color":"","overlay-opacity":"","overlay-gradient":""},"tablet":{"background-color":"var(--ast-global-color-5)","background-image":"","background-repeat":"repeat","background-position":"center center","background-size":"auto","background-attachment":"scroll","background-type":"","background-media":"","overlay-type":"","overlay-color":"","overlay-opacity":"","overlay-gradient":""},"mobile":{"background-color":"var(--ast-global-color-5)","background-image":"","background-repeat":"repeat","background-position":"center center","background-size":"auto","background-attachment":"scroll","background-type":"","background-media":"","overlay-type":"","overlay-color":"","overlay-opacity":"","overlay-gradient":""}},"footnotes":""},"categories":[13,14,15,177,1,174],"tags":[],"class_list":["post-4729","post","type-post","status-publish","format-standard","has-post-thumbnail","hentry","category-4t","category-5e","category-6e","category-comunitat-de-grans","category-general","category-grans"],"post_mailing_queue_ids":[],"_links":{"self":[{"href":"https:\/\/agora.xtec.cat\/escola-santacaterina-vinyols\/wp-json\/wp\/v2\/posts\/4729","targetHints":{"allow":["GET"]}}],"collection":[{"href":"https:\/\/agora.xtec.cat\/escola-santacaterina-vinyols\/wp-json\/wp\/v2\/posts"}],"about":[{"href":"https:\/\/agora.xtec.cat\/escola-santacaterina-vinyols\/wp-json\/wp\/v2\/types\/post"}],"author":[{"embeddable":true,"href":"https:\/\/agora.xtec.cat\/escola-santacaterina-vinyols\/wp-json\/wp\/v2\/users\/1"}],"replies":[{"embeddable":true,"href":"https:\/\/agora.xtec.cat\/escola-santacaterina-vinyols\/wp-json\/wp\/v2\/comments?post=4729"}],"version-history":[{"count":1,"href":"https:\/\/agora.xtec.cat\/escola-santacaterina-vinyols\/wp-json\/wp\/v2\/posts\/4729\/revisions"}],"predecessor-version":[{"id":4733,"href":"https:\/\/agora.xtec.cat\/escola-santacaterina-vinyols\/wp-json\/wp\/v2\/posts\/4729\/revisions\/4733"}],"wp:featuredmedia":[{"embeddable":true,"href":"https:\/\/agora.xtec.cat\/escola-santacaterina-vinyols\/wp-json\/wp\/v2\/media\/4732"}],"wp:attachment":[{"href":"https:\/\/agora.xtec.cat\/escola-santacaterina-vinyols\/wp-json\/wp\/v2\/media?parent=4729"}],"wp:term":[{"taxonomy":"category","embeddable":true,"href":"https:\/\/agora.xtec.cat\/escola-santacaterina-vinyols\/wp-json\/wp\/v2\/categories?post=4729"},{"taxonomy":"post_tag","embeddable":true,"href":"https:\/\/agora.xtec.cat\/escola-santacaterina-vinyols\/wp-json\/wp\/v2\/tags?post=4729"}],"curies":[{"name":"wp","href":"https:\/\/api.w.org\/{rel}","templated":true}]}}