{"id":4723,"date":"2025-03-09T17:46:55","date_gmt":"2025-03-09T16:46:55","guid":{"rendered":"https:\/\/agora.xtec.cat\/escola-santacaterina-vinyols\/?p=4723"},"modified":"2025-03-09T17:46:55","modified_gmt":"2025-03-09T16:46:55","slug":"construim-una-cupula","status":"publish","type":"post","link":"https:\/\/agora.xtec.cat\/escola-santacaterina-vinyols\/general\/construim-una-cupula\/","title":{"rendered":"CONSTRU\u00cfM UNA C\u00daPULA"},"content":{"rendered":"<p>L&#8217;alumnat de l\u2019escola hem estat treballant aquesta estructura tridimensional creada amb bastons que s\u2019aguanten m\u00fatuament. Aquest tipus de c\u00fapula ja apareixia en escrits del genial Leonardo da Vinci.\u00a0L\u2019escultor contemporani Rinus Roelofs va redescobrir aquests escrits, els va estudiar i va crear aquestes escultures a partir de diferents patrons. Hem estat capa\u00e7os de fer cr\u00e9ixer aquesta c\u00fapula de manera cooperativa i hem vist la seva sostenibilitat aixecant-la i posant-nos a dins.<\/p>\n<p>Ens ha agradat molt!<\/p>\n<p><img loading=\"lazy\" decoding=\"async\" class=\"aligncenter size-large wp-image-4724\" src=\"https:\/\/agora.xtec.cat\/escola-santacaterina-vinyols\/wp-content\/uploads\/usu964\/2025\/03\/Foto-de-Anna-Escude-1024x768.jpg\" alt=\"\" width=\"1024\" height=\"768\" srcset=\"https:\/\/agora.xtec.cat\/escola-santacaterina-vinyols\/wp-content\/uploads\/usu964\/2025\/03\/Foto-de-Anna-Escude-1024x768.jpg 1024w, https:\/\/agora.xtec.cat\/escola-santacaterina-vinyols\/wp-content\/uploads\/usu964\/2025\/03\/Foto-de-Anna-Escude-300x225.jpg 300w, https:\/\/agora.xtec.cat\/escola-santacaterina-vinyols\/wp-content\/uploads\/usu964\/2025\/03\/Foto-de-Anna-Escude-768x576.jpg 768w, https:\/\/agora.xtec.cat\/escola-santacaterina-vinyols\/wp-content\/uploads\/usu964\/2025\/03\/Foto-de-Anna-Escude-1536x1152.jpg 1536w, https:\/\/agora.xtec.cat\/escola-santacaterina-vinyols\/wp-content\/uploads\/usu964\/2025\/03\/Foto-de-Anna-Escude-200x150.jpg 200w, https:\/\/agora.xtec.cat\/escola-santacaterina-vinyols\/wp-content\/uploads\/usu964\/2025\/03\/Foto-de-Anna-Escude.jpg 2048w\" sizes=\"auto, (max-width: 1024px) 100vw, 1024px\" \/> <img loading=\"lazy\" decoding=\"async\" class=\"aligncenter size-large wp-image-4726\" src=\"https:\/\/agora.xtec.cat\/escola-santacaterina-vinyols\/wp-content\/uploads\/usu964\/2025\/03\/IMG-20250227-WA0017-1024x768.jpg\" alt=\"\" width=\"1024\" height=\"768\" srcset=\"https:\/\/agora.xtec.cat\/escola-santacaterina-vinyols\/wp-content\/uploads\/usu964\/2025\/03\/IMG-20250227-WA0017-1024x768.jpg 1024w, https:\/\/agora.xtec.cat\/escola-santacaterina-vinyols\/wp-content\/uploads\/usu964\/2025\/03\/IMG-20250227-WA0017-300x225.jpg 300w, https:\/\/agora.xtec.cat\/escola-santacaterina-vinyols\/wp-content\/uploads\/usu964\/2025\/03\/IMG-20250227-WA0017-768x576.jpg 768w, https:\/\/agora.xtec.cat\/escola-santacaterina-vinyols\/wp-content\/uploads\/usu964\/2025\/03\/IMG-20250227-WA0017-1536x1152.jpg 1536w, https:\/\/agora.xtec.cat\/escola-santacaterina-vinyols\/wp-content\/uploads\/usu964\/2025\/03\/IMG-20250227-WA0017-200x150.jpg 200w, https:\/\/agora.xtec.cat\/escola-santacaterina-vinyols\/wp-content\/uploads\/usu964\/2025\/03\/IMG-20250227-WA0017.jpg 1600w\" sizes=\"auto, (max-width: 1024px) 100vw, 1024px\" \/> <img loading=\"lazy\" decoding=\"async\" class=\"aligncenter size-large wp-image-4727\" src=\"https:\/\/agora.xtec.cat\/escola-santacaterina-vinyols\/wp-content\/uploads\/usu964\/2025\/03\/IMG-20250227-WA0019-1024x768.jpg\" alt=\"\" width=\"1024\" height=\"768\" srcset=\"https:\/\/agora.xtec.cat\/escola-santacaterina-vinyols\/wp-content\/uploads\/usu964\/2025\/03\/IMG-20250227-WA0019-1024x768.jpg 1024w, https:\/\/agora.xtec.cat\/escola-santacaterina-vinyols\/wp-content\/uploads\/usu964\/2025\/03\/IMG-20250227-WA0019-300x225.jpg 300w, https:\/\/agora.xtec.cat\/escola-santacaterina-vinyols\/wp-content\/uploads\/usu964\/2025\/03\/IMG-20250227-WA0019-768x576.jpg 768w, https:\/\/agora.xtec.cat\/escola-santacaterina-vinyols\/wp-content\/uploads\/usu964\/2025\/03\/IMG-20250227-WA0019-1536x1152.jpg 1536w, https:\/\/agora.xtec.cat\/escola-santacaterina-vinyols\/wp-content\/uploads\/usu964\/2025\/03\/IMG-20250227-WA0019-200x150.jpg 200w, https:\/\/agora.xtec.cat\/escola-santacaterina-vinyols\/wp-content\/uploads\/usu964\/2025\/03\/IMG-20250227-WA0019.jpg 1600w\" sizes=\"auto, (max-width: 1024px) 100vw, 1024px\" \/><\/p>\n","protected":false},"excerpt":{"rendered":"<p>L&#8217;alumnat de l\u2019escola hem estat treballant aquesta estructura tridimensional creada amb bastons que s\u2019aguanten m\u00fatuament. Aquest tipus de c\u00fapula ja apareixia en escrits del genial Leonardo da Vinci.\u00a0L\u2019escultor contemporani Rinus Roelofs va redescobrir aquests escrits, els va estudiar i va crear aquestes escultures a partir de diferents patrons. Hem estat capa\u00e7os de fer cr\u00e9ixer aquesta [&hellip;]<\/p>\n","protected":false},"author":1,"featured_media":4726,"comment_status":"closed","ping_status":"closed","sticky":false,"template":"","format":"standard","meta":{"_bbp_topic_count":0,"_bbp_reply_count":0,"_bbp_total_topic_count":0,"_bbp_total_reply_count":0,"_bbp_voice_count":0,"_bbp_anonymous_reply_count":0,"_bbp_topic_count_hidden":0,"_bbp_reply_count_hidden":0,"_bbp_forum_subforum_count":0,"site-sidebar-layout":"default","site-content-layout":"","ast-site-content-layout":"","site-content-style":"default","site-sidebar-style":"default","ast-global-header-display":"","ast-banner-title-visibility":"","ast-main-header-display":"","ast-hfb-above-header-display":"","ast-hfb-below-header-display":"","ast-hfb-mobile-header-display":"","site-post-title":"","ast-breadcrumbs-content":"","ast-featured-img":"","footer-sml-layout":"","theme-transparent-header-meta":"","adv-header-id-meta":"","stick-header-meta":"","header-above-stick-meta":"","header-main-stick-meta":"","header-below-stick-meta":"","astra-migrate-meta-layouts":"default","ast-page-background-enabled":"default","ast-page-background-meta":{"desktop":{"background-color":"var(--ast-global-color-4)","background-image":"","background-repeat":"repeat","background-position":"center center","background-size":"auto","background-attachment":"scroll","background-type":"","background-media":"","overlay-type":"","overlay-color":"","overlay-opacity":"","overlay-gradient":""},"tablet":{"background-color":"","background-image":"","background-repeat":"repeat","background-position":"center center","background-size":"auto","background-attachment":"scroll","background-type":"","background-media":"","overlay-type":"","overlay-color":"","overlay-opacity":"","overlay-gradient":""},"mobile":{"background-color":"","background-image":"","background-repeat":"repeat","background-position":"center center","background-size":"auto","background-attachment":"scroll","background-type":"","background-media":"","overlay-type":"","overlay-color":"","overlay-opacity":"","overlay-gradient":""}},"ast-content-background-meta":{"desktop":{"background-color":"var(--ast-global-color-5)","background-image":"","background-repeat":"repeat","background-position":"center center","background-size":"auto","background-attachment":"scroll","background-type":"","background-media":"","overlay-type":"","overlay-color":"","overlay-opacity":"","overlay-gradient":""},"tablet":{"background-color":"var(--ast-global-color-5)","background-image":"","background-repeat":"repeat","background-position":"center center","background-size":"auto","background-attachment":"scroll","background-type":"","background-media":"","overlay-type":"","overlay-color":"","overlay-opacity":"","overlay-gradient":""},"mobile":{"background-color":"var(--ast-global-color-5)","background-image":"","background-repeat":"repeat","background-position":"center center","background-size":"auto","background-attachment":"scroll","background-type":"","background-media":"","overlay-type":"","overlay-color":"","overlay-opacity":"","overlay-gradient":""}},"footnotes":""},"categories":[177,176,5,1,174,173],"tags":[],"class_list":["post-4723","post","type-post","status-publish","format-standard","has-post-thumbnail","hentry","category-comunitat-de-grans","category-comunitat-de-mitjans","category-e-primaria","category-general","category-grans","category-mitjans"],"post_mailing_queue_ids":[],"_links":{"self":[{"href":"https:\/\/agora.xtec.cat\/escola-santacaterina-vinyols\/wp-json\/wp\/v2\/posts\/4723","targetHints":{"allow":["GET"]}}],"collection":[{"href":"https:\/\/agora.xtec.cat\/escola-santacaterina-vinyols\/wp-json\/wp\/v2\/posts"}],"about":[{"href":"https:\/\/agora.xtec.cat\/escola-santacaterina-vinyols\/wp-json\/wp\/v2\/types\/post"}],"author":[{"embeddable":true,"href":"https:\/\/agora.xtec.cat\/escola-santacaterina-vinyols\/wp-json\/wp\/v2\/users\/1"}],"replies":[{"embeddable":true,"href":"https:\/\/agora.xtec.cat\/escola-santacaterina-vinyols\/wp-json\/wp\/v2\/comments?post=4723"}],"version-history":[{"count":1,"href":"https:\/\/agora.xtec.cat\/escola-santacaterina-vinyols\/wp-json\/wp\/v2\/posts\/4723\/revisions"}],"predecessor-version":[{"id":4728,"href":"https:\/\/agora.xtec.cat\/escola-santacaterina-vinyols\/wp-json\/wp\/v2\/posts\/4723\/revisions\/4728"}],"wp:featuredmedia":[{"embeddable":true,"href":"https:\/\/agora.xtec.cat\/escola-santacaterina-vinyols\/wp-json\/wp\/v2\/media\/4726"}],"wp:attachment":[{"href":"https:\/\/agora.xtec.cat\/escola-santacaterina-vinyols\/wp-json\/wp\/v2\/media?parent=4723"}],"wp:term":[{"taxonomy":"category","embeddable":true,"href":"https:\/\/agora.xtec.cat\/escola-santacaterina-vinyols\/wp-json\/wp\/v2\/categories?post=4723"},{"taxonomy":"post_tag","embeddable":true,"href":"https:\/\/agora.xtec.cat\/escola-santacaterina-vinyols\/wp-json\/wp\/v2\/tags?post=4723"}],"curies":[{"name":"wp","href":"https:\/\/api.w.org\/{rel}","templated":true}]}}