{"id":4716,"date":"2025-02-27T21:11:44","date_gmt":"2025-02-27T20:11:44","guid":{"rendered":"https:\/\/agora.xtec.cat\/escola-santacaterina-vinyols\/?p=4716"},"modified":"2025-02-27T21:11:44","modified_gmt":"2025-02-27T20:11:44","slug":"per-carnaval-tot-shi-val","status":"publish","type":"post","link":"https:\/\/agora.xtec.cat\/escola-santacaterina-vinyols\/general\/per-carnaval-tot-shi-val\/","title":{"rendered":"PER CARNAVAL TOT S&#8217;HI VAL"},"content":{"rendered":"<p>Aquesta setmana ha estat molt emocionant, el rei Carnestoltes ha arribat! Hem tingut la sort que ens lleg\u00eds una carta plena de sorpreses i consignes que hem seguit durant aquests dies:<\/p>\n<p>\u00b7 DIMARTS: corbata<\/p>\n<p>\u00b7 DIMECRES: pijama<\/p>\n<p>\u00b7 DIJOUS: pentinat divertit<\/p>\n<p>\u00b7 DIVENDRES: disfressa\u2019t com vulguis<\/p>\n<p>Tamb\u00e9 hem celebrat dijous gras preparant plegats l&#8217;esmorzar de pa amb tom\u00e0quet i botifarra, bon\u00edssima!<\/p>\n<p>Cada dia ha sigut una nova oportunitat per imaginar, crear, riure i compartir moments especials amb els nostres companys i companyes! Visca el rei Carnestoltes!<\/p>\n<p>La comunitat de petits<\/p>\n<p><img loading=\"lazy\" decoding=\"async\" class=\"aligncenter size-large wp-image-4717\" src=\"https:\/\/agora.xtec.cat\/escola-santacaterina-vinyols\/wp-content\/uploads\/usu964\/2025\/02\/20250226_092403-1024x787.jpg\" alt=\"\" width=\"1024\" height=\"787\" srcset=\"https:\/\/agora.xtec.cat\/escola-santacaterina-vinyols\/wp-content\/uploads\/usu964\/2025\/02\/20250226_092403-1024x787.jpg 1024w, https:\/\/agora.xtec.cat\/escola-santacaterina-vinyols\/wp-content\/uploads\/usu964\/2025\/02\/20250226_092403-300x230.jpg 300w, https:\/\/agora.xtec.cat\/escola-santacaterina-vinyols\/wp-content\/uploads\/usu964\/2025\/02\/20250226_092403-768x590.jpg 768w, https:\/\/agora.xtec.cat\/escola-santacaterina-vinyols\/wp-content\/uploads\/usu964\/2025\/02\/20250226_092403-1536x1180.jpg 1536w, https:\/\/agora.xtec.cat\/escola-santacaterina-vinyols\/wp-content\/uploads\/usu964\/2025\/02\/20250226_092403-2048x1573.jpg 2048w\" sizes=\"auto, (max-width: 1024px) 100vw, 1024px\" \/> <img loading=\"lazy\" decoding=\"async\" class=\"aligncenter size-large wp-image-4718\" src=\"https:\/\/agora.xtec.cat\/escola-santacaterina-vinyols\/wp-content\/uploads\/usu964\/2025\/02\/IMG_20250226_093208-1024x1024.jpg\" alt=\"\" width=\"1024\" height=\"1024\" srcset=\"https:\/\/agora.xtec.cat\/escola-santacaterina-vinyols\/wp-content\/uploads\/usu964\/2025\/02\/IMG_20250226_093208-1024x1024.jpg 1024w, https:\/\/agora.xtec.cat\/escola-santacaterina-vinyols\/wp-content\/uploads\/usu964\/2025\/02\/IMG_20250226_093208-300x300.jpg 300w, https:\/\/agora.xtec.cat\/escola-santacaterina-vinyols\/wp-content\/uploads\/usu964\/2025\/02\/IMG_20250226_093208-150x150.jpg 150w, https:\/\/agora.xtec.cat\/escola-santacaterina-vinyols\/wp-content\/uploads\/usu964\/2025\/02\/IMG_20250226_093208-768x768.jpg 768w, https:\/\/agora.xtec.cat\/escola-santacaterina-vinyols\/wp-content\/uploads\/usu964\/2025\/02\/IMG_20250226_093208-1536x1536.jpg 1536w, https:\/\/agora.xtec.cat\/escola-santacaterina-vinyols\/wp-content\/uploads\/usu964\/2025\/02\/IMG_20250226_093208-2048x2048.jpg 2048w\" sizes=\"auto, (max-width: 1024px) 100vw, 1024px\" \/> <img loading=\"lazy\" decoding=\"async\" class=\"aligncenter size-large wp-image-4719\" src=\"https:\/\/agora.xtec.cat\/escola-santacaterina-vinyols\/wp-content\/uploads\/usu964\/2025\/02\/IMG_20250226_101619-1024x768.jpg\" alt=\"\" width=\"1024\" height=\"768\" srcset=\"https:\/\/agora.xtec.cat\/escola-santacaterina-vinyols\/wp-content\/uploads\/usu964\/2025\/02\/IMG_20250226_101619-1024x768.jpg 1024w, https:\/\/agora.xtec.cat\/escola-santacaterina-vinyols\/wp-content\/uploads\/usu964\/2025\/02\/IMG_20250226_101619-300x225.jpg 300w, https:\/\/agora.xtec.cat\/escola-santacaterina-vinyols\/wp-content\/uploads\/usu964\/2025\/02\/IMG_20250226_101619-768x576.jpg 768w, https:\/\/agora.xtec.cat\/escola-santacaterina-vinyols\/wp-content\/uploads\/usu964\/2025\/02\/IMG_20250226_101619-1536x1152.jpg 1536w, https:\/\/agora.xtec.cat\/escola-santacaterina-vinyols\/wp-content\/uploads\/usu964\/2025\/02\/IMG_20250226_101619-2048x1536.jpg 2048w, https:\/\/agora.xtec.cat\/escola-santacaterina-vinyols\/wp-content\/uploads\/usu964\/2025\/02\/IMG_20250226_101619-200x150.jpg 200w\" sizes=\"auto, (max-width: 1024px) 100vw, 1024px\" \/> <img loading=\"lazy\" decoding=\"async\" class=\"aligncenter size-large wp-image-4720\" src=\"https:\/\/agora.xtec.cat\/escola-santacaterina-vinyols\/wp-content\/uploads\/usu964\/2025\/02\/IMG-20250227-WA0023-768x1024.jpg\" alt=\"\" width=\"768\" height=\"1024\" srcset=\"https:\/\/agora.xtec.cat\/escola-santacaterina-vinyols\/wp-content\/uploads\/usu964\/2025\/02\/IMG-20250227-WA0023-768x1024.jpg 768w, https:\/\/agora.xtec.cat\/escola-santacaterina-vinyols\/wp-content\/uploads\/usu964\/2025\/02\/IMG-20250227-WA0023-225x300.jpg 225w, https:\/\/agora.xtec.cat\/escola-santacaterina-vinyols\/wp-content\/uploads\/usu964\/2025\/02\/IMG-20250227-WA0023-1152x1536.jpg 1152w, https:\/\/agora.xtec.cat\/escola-santacaterina-vinyols\/wp-content\/uploads\/usu964\/2025\/02\/IMG-20250227-WA0023.jpg 1200w\" sizes=\"auto, (max-width: 768px) 100vw, 768px\" \/> <img loading=\"lazy\" decoding=\"async\" class=\"aligncenter size-large wp-image-4721\" src=\"https:\/\/agora.xtec.cat\/escola-santacaterina-vinyols\/wp-content\/uploads\/usu964\/2025\/02\/IMG-20250227-WA0029-1024x768.jpg\" alt=\"\" width=\"1024\" height=\"768\" srcset=\"https:\/\/agora.xtec.cat\/escola-santacaterina-vinyols\/wp-content\/uploads\/usu964\/2025\/02\/IMG-20250227-WA0029-1024x768.jpg 1024w, https:\/\/agora.xtec.cat\/escola-santacaterina-vinyols\/wp-content\/uploads\/usu964\/2025\/02\/IMG-20250227-WA0029-300x225.jpg 300w, https:\/\/agora.xtec.cat\/escola-santacaterina-vinyols\/wp-content\/uploads\/usu964\/2025\/02\/IMG-20250227-WA0029-768x576.jpg 768w, https:\/\/agora.xtec.cat\/escola-santacaterina-vinyols\/wp-content\/uploads\/usu964\/2025\/02\/IMG-20250227-WA0029-1536x1152.jpg 1536w, https:\/\/agora.xtec.cat\/escola-santacaterina-vinyols\/wp-content\/uploads\/usu964\/2025\/02\/IMG-20250227-WA0029-200x150.jpg 200w, https:\/\/agora.xtec.cat\/escola-santacaterina-vinyols\/wp-content\/uploads\/usu964\/2025\/02\/IMG-20250227-WA0029.jpg 2048w\" sizes=\"auto, (max-width: 1024px) 100vw, 1024px\" \/><\/p>\n","protected":false},"excerpt":{"rendered":"<p>Aquesta setmana ha estat molt emocionant, el rei Carnestoltes ha arribat! Hem tingut la sort que ens lleg\u00eds una carta plena de sorpreses i consignes que hem seguit durant aquests dies: \u00b7 DIMARTS: corbata \u00b7 DIMECRES: pijama \u00b7 DIJOUS: pentinat divertit \u00b7 DIVENDRES: disfressa\u2019t com vulguis Tamb\u00e9 hem celebrat dijous gras preparant plegats l&#8217;esmorzar de [&hellip;]<\/p>\n","protected":false},"author":1,"featured_media":4720,"comment_status":"closed","ping_status":"closed","sticky":false,"template":"","format":"standard","meta":{"_bbp_topic_count":0,"_bbp_reply_count":0,"_bbp_total_topic_count":0,"_bbp_total_reply_count":0,"_bbp_voice_count":0,"_bbp_anonymous_reply_count":0,"_bbp_topic_count_hidden":0,"_bbp_reply_count_hidden":0,"_bbp_forum_subforum_count":0,"site-sidebar-layout":"default","site-content-layout":"","ast-site-content-layout":"","site-content-style":"default","site-sidebar-style":"default","ast-global-header-display":"","ast-banner-title-visibility":"","ast-main-header-display":"","ast-hfb-above-header-display":"","ast-hfb-below-header-display":"","ast-hfb-mobile-header-display":"","site-post-title":"","ast-breadcrumbs-content":"","ast-featured-img":"","footer-sml-layout":"","theme-transparent-header-meta":"","adv-header-id-meta":"","stick-header-meta":"","header-above-stick-meta":"","header-main-stick-meta":"","header-below-stick-meta":"","astra-migrate-meta-layouts":"default","ast-page-background-enabled":"default","ast-page-background-meta":{"desktop":{"background-color":"var(--ast-global-color-4)","background-image":"","background-repeat":"repeat","background-position":"center center","background-size":"auto","background-attachment":"scroll","background-type":"","background-media":"","overlay-type":"","overlay-color":"","overlay-opacity":"","overlay-gradient":""},"tablet":{"background-color":"","background-image":"","background-repeat":"repeat","background-position":"center center","background-size":"auto","background-attachment":"scroll","background-type":"","background-media":"","overlay-type":"","overlay-color":"","overlay-opacity":"","overlay-gradient":""},"mobile":{"background-color":"","background-image":"","background-repeat":"repeat","background-position":"center center","background-size":"auto","background-attachment":"scroll","background-type":"","background-media":"","overlay-type":"","overlay-color":"","overlay-opacity":"","overlay-gradient":""}},"ast-content-background-meta":{"desktop":{"background-color":"var(--ast-global-color-5)","background-image":"","background-repeat":"repeat","background-position":"center center","background-size":"auto","background-attachment":"scroll","background-type":"","background-media":"","overlay-type":"","overlay-color":"","overlay-opacity":"","overlay-gradient":""},"tablet":{"background-color":"var(--ast-global-color-5)","background-image":"","background-repeat":"repeat","background-position":"center center","background-size":"auto","background-attachment":"scroll","background-type":"","background-media":"","overlay-type":"","overlay-color":"","overlay-opacity":"","overlay-gradient":""},"mobile":{"background-color":"var(--ast-global-color-5)","background-image":"","background-repeat":"repeat","background-position":"center center","background-size":"auto","background-attachment":"scroll","background-type":"","background-media":"","overlay-type":"","overlay-color":"","overlay-opacity":"","overlay-gradient":""}},"footnotes":""},"categories":[175,66,1,172],"tags":[],"class_list":["post-4716","post","type-post","status-publish","format-standard","has-post-thumbnail","hentry","category-comunitat-de-petits","category-e-infantil","category-general","category-petits"],"post_mailing_queue_ids":[],"_links":{"self":[{"href":"https:\/\/agora.xtec.cat\/escola-santacaterina-vinyols\/wp-json\/wp\/v2\/posts\/4716","targetHints":{"allow":["GET"]}}],"collection":[{"href":"https:\/\/agora.xtec.cat\/escola-santacaterina-vinyols\/wp-json\/wp\/v2\/posts"}],"about":[{"href":"https:\/\/agora.xtec.cat\/escola-santacaterina-vinyols\/wp-json\/wp\/v2\/types\/post"}],"author":[{"embeddable":true,"href":"https:\/\/agora.xtec.cat\/escola-santacaterina-vinyols\/wp-json\/wp\/v2\/users\/1"}],"replies":[{"embeddable":true,"href":"https:\/\/agora.xtec.cat\/escola-santacaterina-vinyols\/wp-json\/wp\/v2\/comments?post=4716"}],"version-history":[{"count":1,"href":"https:\/\/agora.xtec.cat\/escola-santacaterina-vinyols\/wp-json\/wp\/v2\/posts\/4716\/revisions"}],"predecessor-version":[{"id":4722,"href":"https:\/\/agora.xtec.cat\/escola-santacaterina-vinyols\/wp-json\/wp\/v2\/posts\/4716\/revisions\/4722"}],"wp:featuredmedia":[{"embeddable":true,"href":"https:\/\/agora.xtec.cat\/escola-santacaterina-vinyols\/wp-json\/wp\/v2\/media\/4720"}],"wp:attachment":[{"href":"https:\/\/agora.xtec.cat\/escola-santacaterina-vinyols\/wp-json\/wp\/v2\/media?parent=4716"}],"wp:term":[{"taxonomy":"category","embeddable":true,"href":"https:\/\/agora.xtec.cat\/escola-santacaterina-vinyols\/wp-json\/wp\/v2\/categories?post=4716"},{"taxonomy":"post_tag","embeddable":true,"href":"https:\/\/agora.xtec.cat\/escola-santacaterina-vinyols\/wp-json\/wp\/v2\/tags?post=4716"}],"curies":[{"name":"wp","href":"https:\/\/api.w.org\/{rel}","templated":true}]}}