{"id":4684,"date":"2025-01-31T16:50:30","date_gmt":"2025-01-31T15:50:30","guid":{"rendered":"https:\/\/agora.xtec.cat\/escola-santacaterina-vinyols\/?p=4684"},"modified":"2025-01-31T16:50:30","modified_gmt":"2025-01-31T15:50:30","slug":"mercat-dintercanvi-de-roba-de-segona-ma","status":"publish","type":"post","link":"https:\/\/agora.xtec.cat\/escola-santacaterina-vinyols\/general\/mercat-dintercanvi-de-roba-de-segona-ma\/","title":{"rendered":"MERCAT D\u2019INTERCANVI DE ROBA DE SEGONA M\u00c0"},"content":{"rendered":"<p>El passat divendres 24 de gener a la tarda al gimn\u00e0s de l\u2019escola vam fer el Mercat d\u2019intercanvi de roba de segona m\u00e0.\u00a0 Va passar tot l\u2019alumnat de l\u2019escola i, despr\u00e9s de mirar i emprovar, es van endur una pe\u00e7a de roba. Podem dir que va ser tot un \u00e8xit!<\/p>\n<p>Aquest mercat el vam comen\u00e7ar a preparar al mes de novembre, ja que \u00e9s el treball final del projecte del primer trimestre sobre les entitats del poble. Nosaltres vam treballar Caritas i les Dones Caterines i, investigant, vam arribar a la conclusi\u00f3 que tenim i comprem massa roba i que la ind\u00fastria t\u00e8xtil contamina molt\u00edssim. Per aix\u00f2 vam decidir que hav\u00edem de fer alguna cosa, hav\u00edem de posar el nostre granet de sorra.<\/p>\n<p>Primer de tot vam demanar a les fam\u00edlies que portessin roba usada que ja no fessin servir. Vam demanar roba de la talla 3 fins a talles m\u00e9s grans de 12, tamb\u00e9 vam demanar complements, com gorros, guants, bufandes\u2026 El que no es podia portar era roba interior ni cal\u00e7at.<\/p>\n<p>Despr\u00e9s ens vam repartir les feines per grups, que van ser les seg\u00fcents: preparar les caixes per recollir la roba, elaborar els cartells per les caixes i el cartell de difusi\u00f3 i dissenyar el tiquet per a fer l\u2019intercanvi.<\/p>\n<p>Un cop vam tenir tota la roba, la vam classificar per talles i\u00a0 vam fer un inventari. D\u2019aquesta manera vam poder fer un recompte de totes les peces intercanviades i de les que ens van sobrar.<\/p>\n<p>Per a preparar el mercat, vam fer parelles i cadascuna es va fer responsable d\u2019una taula per a muntar-la, col\u00b7locar-hi la roba, atendre als nens i nenes\u2026<\/p>\n<p>Els cartells de les taules els vam elaborar aprofitant retalls de cartr\u00f3 que teniem a l\u2019escola, tamb\u00e9 vam preparar un cartell per a l\u2019entrada del gimn\u00e0s, ens va quedar genial!<\/p>\n<p>El dia abans vam passar per les classes explicant el funcionament i els vam repartir els tiquets, cada tiquet servia per a intercanviar-lo per una pe\u00e7a de roba.<\/p>\n<p>Tota la roba que ens ha sobrat la portarem a un punt de recollida de roba, d\u2019aquesta manera la podr\u00e0 aprofitar altres nens i nenes.<\/p>\n<p>Per acabar, volem dir que preparar aquest mercat ens ha fet reflexionar sobre la import\u00e0ncia de reutilitzar la roba i l\u2019impacte que aix\u00f2 t\u00e9 en el nostre planeta.<\/p>\n<p>Moltes gr\u00e0cies a tots i totes per fer-ho possible!<\/p>\n<p>Els petits canvis s\u00f3n poderosos.<\/p>\n<p><img loading=\"lazy\" decoding=\"async\" class=\"aligncenter size-large wp-image-4685\" src=\"https:\/\/agora.xtec.cat\/escola-santacaterina-vinyols\/wp-content\/uploads\/usu964\/2025\/01\/IMG_20250121_160049-1024x578.jpg\" alt=\"\" width=\"1024\" height=\"578\" srcset=\"https:\/\/agora.xtec.cat\/escola-santacaterina-vinyols\/wp-content\/uploads\/usu964\/2025\/01\/IMG_20250121_160049-1024x578.jpg 1024w, https:\/\/agora.xtec.cat\/escola-santacaterina-vinyols\/wp-content\/uploads\/usu964\/2025\/01\/IMG_20250121_160049-300x169.jpg 300w, https:\/\/agora.xtec.cat\/escola-santacaterina-vinyols\/wp-content\/uploads\/usu964\/2025\/01\/IMG_20250121_160049-768x433.jpg 768w, https:\/\/agora.xtec.cat\/escola-santacaterina-vinyols\/wp-content\/uploads\/usu964\/2025\/01\/IMG_20250121_160049-1536x866.jpg 1536w, https:\/\/agora.xtec.cat\/escola-santacaterina-vinyols\/wp-content\/uploads\/usu964\/2025\/01\/IMG_20250121_160049-2048x1155.jpg 2048w\" sizes=\"auto, (max-width: 1024px) 100vw, 1024px\" \/> <img loading=\"lazy\" decoding=\"async\" class=\"aligncenter size-large wp-image-4686\" src=\"https:\/\/agora.xtec.cat\/escola-santacaterina-vinyols\/wp-content\/uploads\/usu964\/2025\/01\/IMG_2654-2-1024x768.jpg\" alt=\"\" width=\"1024\" height=\"768\" srcset=\"https:\/\/agora.xtec.cat\/escola-santacaterina-vinyols\/wp-content\/uploads\/usu964\/2025\/01\/IMG_2654-2-1024x768.jpg 1024w, https:\/\/agora.xtec.cat\/escola-santacaterina-vinyols\/wp-content\/uploads\/usu964\/2025\/01\/IMG_2654-2-300x225.jpg 300w, https:\/\/agora.xtec.cat\/escola-santacaterina-vinyols\/wp-content\/uploads\/usu964\/2025\/01\/IMG_2654-2-768x576.jpg 768w, https:\/\/agora.xtec.cat\/escola-santacaterina-vinyols\/wp-content\/uploads\/usu964\/2025\/01\/IMG_2654-2-1536x1152.jpg 1536w, https:\/\/agora.xtec.cat\/escola-santacaterina-vinyols\/wp-content\/uploads\/usu964\/2025\/01\/IMG_2654-2-2048x1536.jpg 2048w, https:\/\/agora.xtec.cat\/escola-santacaterina-vinyols\/wp-content\/uploads\/usu964\/2025\/01\/IMG_2654-2-200x150.jpg 200w\" sizes=\"auto, (max-width: 1024px) 100vw, 1024px\" \/> <img loading=\"lazy\" decoding=\"async\" class=\"aligncenter size-large wp-image-4687\" src=\"https:\/\/agora.xtec.cat\/escola-santacaterina-vinyols\/wp-content\/uploads\/usu964\/2025\/01\/IMG_2644-1024x768.jpg\" alt=\"\" width=\"1024\" height=\"768\" srcset=\"https:\/\/agora.xtec.cat\/escola-santacaterina-vinyols\/wp-content\/uploads\/usu964\/2025\/01\/IMG_2644-1024x768.jpg 1024w, https:\/\/agora.xtec.cat\/escola-santacaterina-vinyols\/wp-content\/uploads\/usu964\/2025\/01\/IMG_2644-300x225.jpg 300w, https:\/\/agora.xtec.cat\/escola-santacaterina-vinyols\/wp-content\/uploads\/usu964\/2025\/01\/IMG_2644-768x576.jpg 768w, https:\/\/agora.xtec.cat\/escola-santacaterina-vinyols\/wp-content\/uploads\/usu964\/2025\/01\/IMG_2644-1536x1152.jpg 1536w, https:\/\/agora.xtec.cat\/escola-santacaterina-vinyols\/wp-content\/uploads\/usu964\/2025\/01\/IMG_2644-2048x1536.jpg 2048w, https:\/\/agora.xtec.cat\/escola-santacaterina-vinyols\/wp-content\/uploads\/usu964\/2025\/01\/IMG_2644-200x150.jpg 200w\" sizes=\"auto, (max-width: 1024px) 100vw, 1024px\" \/> <img loading=\"lazy\" decoding=\"async\" class=\"aligncenter size-large wp-image-4688\" src=\"https:\/\/agora.xtec.cat\/escola-santacaterina-vinyols\/wp-content\/uploads\/usu964\/2025\/01\/IMG_2668-1024x768.jpg\" alt=\"\" width=\"1024\" height=\"768\" srcset=\"https:\/\/agora.xtec.cat\/escola-santacaterina-vinyols\/wp-content\/uploads\/usu964\/2025\/01\/IMG_2668-1024x768.jpg 1024w, https:\/\/agora.xtec.cat\/escola-santacaterina-vinyols\/wp-content\/uploads\/usu964\/2025\/01\/IMG_2668-300x225.jpg 300w, https:\/\/agora.xtec.cat\/escola-santacaterina-vinyols\/wp-content\/uploads\/usu964\/2025\/01\/IMG_2668-768x576.jpg 768w, https:\/\/agora.xtec.cat\/escola-santacaterina-vinyols\/wp-content\/uploads\/usu964\/2025\/01\/IMG_2668-1536x1152.jpg 1536w, https:\/\/agora.xtec.cat\/escola-santacaterina-vinyols\/wp-content\/uploads\/usu964\/2025\/01\/IMG_2668-2048x1536.jpg 2048w, https:\/\/agora.xtec.cat\/escola-santacaterina-vinyols\/wp-content\/uploads\/usu964\/2025\/01\/IMG_2668-200x150.jpg 200w\" sizes=\"auto, (max-width: 1024px) 100vw, 1024px\" \/> <img loading=\"lazy\" decoding=\"async\" class=\"aligncenter size-large wp-image-4689\" src=\"https:\/\/agora.xtec.cat\/escola-santacaterina-vinyols\/wp-content\/uploads\/usu964\/2025\/01\/IMG_2686-1024x768.jpg\" alt=\"\" width=\"1024\" height=\"768\" srcset=\"https:\/\/agora.xtec.cat\/escola-santacaterina-vinyols\/wp-content\/uploads\/usu964\/2025\/01\/IMG_2686-1024x768.jpg 1024w, https:\/\/agora.xtec.cat\/escola-santacaterina-vinyols\/wp-content\/uploads\/usu964\/2025\/01\/IMG_2686-300x225.jpg 300w, https:\/\/agora.xtec.cat\/escola-santacaterina-vinyols\/wp-content\/uploads\/usu964\/2025\/01\/IMG_2686-768x576.jpg 768w, https:\/\/agora.xtec.cat\/escola-santacaterina-vinyols\/wp-content\/uploads\/usu964\/2025\/01\/IMG_2686-1536x1152.jpg 1536w, https:\/\/agora.xtec.cat\/escola-santacaterina-vinyols\/wp-content\/uploads\/usu964\/2025\/01\/IMG_2686-2048x1536.jpg 2048w, https:\/\/agora.xtec.cat\/escola-santacaterina-vinyols\/wp-content\/uploads\/usu964\/2025\/01\/IMG_2686-200x150.jpg 200w\" sizes=\"auto, (max-width: 1024px) 100vw, 1024px\" \/> <img loading=\"lazy\" decoding=\"async\" class=\"aligncenter size-large wp-image-4690\" src=\"https:\/\/agora.xtec.cat\/escola-santacaterina-vinyols\/wp-content\/uploads\/usu964\/2025\/01\/IMG_20250121_160109-1024x578.jpg\" alt=\"\" width=\"1024\" height=\"578\" srcset=\"https:\/\/agora.xtec.cat\/escola-santacaterina-vinyols\/wp-content\/uploads\/usu964\/2025\/01\/IMG_20250121_160109-1024x578.jpg 1024w, https:\/\/agora.xtec.cat\/escola-santacaterina-vinyols\/wp-content\/uploads\/usu964\/2025\/01\/IMG_20250121_160109-300x169.jpg 300w, https:\/\/agora.xtec.cat\/escola-santacaterina-vinyols\/wp-content\/uploads\/usu964\/2025\/01\/IMG_20250121_160109-768x433.jpg 768w, https:\/\/agora.xtec.cat\/escola-santacaterina-vinyols\/wp-content\/uploads\/usu964\/2025\/01\/IMG_20250121_160109-1536x866.jpg 1536w, https:\/\/agora.xtec.cat\/escola-santacaterina-vinyols\/wp-content\/uploads\/usu964\/2025\/01\/IMG_20250121_160109-2048x1155.jpg 2048w\" sizes=\"auto, (max-width: 1024px) 100vw, 1024px\" \/><\/p>\n","protected":false},"excerpt":{"rendered":"<p>El passat divendres 24 de gener a la tarda al gimn\u00e0s de l\u2019escola vam fer el Mercat d\u2019intercanvi de roba de segona m\u00e0.\u00a0 Va passar tot l\u2019alumnat de l\u2019escola i, despr\u00e9s de mirar i emprovar, es van endur una pe\u00e7a de roba. Podem dir que va ser tot un \u00e8xit! Aquest mercat el vam comen\u00e7ar [&hellip;]<\/p>\n","protected":false},"author":1,"featured_media":4686,"comment_status":"closed","ping_status":"closed","sticky":false,"template":"","format":"standard","meta":{"_bbp_topic_count":0,"_bbp_reply_count":0,"_bbp_total_topic_count":0,"_bbp_total_reply_count":0,"_bbp_voice_count":0,"_bbp_anonymous_reply_count":0,"_bbp_topic_count_hidden":0,"_bbp_reply_count_hidden":0,"_bbp_forum_subforum_count":0,"site-sidebar-layout":"default","site-content-layout":"","ast-site-content-layout":"","site-content-style":"default","site-sidebar-style":"default","ast-global-header-display":"","ast-banner-title-visibility":"","ast-main-header-display":"","ast-hfb-above-header-display":"","ast-hfb-below-header-display":"","ast-hfb-mobile-header-display":"","site-post-title":"","ast-breadcrumbs-content":"","ast-featured-img":"","footer-sml-layout":"","theme-transparent-header-meta":"","adv-header-id-meta":"","stick-header-meta":"","header-above-stick-meta":"","header-main-stick-meta":"","header-below-stick-meta":"","astra-migrate-meta-layouts":"default","ast-page-background-enabled":"default","ast-page-background-meta":{"desktop":{"background-color":"var(--ast-global-color-4)","background-image":"","background-repeat":"repeat","background-position":"center center","background-size":"auto","background-attachment":"scroll","background-type":"","background-media":"","overlay-type":"","overlay-color":"","overlay-opacity":"","overlay-gradient":""},"tablet":{"background-color":"","background-image":"","background-repeat":"repeat","background-position":"center center","background-size":"auto","background-attachment":"scroll","background-type":"","background-media":"","overlay-type":"","overlay-color":"","overlay-opacity":"","overlay-gradient":""},"mobile":{"background-color":"","background-image":"","background-repeat":"repeat","background-position":"center center","background-size":"auto","background-attachment":"scroll","background-type":"","background-media":"","overlay-type":"","overlay-color":"","overlay-opacity":"","overlay-gradient":""}},"ast-content-background-meta":{"desktop":{"background-color":"var(--ast-global-color-5)","background-image":"","background-repeat":"repeat","background-position":"center center","background-size":"auto","background-attachment":"scroll","background-type":"","background-media":"","overlay-type":"","overlay-color":"","overlay-opacity":"","overlay-gradient":""},"tablet":{"background-color":"var(--ast-global-color-5)","background-image":"","background-repeat":"repeat","background-position":"center center","background-size":"auto","background-attachment":"scroll","background-type":"","background-media":"","overlay-type":"","overlay-color":"","overlay-opacity":"","overlay-gradient":""},"mobile":{"background-color":"var(--ast-global-color-5)","background-image":"","background-repeat":"repeat","background-position":"center center","background-size":"auto","background-attachment":"scroll","background-type":"","background-media":"","overlay-type":"","overlay-color":"","overlay-opacity":"","overlay-gradient":""}},"footnotes":""},"categories":[177,5,1,174],"tags":[],"class_list":["post-4684","post","type-post","status-publish","format-standard","has-post-thumbnail","hentry","category-comunitat-de-grans","category-e-primaria","category-general","category-grans"],"post_mailing_queue_ids":[],"_links":{"self":[{"href":"https:\/\/agora.xtec.cat\/escola-santacaterina-vinyols\/wp-json\/wp\/v2\/posts\/4684","targetHints":{"allow":["GET"]}}],"collection":[{"href":"https:\/\/agora.xtec.cat\/escola-santacaterina-vinyols\/wp-json\/wp\/v2\/posts"}],"about":[{"href":"https:\/\/agora.xtec.cat\/escola-santacaterina-vinyols\/wp-json\/wp\/v2\/types\/post"}],"author":[{"embeddable":true,"href":"https:\/\/agora.xtec.cat\/escola-santacaterina-vinyols\/wp-json\/wp\/v2\/users\/1"}],"replies":[{"embeddable":true,"href":"https:\/\/agora.xtec.cat\/escola-santacaterina-vinyols\/wp-json\/wp\/v2\/comments?post=4684"}],"version-history":[{"count":1,"href":"https:\/\/agora.xtec.cat\/escola-santacaterina-vinyols\/wp-json\/wp\/v2\/posts\/4684\/revisions"}],"predecessor-version":[{"id":4691,"href":"https:\/\/agora.xtec.cat\/escola-santacaterina-vinyols\/wp-json\/wp\/v2\/posts\/4684\/revisions\/4691"}],"wp:featuredmedia":[{"embeddable":true,"href":"https:\/\/agora.xtec.cat\/escola-santacaterina-vinyols\/wp-json\/wp\/v2\/media\/4686"}],"wp:attachment":[{"href":"https:\/\/agora.xtec.cat\/escola-santacaterina-vinyols\/wp-json\/wp\/v2\/media?parent=4684"}],"wp:term":[{"taxonomy":"category","embeddable":true,"href":"https:\/\/agora.xtec.cat\/escola-santacaterina-vinyols\/wp-json\/wp\/v2\/categories?post=4684"},{"taxonomy":"post_tag","embeddable":true,"href":"https:\/\/agora.xtec.cat\/escola-santacaterina-vinyols\/wp-json\/wp\/v2\/tags?post=4684"}],"curies":[{"name":"wp","href":"https:\/\/api.w.org\/{rel}","templated":true}]}}