{"id":4460,"date":"2024-03-15T19:49:53","date_gmt":"2024-03-15T18:49:53","guid":{"rendered":"https:\/\/agora.xtec.cat\/escola-santacaterina-vinyols\/?p=4460"},"modified":"2024-03-15T19:49:53","modified_gmt":"2024-03-15T18:49:53","slug":"el-treball-col%c2%b7lectiu-descriptura","status":"publish","type":"post","link":"https:\/\/agora.xtec.cat\/escola-santacaterina-vinyols\/general\/el-treball-col%c2%b7lectiu-descriptura\/","title":{"rendered":"EL TREBALL COL\u00b7LECTIU D&#8217;ESCRIPTURA"},"content":{"rendered":"<p><b>Benvolgudes fam\u00edlies,<\/b><\/p>\n<p>Amb un toc de misteri i un glop de m\u00e0gia, us convidem a embarcar-vos en un viatge emocionant al cor de la nostra aula de cinqu\u00e8 de prim\u00e0ria. Est\u00e0s llest per descobrir el secret de les nostres hist\u00f2ries? Endinsa&#8217;t en el m\u00f3n fascinant de la nostra redacci\u00f3 col\u00b7lectiva i observa com fem realitat els nostres somnis de tinta i paper.<\/p>\n<p><b>Qu\u00e8 \u00e9s la redacci\u00f3 col\u00b7lectiva?<\/b><\/p>\n<p>La redacci\u00f3 col\u00b7lectiva \u00e9s com un joc d&#8217;equilibri emocionant. \u00c9s quan ens convertim en mestres narradors, unint forces per teixir les hist\u00f2ries m\u00e9s captivadores que la nostra imaginaci\u00f3 pugui concebre. \u00c9s un ball m\u00e0gic de paraules, on cadasc\u00fa aporta el seu toc \u00fanic i, junts, creem un univers d&#8217;aventures i somnis.<\/p>\n<p><b>Com ho fem realitat?<\/b><\/p>\n<p>Com si f\u00f3ssim arquitectes d&#8217;un nou m\u00f3n, comencem amb una sessi\u00f3 de <em>brainstorming<\/em> plena de rialles i somriures. Despr\u00e9s, amb bol\u00edgraf en m\u00e0 i el cor ple d&#8217;il\u00b7lusi\u00f3, ens posem a treballar en petits grups, transformant les nostres visions en realitat. \u00c9s un viatge d&#8217;exploraci\u00f3 i descobriment, on cada pausa i cada sospir ens porten m\u00e9s a prop del nostre dest\u00ed: una hist\u00f2ria que tothom recordar\u00e0.<\/p>\n<p><b>El resultat final: un tresor per compartir<\/b><\/p>\n<p>Les nostres hist\u00f2ries s\u00f3n com el batec del nostre cor, plenes de vida i emoci\u00f3. Des de les rialles fins a les ll\u00e0grimes, cada p\u00e0gina \u00e9s un testimoni dels nostres somnis compartits i dels lligams que ens uneixen com una gran fam\u00edlia.<\/p>\n<p><b>Conclusi\u00f3: una nova aventura ens espera<\/b><\/p>\n<p>La redacci\u00f3 col\u00b7lectiva \u00e9s molt m\u00e9s que un mer exercici d&#8217;escriptura; \u00e9s una oportunitat per connectar-nos, cr\u00e9ixer i descobrir el m\u00f3n meravell\u00f3s de les nostres pr\u00f2pies idees. Estem emocionats de compartir aquest viatge amb vosaltres. Junts, som capa\u00e7os de crear les hist\u00f2ries m\u00e9s incre\u00efbles que el m\u00f3n mai ha vist.<\/p>\n<p><b>Gr\u00e0cies per ser part dels nostres somnis i les nostres aventures.<\/b><\/p>\n<p><b><img loading=\"lazy\" decoding=\"async\" class=\"aligncenter size-large wp-image-4461\" src=\"https:\/\/agora.xtec.cat\/escola-santacaterina-vinyols\/wp-content\/uploads\/usu964\/2024\/03\/IMG_4963-1024x768.jpg\" alt=\"\" width=\"1024\" height=\"768\" srcset=\"https:\/\/agora.xtec.cat\/escola-santacaterina-vinyols\/wp-content\/uploads\/usu964\/2024\/03\/IMG_4963-1024x768.jpg 1024w, https:\/\/agora.xtec.cat\/escola-santacaterina-vinyols\/wp-content\/uploads\/usu964\/2024\/03\/IMG_4963-300x225.jpg 300w, https:\/\/agora.xtec.cat\/escola-santacaterina-vinyols\/wp-content\/uploads\/usu964\/2024\/03\/IMG_4963-768x576.jpg 768w, https:\/\/agora.xtec.cat\/escola-santacaterina-vinyols\/wp-content\/uploads\/usu964\/2024\/03\/IMG_4963-1536x1152.jpg 1536w, https:\/\/agora.xtec.cat\/escola-santacaterina-vinyols\/wp-content\/uploads\/usu964\/2024\/03\/IMG_4963-2048x1536.jpg 2048w, https:\/\/agora.xtec.cat\/escola-santacaterina-vinyols\/wp-content\/uploads\/usu964\/2024\/03\/IMG_4963-200x150.jpg 200w\" sizes=\"auto, (max-width: 1024px) 100vw, 1024px\" \/> <img loading=\"lazy\" decoding=\"async\" class=\"aligncenter size-large wp-image-4462\" src=\"https:\/\/agora.xtec.cat\/escola-santacaterina-vinyols\/wp-content\/uploads\/usu964\/2024\/03\/IMG_4964-1024x768.jpg\" alt=\"\" width=\"1024\" height=\"768\" srcset=\"https:\/\/agora.xtec.cat\/escola-santacaterina-vinyols\/wp-content\/uploads\/usu964\/2024\/03\/IMG_4964-1024x768.jpg 1024w, https:\/\/agora.xtec.cat\/escola-santacaterina-vinyols\/wp-content\/uploads\/usu964\/2024\/03\/IMG_4964-300x225.jpg 300w, https:\/\/agora.xtec.cat\/escola-santacaterina-vinyols\/wp-content\/uploads\/usu964\/2024\/03\/IMG_4964-768x576.jpg 768w, https:\/\/agora.xtec.cat\/escola-santacaterina-vinyols\/wp-content\/uploads\/usu964\/2024\/03\/IMG_4964-1536x1152.jpg 1536w, https:\/\/agora.xtec.cat\/escola-santacaterina-vinyols\/wp-content\/uploads\/usu964\/2024\/03\/IMG_4964-2048x1536.jpg 2048w, https:\/\/agora.xtec.cat\/escola-santacaterina-vinyols\/wp-content\/uploads\/usu964\/2024\/03\/IMG_4964-200x150.jpg 200w\" sizes=\"auto, (max-width: 1024px) 100vw, 1024px\" \/> <img loading=\"lazy\" decoding=\"async\" class=\"aligncenter size-large wp-image-4463\" src=\"https:\/\/agora.xtec.cat\/escola-santacaterina-vinyols\/wp-content\/uploads\/usu964\/2024\/03\/IMG_4962-1024x768.jpg\" alt=\"\" width=\"1024\" height=\"768\" srcset=\"https:\/\/agora.xtec.cat\/escola-santacaterina-vinyols\/wp-content\/uploads\/usu964\/2024\/03\/IMG_4962-1024x768.jpg 1024w, https:\/\/agora.xtec.cat\/escola-santacaterina-vinyols\/wp-content\/uploads\/usu964\/2024\/03\/IMG_4962-300x225.jpg 300w, https:\/\/agora.xtec.cat\/escola-santacaterina-vinyols\/wp-content\/uploads\/usu964\/2024\/03\/IMG_4962-768x576.jpg 768w, https:\/\/agora.xtec.cat\/escola-santacaterina-vinyols\/wp-content\/uploads\/usu964\/2024\/03\/IMG_4962-1536x1152.jpg 1536w, https:\/\/agora.xtec.cat\/escola-santacaterina-vinyols\/wp-content\/uploads\/usu964\/2024\/03\/IMG_4962-2048x1536.jpg 2048w, https:\/\/agora.xtec.cat\/escola-santacaterina-vinyols\/wp-content\/uploads\/usu964\/2024\/03\/IMG_4962-200x150.jpg 200w\" sizes=\"auto, (max-width: 1024px) 100vw, 1024px\" \/> <img loading=\"lazy\" decoding=\"async\" class=\"aligncenter size-large wp-image-4464\" src=\"https:\/\/agora.xtec.cat\/escola-santacaterina-vinyols\/wp-content\/uploads\/usu964\/2024\/03\/IMG_4965-1024x768.jpg\" alt=\"\" width=\"1024\" height=\"768\" srcset=\"https:\/\/agora.xtec.cat\/escola-santacaterina-vinyols\/wp-content\/uploads\/usu964\/2024\/03\/IMG_4965-1024x768.jpg 1024w, https:\/\/agora.xtec.cat\/escola-santacaterina-vinyols\/wp-content\/uploads\/usu964\/2024\/03\/IMG_4965-300x225.jpg 300w, https:\/\/agora.xtec.cat\/escola-santacaterina-vinyols\/wp-content\/uploads\/usu964\/2024\/03\/IMG_4965-768x576.jpg 768w, https:\/\/agora.xtec.cat\/escola-santacaterina-vinyols\/wp-content\/uploads\/usu964\/2024\/03\/IMG_4965-1536x1152.jpg 1536w, https:\/\/agora.xtec.cat\/escola-santacaterina-vinyols\/wp-content\/uploads\/usu964\/2024\/03\/IMG_4965-2048x1536.jpg 2048w, https:\/\/agora.xtec.cat\/escola-santacaterina-vinyols\/wp-content\/uploads\/usu964\/2024\/03\/IMG_4965-200x150.jpg 200w\" sizes=\"auto, (max-width: 1024px) 100vw, 1024px\" \/><\/b><\/p>\n","protected":false},"excerpt":{"rendered":"<p>Benvolgudes fam\u00edlies, Amb un toc de misteri i un glop de m\u00e0gia, us convidem a embarcar-vos en un viatge emocionant al cor de la nostra aula de cinqu\u00e8 de prim\u00e0ria. Est\u00e0s llest per descobrir el secret de les nostres hist\u00f2ries? Endinsa&#8217;t en el m\u00f3n fascinant de la nostra redacci\u00f3 col\u00b7lectiva i observa com fem realitat [&hellip;]<\/p>\n","protected":false},"author":1,"featured_media":4461,"comment_status":"closed","ping_status":"closed","sticky":false,"template":"","format":"standard","meta":{"_bbp_topic_count":0,"_bbp_reply_count":0,"_bbp_total_topic_count":0,"_bbp_total_reply_count":0,"_bbp_voice_count":0,"_bbp_anonymous_reply_count":0,"_bbp_topic_count_hidden":0,"_bbp_reply_count_hidden":0,"_bbp_forum_subforum_count":0,"site-sidebar-layout":"default","site-content-layout":"","ast-site-content-layout":"","site-content-style":"default","site-sidebar-style":"default","ast-global-header-display":"","ast-banner-title-visibility":"","ast-main-header-display":"","ast-hfb-above-header-display":"","ast-hfb-below-header-display":"","ast-hfb-mobile-header-display":"","site-post-title":"","ast-breadcrumbs-content":"","ast-featured-img":"","footer-sml-layout":"","theme-transparent-header-meta":"","adv-header-id-meta":"","stick-header-meta":"","header-above-stick-meta":"","header-main-stick-meta":"","header-below-stick-meta":"","astra-migrate-meta-layouts":"default","ast-page-background-enabled":"default","ast-page-background-meta":{"desktop":{"background-color":"var(--ast-global-color-4)","background-image":"","background-repeat":"repeat","background-position":"center center","background-size":"auto","background-attachment":"scroll","background-type":"","background-media":"","overlay-type":"","overlay-color":"","overlay-opacity":"","overlay-gradient":""},"tablet":{"background-color":"","background-image":"","background-repeat":"repeat","background-position":"center center","background-size":"auto","background-attachment":"scroll","background-type":"","background-media":"","overlay-type":"","overlay-color":"","overlay-opacity":"","overlay-gradient":""},"mobile":{"background-color":"","background-image":"","background-repeat":"repeat","background-position":"center center","background-size":"auto","background-attachment":"scroll","background-type":"","background-media":"","overlay-type":"","overlay-color":"","overlay-opacity":"","overlay-gradient":""}},"ast-content-background-meta":{"desktop":{"background-color":"var(--ast-global-color-5)","background-image":"","background-repeat":"repeat","background-position":"center center","background-size":"auto","background-attachment":"scroll","background-type":"","background-media":"","overlay-type":"","overlay-color":"","overlay-opacity":"","overlay-gradient":""},"tablet":{"background-color":"var(--ast-global-color-5)","background-image":"","background-repeat":"repeat","background-position":"center center","background-size":"auto","background-attachment":"scroll","background-type":"","background-media":"","overlay-type":"","overlay-color":"","overlay-opacity":"","overlay-gradient":""},"mobile":{"background-color":"var(--ast-global-color-5)","background-image":"","background-repeat":"repeat","background-position":"center center","background-size":"auto","background-attachment":"scroll","background-type":"","background-media":"","overlay-type":"","overlay-color":"","overlay-opacity":"","overlay-gradient":""}},"footnotes":""},"categories":[13,14,15,177,1,174],"tags":[],"class_list":["post-4460","post","type-post","status-publish","format-standard","has-post-thumbnail","hentry","category-4t","category-5e","category-6e","category-comunitat-de-grans","category-general","category-grans"],"post_mailing_queue_ids":[],"_links":{"self":[{"href":"https:\/\/agora.xtec.cat\/escola-santacaterina-vinyols\/wp-json\/wp\/v2\/posts\/4460","targetHints":{"allow":["GET"]}}],"collection":[{"href":"https:\/\/agora.xtec.cat\/escola-santacaterina-vinyols\/wp-json\/wp\/v2\/posts"}],"about":[{"href":"https:\/\/agora.xtec.cat\/escola-santacaterina-vinyols\/wp-json\/wp\/v2\/types\/post"}],"author":[{"embeddable":true,"href":"https:\/\/agora.xtec.cat\/escola-santacaterina-vinyols\/wp-json\/wp\/v2\/users\/1"}],"replies":[{"embeddable":true,"href":"https:\/\/agora.xtec.cat\/escola-santacaterina-vinyols\/wp-json\/wp\/v2\/comments?post=4460"}],"version-history":[{"count":1,"href":"https:\/\/agora.xtec.cat\/escola-santacaterina-vinyols\/wp-json\/wp\/v2\/posts\/4460\/revisions"}],"predecessor-version":[{"id":4465,"href":"https:\/\/agora.xtec.cat\/escola-santacaterina-vinyols\/wp-json\/wp\/v2\/posts\/4460\/revisions\/4465"}],"wp:featuredmedia":[{"embeddable":true,"href":"https:\/\/agora.xtec.cat\/escola-santacaterina-vinyols\/wp-json\/wp\/v2\/media\/4461"}],"wp:attachment":[{"href":"https:\/\/agora.xtec.cat\/escola-santacaterina-vinyols\/wp-json\/wp\/v2\/media?parent=4460"}],"wp:term":[{"taxonomy":"category","embeddable":true,"href":"https:\/\/agora.xtec.cat\/escola-santacaterina-vinyols\/wp-json\/wp\/v2\/categories?post=4460"},{"taxonomy":"post_tag","embeddable":true,"href":"https:\/\/agora.xtec.cat\/escola-santacaterina-vinyols\/wp-json\/wp\/v2\/tags?post=4460"}],"curies":[{"name":"wp","href":"https:\/\/api.w.org\/{rel}","templated":true}]}}