{"id":4383,"date":"2024-01-26T16:50:45","date_gmt":"2024-01-26T15:50:45","guid":{"rendered":"https:\/\/agora.xtec.cat\/escola-santacaterina-vinyols\/?p=4383"},"modified":"2024-01-26T16:50:45","modified_gmt":"2024-01-26T15:50:45","slug":"contes-amb-judit-robert","status":"publish","type":"post","link":"https:\/\/agora.xtec.cat\/escola-santacaterina-vinyols\/general\/contes-amb-judit-robert\/","title":{"rendered":"CONTES AMB JUDIT ROBERT"},"content":{"rendered":"<p>Aquesta setmana hem tingut la sort de gaudir d\u2019una bona estona de biblioteca amb la Judit Robert, ve\u00efna de Mont-roig, escriptora i apassionada per la lectura i les arts pl\u00e0stiques.<\/p>\n<p>Com ens agrada que ens expliquin hist\u00f2ries i, sobretot, si ens les expliquen amb tanta passi\u00f3.<\/p>\n<p>Hem escoltat diversos contes. Tots ens han agradat molt. A m\u00e9s a m\u00e9s, aprofitant que aquest mes es destaca el dia de la pau, tamb\u00e9 hem conegut contes relacionats amb aquesta tem\u00e0tica.<\/p>\n<p>Judit, tens les portes obertes de l\u2019escola. T\u2019esperem sempre que vulguis, gr\u00e0cies!<\/p>\n<p><img loading=\"lazy\" decoding=\"async\" class=\"aligncenter size-large wp-image-4384\" src=\"https:\/\/agora.xtec.cat\/escola-santacaterina-vinyols\/wp-content\/uploads\/usu964\/2024\/01\/cde8e961-2b63-43fd-a8bf-cccef9938278-1024x576.jpg\" alt=\"\" width=\"1024\" height=\"576\" srcset=\"https:\/\/agora.xtec.cat\/escola-santacaterina-vinyols\/wp-content\/uploads\/usu964\/2024\/01\/cde8e961-2b63-43fd-a8bf-cccef9938278-1024x576.jpg 1024w, https:\/\/agora.xtec.cat\/escola-santacaterina-vinyols\/wp-content\/uploads\/usu964\/2024\/01\/cde8e961-2b63-43fd-a8bf-cccef9938278-300x169.jpg 300w, https:\/\/agora.xtec.cat\/escola-santacaterina-vinyols\/wp-content\/uploads\/usu964\/2024\/01\/cde8e961-2b63-43fd-a8bf-cccef9938278-768x432.jpg 768w, https:\/\/agora.xtec.cat\/escola-santacaterina-vinyols\/wp-content\/uploads\/usu964\/2024\/01\/cde8e961-2b63-43fd-a8bf-cccef9938278-1536x864.jpg 1536w, https:\/\/agora.xtec.cat\/escola-santacaterina-vinyols\/wp-content\/uploads\/usu964\/2024\/01\/cde8e961-2b63-43fd-a8bf-cccef9938278.jpg 1793w\" sizes=\"auto, (max-width: 1024px) 100vw, 1024px\" \/> <img loading=\"lazy\" decoding=\"async\" class=\"aligncenter size-large wp-image-4385\" src=\"https:\/\/agora.xtec.cat\/escola-santacaterina-vinyols\/wp-content\/uploads\/usu964\/2024\/01\/d91765e3-c64c-4312-be90-d4abcc95872e.jpg\" alt=\"\" width=\"768\" height=\"1024\" srcset=\"https:\/\/agora.xtec.cat\/escola-santacaterina-vinyols\/wp-content\/uploads\/usu964\/2024\/01\/d91765e3-c64c-4312-be90-d4abcc95872e.jpg 768w, https:\/\/agora.xtec.cat\/escola-santacaterina-vinyols\/wp-content\/uploads\/usu964\/2024\/01\/d91765e3-c64c-4312-be90-d4abcc95872e-225x300.jpg 225w\" sizes=\"auto, (max-width: 768px) 100vw, 768px\" \/> <img loading=\"lazy\" decoding=\"async\" class=\"aligncenter size-large wp-image-4386\" src=\"https:\/\/agora.xtec.cat\/escola-santacaterina-vinyols\/wp-content\/uploads\/usu964\/2024\/01\/de6dd18e-4444-49f0-8782-739f7a222c5f-1024x768.jpg\" alt=\"\" width=\"1024\" height=\"768\" srcset=\"https:\/\/agora.xtec.cat\/escola-santacaterina-vinyols\/wp-content\/uploads\/usu964\/2024\/01\/de6dd18e-4444-49f0-8782-739f7a222c5f-1024x768.jpg 1024w, https:\/\/agora.xtec.cat\/escola-santacaterina-vinyols\/wp-content\/uploads\/usu964\/2024\/01\/de6dd18e-4444-49f0-8782-739f7a222c5f-300x225.jpg 300w, https:\/\/agora.xtec.cat\/escola-santacaterina-vinyols\/wp-content\/uploads\/usu964\/2024\/01\/de6dd18e-4444-49f0-8782-739f7a222c5f-768x576.jpg 768w, https:\/\/agora.xtec.cat\/escola-santacaterina-vinyols\/wp-content\/uploads\/usu964\/2024\/01\/de6dd18e-4444-49f0-8782-739f7a222c5f-1536x1152.jpg 1536w, https:\/\/agora.xtec.cat\/escola-santacaterina-vinyols\/wp-content\/uploads\/usu964\/2024\/01\/de6dd18e-4444-49f0-8782-739f7a222c5f-200x150.jpg 200w, https:\/\/agora.xtec.cat\/escola-santacaterina-vinyols\/wp-content\/uploads\/usu964\/2024\/01\/de6dd18e-4444-49f0-8782-739f7a222c5f.jpg 2000w\" sizes=\"auto, (max-width: 1024px) 100vw, 1024px\" \/> <img loading=\"lazy\" decoding=\"async\" class=\"aligncenter size-large wp-image-4387\" src=\"https:\/\/agora.xtec.cat\/escola-santacaterina-vinyols\/wp-content\/uploads\/usu964\/2024\/01\/e75fa682-4a57-486e-82ae-1c24c7085d89.jpg\" alt=\"\" width=\"1024\" height=\"768\" srcset=\"https:\/\/agora.xtec.cat\/escola-santacaterina-vinyols\/wp-content\/uploads\/usu964\/2024\/01\/e75fa682-4a57-486e-82ae-1c24c7085d89.jpg 1024w, https:\/\/agora.xtec.cat\/escola-santacaterina-vinyols\/wp-content\/uploads\/usu964\/2024\/01\/e75fa682-4a57-486e-82ae-1c24c7085d89-300x225.jpg 300w, https:\/\/agora.xtec.cat\/escola-santacaterina-vinyols\/wp-content\/uploads\/usu964\/2024\/01\/e75fa682-4a57-486e-82ae-1c24c7085d89-768x576.jpg 768w, https:\/\/agora.xtec.cat\/escola-santacaterina-vinyols\/wp-content\/uploads\/usu964\/2024\/01\/e75fa682-4a57-486e-82ae-1c24c7085d89-200x150.jpg 200w\" sizes=\"auto, (max-width: 1024px) 100vw, 1024px\" \/> <img loading=\"lazy\" decoding=\"async\" class=\"aligncenter size-large wp-image-4388\" src=\"https:\/\/agora.xtec.cat\/escola-santacaterina-vinyols\/wp-content\/uploads\/usu964\/2024\/01\/f6df953d-5e26-417c-87e1-71ee5aee8cdb-1024x768.jpg\" alt=\"\" width=\"1024\" height=\"768\" srcset=\"https:\/\/agora.xtec.cat\/escola-santacaterina-vinyols\/wp-content\/uploads\/usu964\/2024\/01\/f6df953d-5e26-417c-87e1-71ee5aee8cdb-1024x768.jpg 1024w, https:\/\/agora.xtec.cat\/escola-santacaterina-vinyols\/wp-content\/uploads\/usu964\/2024\/01\/f6df953d-5e26-417c-87e1-71ee5aee8cdb-300x225.jpg 300w, https:\/\/agora.xtec.cat\/escola-santacaterina-vinyols\/wp-content\/uploads\/usu964\/2024\/01\/f6df953d-5e26-417c-87e1-71ee5aee8cdb-768x576.jpg 768w, https:\/\/agora.xtec.cat\/escola-santacaterina-vinyols\/wp-content\/uploads\/usu964\/2024\/01\/f6df953d-5e26-417c-87e1-71ee5aee8cdb-1536x1152.jpg 1536w, https:\/\/agora.xtec.cat\/escola-santacaterina-vinyols\/wp-content\/uploads\/usu964\/2024\/01\/f6df953d-5e26-417c-87e1-71ee5aee8cdb-200x150.jpg 200w, https:\/\/agora.xtec.cat\/escola-santacaterina-vinyols\/wp-content\/uploads\/usu964\/2024\/01\/f6df953d-5e26-417c-87e1-71ee5aee8cdb.jpg 2000w\" sizes=\"auto, (max-width: 1024px) 100vw, 1024px\" \/> <img loading=\"lazy\" decoding=\"async\" class=\"aligncenter size-large wp-image-4389\" src=\"https:\/\/agora.xtec.cat\/escola-santacaterina-vinyols\/wp-content\/uploads\/usu964\/2024\/01\/f60d4f3c-f6f6-4f64-9620-5e58d63cf31d-1024x768.jpg\" alt=\"\" width=\"1024\" height=\"768\" srcset=\"https:\/\/agora.xtec.cat\/escola-santacaterina-vinyols\/wp-content\/uploads\/usu964\/2024\/01\/f60d4f3c-f6f6-4f64-9620-5e58d63cf31d-1024x768.jpg 1024w, https:\/\/agora.xtec.cat\/escola-santacaterina-vinyols\/wp-content\/uploads\/usu964\/2024\/01\/f60d4f3c-f6f6-4f64-9620-5e58d63cf31d-300x225.jpg 300w, https:\/\/agora.xtec.cat\/escola-santacaterina-vinyols\/wp-content\/uploads\/usu964\/2024\/01\/f60d4f3c-f6f6-4f64-9620-5e58d63cf31d-768x576.jpg 768w, https:\/\/agora.xtec.cat\/escola-santacaterina-vinyols\/wp-content\/uploads\/usu964\/2024\/01\/f60d4f3c-f6f6-4f64-9620-5e58d63cf31d-1536x1152.jpg 1536w, https:\/\/agora.xtec.cat\/escola-santacaterina-vinyols\/wp-content\/uploads\/usu964\/2024\/01\/f60d4f3c-f6f6-4f64-9620-5e58d63cf31d-200x150.jpg 200w, https:\/\/agora.xtec.cat\/escola-santacaterina-vinyols\/wp-content\/uploads\/usu964\/2024\/01\/f60d4f3c-f6f6-4f64-9620-5e58d63cf31d.jpg 2000w\" sizes=\"auto, (max-width: 1024px) 100vw, 1024px\" \/><\/p>\n","protected":false},"excerpt":{"rendered":"<p>Aquesta setmana hem tingut la sort de gaudir d\u2019una bona estona de biblioteca amb la Judit Robert, ve\u00efna de Mont-roig, escriptora i apassionada per la lectura i les arts pl\u00e0stiques. Com ens agrada que ens expliquin hist\u00f2ries i, sobretot, si ens les expliquen amb tanta passi\u00f3. Hem escoltat diversos contes. Tots ens han agradat molt. [&hellip;]<\/p>\n","protected":false},"author":1,"featured_media":4387,"comment_status":"closed","ping_status":"closed","sticky":false,"template":"","format":"standard","meta":{"_bbp_topic_count":0,"_bbp_reply_count":0,"_bbp_total_topic_count":0,"_bbp_total_reply_count":0,"_bbp_voice_count":0,"_bbp_anonymous_reply_count":0,"_bbp_topic_count_hidden":0,"_bbp_reply_count_hidden":0,"_bbp_forum_subforum_count":0,"site-sidebar-layout":"default","site-content-layout":"","ast-site-content-layout":"","site-content-style":"default","site-sidebar-style":"default","ast-global-header-display":"","ast-banner-title-visibility":"","ast-main-header-display":"","ast-hfb-above-header-display":"","ast-hfb-below-header-display":"","ast-hfb-mobile-header-display":"","site-post-title":"","ast-breadcrumbs-content":"","ast-featured-img":"","footer-sml-layout":"","theme-transparent-header-meta":"","adv-header-id-meta":"","stick-header-meta":"","header-above-stick-meta":"","header-main-stick-meta":"","header-below-stick-meta":"","astra-migrate-meta-layouts":"default","ast-page-background-enabled":"default","ast-page-background-meta":{"desktop":{"background-color":"var(--ast-global-color-4)","background-image":"","background-repeat":"repeat","background-position":"center center","background-size":"auto","background-attachment":"scroll","background-type":"","background-media":"","overlay-type":"","overlay-color":"","overlay-opacity":"","overlay-gradient":""},"tablet":{"background-color":"","background-image":"","background-repeat":"repeat","background-position":"center center","background-size":"auto","background-attachment":"scroll","background-type":"","background-media":"","overlay-type":"","overlay-color":"","overlay-opacity":"","overlay-gradient":""},"mobile":{"background-color":"","background-image":"","background-repeat":"repeat","background-position":"center center","background-size":"auto","background-attachment":"scroll","background-type":"","background-media":"","overlay-type":"","overlay-color":"","overlay-opacity":"","overlay-gradient":""}},"ast-content-background-meta":{"desktop":{"background-color":"var(--ast-global-color-5)","background-image":"","background-repeat":"repeat","background-position":"center center","background-size":"auto","background-attachment":"scroll","background-type":"","background-media":"","overlay-type":"","overlay-color":"","overlay-opacity":"","overlay-gradient":""},"tablet":{"background-color":"var(--ast-global-color-5)","background-image":"","background-repeat":"repeat","background-position":"center center","background-size":"auto","background-attachment":"scroll","background-type":"","background-media":"","overlay-type":"","overlay-color":"","overlay-opacity":"","overlay-gradient":""},"mobile":{"background-color":"var(--ast-global-color-5)","background-image":"","background-repeat":"repeat","background-position":"center center","background-size":"auto","background-attachment":"scroll","background-type":"","background-media":"","overlay-type":"","overlay-color":"","overlay-opacity":"","overlay-gradient":""}},"footnotes":""},"categories":[10,11,12,176,175,66,1,3,8,9,173,172],"tags":[],"class_list":["post-4383","post","type-post","status-publish","format-standard","has-post-thumbnail","hentry","category-1r","category-2n","category-3r","category-comunitat-de-mitjans","category-comunitat-de-petits","category-e-infantil","category-general","category-i3","category-i4","category-i5","category-mitjans","category-petits"],"post_mailing_queue_ids":[],"_links":{"self":[{"href":"https:\/\/agora.xtec.cat\/escola-santacaterina-vinyols\/wp-json\/wp\/v2\/posts\/4383","targetHints":{"allow":["GET"]}}],"collection":[{"href":"https:\/\/agora.xtec.cat\/escola-santacaterina-vinyols\/wp-json\/wp\/v2\/posts"}],"about":[{"href":"https:\/\/agora.xtec.cat\/escola-santacaterina-vinyols\/wp-json\/wp\/v2\/types\/post"}],"author":[{"embeddable":true,"href":"https:\/\/agora.xtec.cat\/escola-santacaterina-vinyols\/wp-json\/wp\/v2\/users\/1"}],"replies":[{"embeddable":true,"href":"https:\/\/agora.xtec.cat\/escola-santacaterina-vinyols\/wp-json\/wp\/v2\/comments?post=4383"}],"version-history":[{"count":1,"href":"https:\/\/agora.xtec.cat\/escola-santacaterina-vinyols\/wp-json\/wp\/v2\/posts\/4383\/revisions"}],"predecessor-version":[{"id":4390,"href":"https:\/\/agora.xtec.cat\/escola-santacaterina-vinyols\/wp-json\/wp\/v2\/posts\/4383\/revisions\/4390"}],"wp:featuredmedia":[{"embeddable":true,"href":"https:\/\/agora.xtec.cat\/escola-santacaterina-vinyols\/wp-json\/wp\/v2\/media\/4387"}],"wp:attachment":[{"href":"https:\/\/agora.xtec.cat\/escola-santacaterina-vinyols\/wp-json\/wp\/v2\/media?parent=4383"}],"wp:term":[{"taxonomy":"category","embeddable":true,"href":"https:\/\/agora.xtec.cat\/escola-santacaterina-vinyols\/wp-json\/wp\/v2\/categories?post=4383"},{"taxonomy":"post_tag","embeddable":true,"href":"https:\/\/agora.xtec.cat\/escola-santacaterina-vinyols\/wp-json\/wp\/v2\/tags?post=4383"}],"curies":[{"name":"wp","href":"https:\/\/api.w.org\/{rel}","templated":true}]}}