{"id":4308,"date":"2023-11-09T12:57:16","date_gmt":"2023-11-09T11:57:16","guid":{"rendered":"https:\/\/agora.xtec.cat\/escola-santacaterina-vinyols\/?p=4308"},"modified":"2023-11-09T12:59:45","modified_gmt":"2023-11-09T11:59:45","slug":"excursio-a-vilanova-de-prades","status":"publish","type":"post","link":"https:\/\/agora.xtec.cat\/escola-santacaterina-vinyols\/general\/excursio-a-vilanova-de-prades\/","title":{"rendered":"EXCURSI\u00d3 A VILANOVA DE PRADES"},"content":{"rendered":"<p>La comunitat de petits, el dia 31 d\u2019octubre, vam anar a celebrar la castanyada a Vilanova de Prades.<\/p>\n<p>Un cop arribats i esmorzats, vam comen\u00e7ar una caminada pel bosc on vam trobar un seguit de pistes que\u2026\u00a0 ens van ajudar a trobar la castanyera!<\/p>\n<p>Per\u00f2 no va ser tan f\u00e0cil, tamb\u00e9 vam haver de cridar-la molt. Despr\u00e9s de molt d\u2019esfor\u00e7, la castanyera va apar\u00e8ixer de la part m\u00e9s alta del bosc.<\/p>\n<p>Tots junts vam ajudar-la a plegar castanyes que despr\u00e9s de dinar vam torrar tot cantant i ballant.<\/p>\n<p>Comunitat de petits<\/p>\n<p><img loading=\"lazy\" decoding=\"async\" class=\"aligncenter size-large wp-image-4309\" src=\"https:\/\/agora.xtec.cat\/escola-santacaterina-vinyols\/wp-content\/uploads\/usu964\/2023\/11\/IMG-20231031-WA0019-1024x768.jpg\" alt=\"\" width=\"1024\" height=\"768\" srcset=\"https:\/\/agora.xtec.cat\/escola-santacaterina-vinyols\/wp-content\/uploads\/usu964\/2023\/11\/IMG-20231031-WA0019-1024x768.jpg 1024w, https:\/\/agora.xtec.cat\/escola-santacaterina-vinyols\/wp-content\/uploads\/usu964\/2023\/11\/IMG-20231031-WA0019-300x225.jpg 300w, https:\/\/agora.xtec.cat\/escola-santacaterina-vinyols\/wp-content\/uploads\/usu964\/2023\/11\/IMG-20231031-WA0019-768x576.jpg 768w, https:\/\/agora.xtec.cat\/escola-santacaterina-vinyols\/wp-content\/uploads\/usu964\/2023\/11\/IMG-20231031-WA0019-1536x1152.jpg 1536w, https:\/\/agora.xtec.cat\/escola-santacaterina-vinyols\/wp-content\/uploads\/usu964\/2023\/11\/IMG-20231031-WA0019-200x150.jpg 200w, https:\/\/agora.xtec.cat\/escola-santacaterina-vinyols\/wp-content\/uploads\/usu964\/2023\/11\/IMG-20231031-WA0019.jpg 2016w\" sizes=\"auto, (max-width: 1024px) 100vw, 1024px\" \/> <img loading=\"lazy\" decoding=\"async\" class=\"aligncenter size-large wp-image-4310\" src=\"https:\/\/agora.xtec.cat\/escola-santacaterina-vinyols\/wp-content\/uploads\/usu964\/2023\/11\/IMG_20231031_123215-768x1024.jpg\" alt=\"\" width=\"768\" height=\"1024\" srcset=\"https:\/\/agora.xtec.cat\/escola-santacaterina-vinyols\/wp-content\/uploads\/usu964\/2023\/11\/IMG_20231031_123215-768x1024.jpg 768w, https:\/\/agora.xtec.cat\/escola-santacaterina-vinyols\/wp-content\/uploads\/usu964\/2023\/11\/IMG_20231031_123215-225x300.jpg 225w, https:\/\/agora.xtec.cat\/escola-santacaterina-vinyols\/wp-content\/uploads\/usu964\/2023\/11\/IMG_20231031_123215-1152x1536.jpg 1152w, https:\/\/agora.xtec.cat\/escola-santacaterina-vinyols\/wp-content\/uploads\/usu964\/2023\/11\/IMG_20231031_123215-1536x2048.jpg 1536w, https:\/\/agora.xtec.cat\/escola-santacaterina-vinyols\/wp-content\/uploads\/usu964\/2023\/11\/IMG_20231031_123215-scaled.jpg 1920w\" sizes=\"auto, (max-width: 768px) 100vw, 768px\" \/> <img loading=\"lazy\" decoding=\"async\" class=\"aligncenter size-large wp-image-4311\" src=\"https:\/\/agora.xtec.cat\/escola-santacaterina-vinyols\/wp-content\/uploads\/usu964\/2023\/11\/IMG_20231031_145118-1024x768.jpg\" alt=\"\" width=\"1024\" height=\"768\" srcset=\"https:\/\/agora.xtec.cat\/escola-santacaterina-vinyols\/wp-content\/uploads\/usu964\/2023\/11\/IMG_20231031_145118-1024x768.jpg 1024w, https:\/\/agora.xtec.cat\/escola-santacaterina-vinyols\/wp-content\/uploads\/usu964\/2023\/11\/IMG_20231031_145118-300x225.jpg 300w, https:\/\/agora.xtec.cat\/escola-santacaterina-vinyols\/wp-content\/uploads\/usu964\/2023\/11\/IMG_20231031_145118-768x576.jpg 768w, https:\/\/agora.xtec.cat\/escola-santacaterina-vinyols\/wp-content\/uploads\/usu964\/2023\/11\/IMG_20231031_145118-1536x1152.jpg 1536w, https:\/\/agora.xtec.cat\/escola-santacaterina-vinyols\/wp-content\/uploads\/usu964\/2023\/11\/IMG_20231031_145118-2048x1536.jpg 2048w, https:\/\/agora.xtec.cat\/escola-santacaterina-vinyols\/wp-content\/uploads\/usu964\/2023\/11\/IMG_20231031_145118-200x150.jpg 200w\" sizes=\"auto, (max-width: 1024px) 100vw, 1024px\" \/> <img loading=\"lazy\" decoding=\"async\" class=\"aligncenter size-large wp-image-4312\" src=\"https:\/\/agora.xtec.cat\/escola-santacaterina-vinyols\/wp-content\/uploads\/usu964\/2023\/11\/IMG_20231031_115133-min-1024x768.jpg\" alt=\"\" width=\"1024\" height=\"768\" srcset=\"https:\/\/agora.xtec.cat\/escola-santacaterina-vinyols\/wp-content\/uploads\/usu964\/2023\/11\/IMG_20231031_115133-min-1024x768.jpg 1024w, https:\/\/agora.xtec.cat\/escola-santacaterina-vinyols\/wp-content\/uploads\/usu964\/2023\/11\/IMG_20231031_115133-min-300x225.jpg 300w, https:\/\/agora.xtec.cat\/escola-santacaterina-vinyols\/wp-content\/uploads\/usu964\/2023\/11\/IMG_20231031_115133-min-768x576.jpg 768w, https:\/\/agora.xtec.cat\/escola-santacaterina-vinyols\/wp-content\/uploads\/usu964\/2023\/11\/IMG_20231031_115133-min-1536x1152.jpg 1536w, https:\/\/agora.xtec.cat\/escola-santacaterina-vinyols\/wp-content\/uploads\/usu964\/2023\/11\/IMG_20231031_115133-min-2048x1536.jpg 2048w, https:\/\/agora.xtec.cat\/escola-santacaterina-vinyols\/wp-content\/uploads\/usu964\/2023\/11\/IMG_20231031_115133-min-200x150.jpg 200w\" sizes=\"auto, (max-width: 1024px) 100vw, 1024px\" \/> <img loading=\"lazy\" decoding=\"async\" class=\"aligncenter size-large wp-image-4313\" src=\"https:\/\/agora.xtec.cat\/escola-santacaterina-vinyols\/wp-content\/uploads\/usu964\/2023\/11\/IMG_20231031_123231-min-1024x768.jpg\" alt=\"\" width=\"1024\" height=\"768\" srcset=\"https:\/\/agora.xtec.cat\/escola-santacaterina-vinyols\/wp-content\/uploads\/usu964\/2023\/11\/IMG_20231031_123231-min-1024x768.jpg 1024w, https:\/\/agora.xtec.cat\/escola-santacaterina-vinyols\/wp-content\/uploads\/usu964\/2023\/11\/IMG_20231031_123231-min-300x225.jpg 300w, https:\/\/agora.xtec.cat\/escola-santacaterina-vinyols\/wp-content\/uploads\/usu964\/2023\/11\/IMG_20231031_123231-min-768x576.jpg 768w, https:\/\/agora.xtec.cat\/escola-santacaterina-vinyols\/wp-content\/uploads\/usu964\/2023\/11\/IMG_20231031_123231-min-1536x1152.jpg 1536w, https:\/\/agora.xtec.cat\/escola-santacaterina-vinyols\/wp-content\/uploads\/usu964\/2023\/11\/IMG_20231031_123231-min-2048x1536.jpg 2048w, https:\/\/agora.xtec.cat\/escola-santacaterina-vinyols\/wp-content\/uploads\/usu964\/2023\/11\/IMG_20231031_123231-min-200x150.jpg 200w\" sizes=\"auto, (max-width: 1024px) 100vw, 1024px\" \/><\/p>\n","protected":false},"excerpt":{"rendered":"<p>La comunitat de petits, el dia 31 d\u2019octubre, vam anar a celebrar la castanyada a Vilanova de Prades. Un cop arribats i esmorzats, vam comen\u00e7ar una caminada pel bosc on vam trobar un seguit de pistes que\u2026\u00a0 ens van ajudar a trobar la castanyera! Per\u00f2 no va ser tan f\u00e0cil, tamb\u00e9 vam haver de cridar-la [&hellip;]<\/p>\n","protected":false},"author":1,"featured_media":4309,"comment_status":"closed","ping_status":"closed","sticky":false,"template":"","format":"standard","meta":{"_bbp_topic_count":0,"_bbp_reply_count":0,"_bbp_total_topic_count":0,"_bbp_total_reply_count":0,"_bbp_voice_count":0,"_bbp_anonymous_reply_count":0,"_bbp_topic_count_hidden":0,"_bbp_reply_count_hidden":0,"_bbp_forum_subforum_count":0,"site-sidebar-layout":"default","site-content-layout":"","ast-site-content-layout":"","site-content-style":"default","site-sidebar-style":"default","ast-global-header-display":"","ast-banner-title-visibility":"","ast-main-header-display":"","ast-hfb-above-header-display":"","ast-hfb-below-header-display":"","ast-hfb-mobile-header-display":"","site-post-title":"","ast-breadcrumbs-content":"","ast-featured-img":"","footer-sml-layout":"","theme-transparent-header-meta":"","adv-header-id-meta":"","stick-header-meta":"","header-above-stick-meta":"","header-main-stick-meta":"","header-below-stick-meta":"","astra-migrate-meta-layouts":"default","ast-page-background-enabled":"default","ast-page-background-meta":{"desktop":{"background-color":"var(--ast-global-color-4)","background-image":"","background-repeat":"repeat","background-position":"center center","background-size":"auto","background-attachment":"scroll","background-type":"","background-media":"","overlay-type":"","overlay-color":"","overlay-opacity":"","overlay-gradient":""},"tablet":{"background-color":"","background-image":"","background-repeat":"repeat","background-position":"center center","background-size":"auto","background-attachment":"scroll","background-type":"","background-media":"","overlay-type":"","overlay-color":"","overlay-opacity":"","overlay-gradient":""},"mobile":{"background-color":"","background-image":"","background-repeat":"repeat","background-position":"center center","background-size":"auto","background-attachment":"scroll","background-type":"","background-media":"","overlay-type":"","overlay-color":"","overlay-opacity":"","overlay-gradient":""}},"ast-content-background-meta":{"desktop":{"background-color":"var(--ast-global-color-5)","background-image":"","background-repeat":"repeat","background-position":"center center","background-size":"auto","background-attachment":"scroll","background-type":"","background-media":"","overlay-type":"","overlay-color":"","overlay-opacity":"","overlay-gradient":""},"tablet":{"background-color":"var(--ast-global-color-5)","background-image":"","background-repeat":"repeat","background-position":"center center","background-size":"auto","background-attachment":"scroll","background-type":"","background-media":"","overlay-type":"","overlay-color":"","overlay-opacity":"","overlay-gradient":""},"mobile":{"background-color":"var(--ast-global-color-5)","background-image":"","background-repeat":"repeat","background-position":"center center","background-size":"auto","background-attachment":"scroll","background-type":"","background-media":"","overlay-type":"","overlay-color":"","overlay-opacity":"","overlay-gradient":""}},"footnotes":""},"categories":[175,66,1,172],"tags":[],"class_list":["post-4308","post","type-post","status-publish","format-standard","has-post-thumbnail","hentry","category-comunitat-de-petits","category-e-infantil","category-general","category-petits"],"post_mailing_queue_ids":[],"_links":{"self":[{"href":"https:\/\/agora.xtec.cat\/escola-santacaterina-vinyols\/wp-json\/wp\/v2\/posts\/4308","targetHints":{"allow":["GET"]}}],"collection":[{"href":"https:\/\/agora.xtec.cat\/escola-santacaterina-vinyols\/wp-json\/wp\/v2\/posts"}],"about":[{"href":"https:\/\/agora.xtec.cat\/escola-santacaterina-vinyols\/wp-json\/wp\/v2\/types\/post"}],"author":[{"embeddable":true,"href":"https:\/\/agora.xtec.cat\/escola-santacaterina-vinyols\/wp-json\/wp\/v2\/users\/1"}],"replies":[{"embeddable":true,"href":"https:\/\/agora.xtec.cat\/escola-santacaterina-vinyols\/wp-json\/wp\/v2\/comments?post=4308"}],"version-history":[{"count":3,"href":"https:\/\/agora.xtec.cat\/escola-santacaterina-vinyols\/wp-json\/wp\/v2\/posts\/4308\/revisions"}],"predecessor-version":[{"id":4316,"href":"https:\/\/agora.xtec.cat\/escola-santacaterina-vinyols\/wp-json\/wp\/v2\/posts\/4308\/revisions\/4316"}],"wp:featuredmedia":[{"embeddable":true,"href":"https:\/\/agora.xtec.cat\/escola-santacaterina-vinyols\/wp-json\/wp\/v2\/media\/4309"}],"wp:attachment":[{"href":"https:\/\/agora.xtec.cat\/escola-santacaterina-vinyols\/wp-json\/wp\/v2\/media?parent=4308"}],"wp:term":[{"taxonomy":"category","embeddable":true,"href":"https:\/\/agora.xtec.cat\/escola-santacaterina-vinyols\/wp-json\/wp\/v2\/categories?post=4308"},{"taxonomy":"post_tag","embeddable":true,"href":"https:\/\/agora.xtec.cat\/escola-santacaterina-vinyols\/wp-json\/wp\/v2\/tags?post=4308"}],"curies":[{"name":"wp","href":"https:\/\/api.w.org\/{rel}","templated":true}]}}