{"id":4056,"date":"2023-05-04T20:21:33","date_gmt":"2023-05-04T18:21:33","guid":{"rendered":"https:\/\/agora.xtec.cat\/escola-santacaterina-vinyols\/?p=4056"},"modified":"2023-05-04T20:21:33","modified_gmt":"2023-05-04T18:21:33","slug":"campanya-de-donacio-de-sang","status":"publish","type":"post","link":"https:\/\/agora.xtec.cat\/escola-santacaterina-vinyols\/general\/campanya-de-donacio-de-sang\/","title":{"rendered":"CAMPANYA DE DONACI\u00d3 DE SANG"},"content":{"rendered":"<p><span style=\"font-weight: 400;\">Els nens i nenes de 4t hem tingut la sort i la responsabilitat de participar en la campanya de donaci\u00f3 de sang que tindr\u00e0 lloc el pr\u00f2xim dilluns 8 de maig al Casal del poble de Vinyols i els Arcs. El primer que vam fer va ser escoltar la xerrada que ens va fer la M\u00edriam, l\u2019encarregada de la campanya, en la qual ens va explicar la import\u00e0ncia de donar sang i qui podia fer-ho. Despr\u00e9s, vam haver de pensar un lema i dissenyar un logo per als fulletons i cartells que servirien per anunciar la campanya. Finalment, el logo i disseny de l\u2019Aina va ser l\u2019escollit.\u00a0<\/span><\/p>\n<p><span style=\"font-weight: 400;\">Esperem que aquell dia hi hagi la m\u00e0xima participaci\u00f3 perqu\u00e8\u2026\u00a0<\/span><\/p>\n<p><span style=\"font-weight: 400;\">LA SANG \u00c9S EL COR QUE BATEGA PER VIURE!<\/span><\/p>\n<p><a href=\"https:\/\/agora.xtec.cat\/escola-santacaterina-vinyols\/wp-content\/uploads\/usu964\/2023\/05\/CA4_TDR1_APS_mgil_vinyolsarcs_CA-1.jpg\"><img loading=\"lazy\" decoding=\"async\" class=\"aligncenter size-large wp-image-4057\" src=\"https:\/\/agora.xtec.cat\/escola-santacaterina-vinyols\/wp-content\/uploads\/usu964\/2023\/05\/CA4_TDR1_APS_mgil_vinyolsarcs_CA-1-724x1024.jpg\" alt=\"\" width=\"724\" height=\"1024\" srcset=\"https:\/\/agora.xtec.cat\/escola-santacaterina-vinyols\/wp-content\/uploads\/usu964\/2023\/05\/CA4_TDR1_APS_mgil_vinyolsarcs_CA-1-724x1024.jpg 724w, https:\/\/agora.xtec.cat\/escola-santacaterina-vinyols\/wp-content\/uploads\/usu964\/2023\/05\/CA4_TDR1_APS_mgil_vinyolsarcs_CA-1-212x300.jpg 212w, https:\/\/agora.xtec.cat\/escola-santacaterina-vinyols\/wp-content\/uploads\/usu964\/2023\/05\/CA4_TDR1_APS_mgil_vinyolsarcs_CA-1-768x1086.jpg 768w, https:\/\/agora.xtec.cat\/escola-santacaterina-vinyols\/wp-content\/uploads\/usu964\/2023\/05\/CA4_TDR1_APS_mgil_vinyolsarcs_CA-1-1086x1536.jpg 1086w, https:\/\/agora.xtec.cat\/escola-santacaterina-vinyols\/wp-content\/uploads\/usu964\/2023\/05\/CA4_TDR1_APS_mgil_vinyolsarcs_CA-1.jpg 1240w\" sizes=\"auto, (max-width: 724px) 100vw, 724px\" \/><\/a><\/p>\n","protected":false},"excerpt":{"rendered":"<p>Els nens i nenes de 4t hem tingut la sort i la responsabilitat de participar en la campanya de donaci\u00f3 de sang que tindr\u00e0 lloc el pr\u00f2xim dilluns 8 de maig al Casal del poble de Vinyols i els Arcs. El primer que vam fer va ser escoltar la xerrada que ens va fer la [&hellip;]<\/p>\n","protected":false},"author":1,"featured_media":4057,"comment_status":"closed","ping_status":"closed","sticky":false,"template":"","format":"standard","meta":{"_bbp_topic_count":0,"_bbp_reply_count":0,"_bbp_total_topic_count":0,"_bbp_total_reply_count":0,"_bbp_voice_count":0,"_bbp_anonymous_reply_count":0,"_bbp_topic_count_hidden":0,"_bbp_reply_count_hidden":0,"_bbp_forum_subforum_count":0,"site-sidebar-layout":"default","site-content-layout":"","ast-site-content-layout":"","site-content-style":"default","site-sidebar-style":"default","ast-global-header-display":"","ast-banner-title-visibility":"","ast-main-header-display":"","ast-hfb-above-header-display":"","ast-hfb-below-header-display":"","ast-hfb-mobile-header-display":"","site-post-title":"","ast-breadcrumbs-content":"","ast-featured-img":"","footer-sml-layout":"","theme-transparent-header-meta":"","adv-header-id-meta":"","stick-header-meta":"","header-above-stick-meta":"","header-main-stick-meta":"","header-below-stick-meta":"","astra-migrate-meta-layouts":"default","ast-page-background-enabled":"default","ast-page-background-meta":{"desktop":{"background-color":"var(--ast-global-color-4)","background-image":"","background-repeat":"repeat","background-position":"center center","background-size":"auto","background-attachment":"scroll","background-type":"","background-media":"","overlay-type":"","overlay-color":"","overlay-opacity":"","overlay-gradient":""},"tablet":{"background-color":"","background-image":"","background-repeat":"repeat","background-position":"center center","background-size":"auto","background-attachment":"scroll","background-type":"","background-media":"","overlay-type":"","overlay-color":"","overlay-opacity":"","overlay-gradient":""},"mobile":{"background-color":"","background-image":"","background-repeat":"repeat","background-position":"center center","background-size":"auto","background-attachment":"scroll","background-type":"","background-media":"","overlay-type":"","overlay-color":"","overlay-opacity":"","overlay-gradient":""}},"ast-content-background-meta":{"desktop":{"background-color":"var(--ast-global-color-5)","background-image":"","background-repeat":"repeat","background-position":"center center","background-size":"auto","background-attachment":"scroll","background-type":"","background-media":"","overlay-type":"","overlay-color":"","overlay-opacity":"","overlay-gradient":""},"tablet":{"background-color":"var(--ast-global-color-5)","background-image":"","background-repeat":"repeat","background-position":"center center","background-size":"auto","background-attachment":"scroll","background-type":"","background-media":"","overlay-type":"","overlay-color":"","overlay-opacity":"","overlay-gradient":""},"mobile":{"background-color":"var(--ast-global-color-5)","background-image":"","background-repeat":"repeat","background-position":"center center","background-size":"auto","background-attachment":"scroll","background-type":"","background-media":"","overlay-type":"","overlay-color":"","overlay-opacity":"","overlay-gradient":""}},"footnotes":""},"categories":[13,62,177,5,1],"tags":[],"class_list":["post-4056","post","type-post","status-publish","format-standard","has-post-thumbnail","hentry","category-4t","category-c-mitja","category-comunitat-de-grans","category-e-primaria","category-general"],"post_mailing_queue_ids":[],"_links":{"self":[{"href":"https:\/\/agora.xtec.cat\/escola-santacaterina-vinyols\/wp-json\/wp\/v2\/posts\/4056","targetHints":{"allow":["GET"]}}],"collection":[{"href":"https:\/\/agora.xtec.cat\/escola-santacaterina-vinyols\/wp-json\/wp\/v2\/posts"}],"about":[{"href":"https:\/\/agora.xtec.cat\/escola-santacaterina-vinyols\/wp-json\/wp\/v2\/types\/post"}],"author":[{"embeddable":true,"href":"https:\/\/agora.xtec.cat\/escola-santacaterina-vinyols\/wp-json\/wp\/v2\/users\/1"}],"replies":[{"embeddable":true,"href":"https:\/\/agora.xtec.cat\/escola-santacaterina-vinyols\/wp-json\/wp\/v2\/comments?post=4056"}],"version-history":[{"count":1,"href":"https:\/\/agora.xtec.cat\/escola-santacaterina-vinyols\/wp-json\/wp\/v2\/posts\/4056\/revisions"}],"predecessor-version":[{"id":4058,"href":"https:\/\/agora.xtec.cat\/escola-santacaterina-vinyols\/wp-json\/wp\/v2\/posts\/4056\/revisions\/4058"}],"wp:featuredmedia":[{"embeddable":true,"href":"https:\/\/agora.xtec.cat\/escola-santacaterina-vinyols\/wp-json\/wp\/v2\/media\/4057"}],"wp:attachment":[{"href":"https:\/\/agora.xtec.cat\/escola-santacaterina-vinyols\/wp-json\/wp\/v2\/media?parent=4056"}],"wp:term":[{"taxonomy":"category","embeddable":true,"href":"https:\/\/agora.xtec.cat\/escola-santacaterina-vinyols\/wp-json\/wp\/v2\/categories?post=4056"},{"taxonomy":"post_tag","embeddable":true,"href":"https:\/\/agora.xtec.cat\/escola-santacaterina-vinyols\/wp-json\/wp\/v2\/tags?post=4056"}],"curies":[{"name":"wp","href":"https:\/\/api.w.org\/{rel}","templated":true}]}}