{"id":3975,"date":"2023-02-26T19:21:19","date_gmt":"2023-02-26T18:21:19","guid":{"rendered":"https:\/\/agora.xtec.cat\/escola-santacaterina-vinyols\/?p=3975"},"modified":"2023-02-26T19:21:19","modified_gmt":"2023-02-26T18:21:19","slug":"sortida-al-castell-de-miravet","status":"publish","type":"post","link":"https:\/\/agora.xtec.cat\/escola-santacaterina-vinyols\/general\/sortida-al-castell-de-miravet\/","title":{"rendered":"SORTIDA AL CASTELL DE MIRAVET"},"content":{"rendered":"<p><span style=\"font-weight: 400;\">El dia 15 de febrer els i les alumnes de la Comunitat de Mitjans vam visitar el castell de Miravet.<\/span><\/p>\n<p><span style=\"font-weight: 400;\">L\u2019autocar ens va deixar al poble. Vam pujar per un cam\u00ed cap dalt del castell. Quan vam arribar, vam esmorzar i despr\u00e9s vam fer una activitat molt bonica que ens va permetre rec\u00f3rrer el castell.<\/span><\/p>\n<p><span style=\"font-weight: 400;\">Vam veure un petit fossar, les muralles amb merlets i la porta d\u2019entrada. Quan vam entrar, al costat de la porta reixada hi havia una cisterna d\u2019aigua i a l\u2019altre costat una habitaci\u00f3 a on estaven els gu\u00e0rdies. Vam entrar al pati d\u2019armes i vam buscar formes geom\u00e8triques. Vam veure el menjador i la cuina.<\/span><\/p>\n<p><span style=\"font-weight: 400;\">Al davant de l&#8217;esgl\u00e9sia vam mesurar les pedres amb pams i amb cintes m\u00e8triques. El terra ho vam mesurar amb peus.<\/span><\/p>\n<p><span style=\"font-weight: 400;\">Dins de l&#8217;esgl\u00e9sia vam fer d\u2019exploradors. Vam agafar llanternes i lupes. Vam veure que hi havia noms, dibuixos, creus i s\u00edmbols a les pedres de la paret.\u00a0<\/span><\/p>\n<p><span style=\"font-weight: 400;\">A fora del castell vam agafar els prism\u00e0tics i van veure a baix l&#8217;autocar, el riu Ebre, cases i moltes coses m\u00e9s. Vam agafar la br\u00faixola i vam buscar el nord.<\/span><\/p>\n<p><span style=\"font-weight: 400;\">Despr\u00e9s de dinar vam baixar pel mateix cam\u00ed cap al poble i vam anar a un parc que era molt divertit.<\/span><\/p>\n<p><span style=\"font-weight: 400;\">Ens va agradar molt aquesta sortida!\u00a0<\/span><\/p>\n<p><a href=\"https:\/\/agora.xtec.cat\/escola-santacaterina-vinyols\/wp-content\/uploads\/usu964\/2023\/02\/20230215_103344-scaled.jpg\"><img loading=\"lazy\" decoding=\"async\" class=\"aligncenter size-large wp-image-3976\" src=\"https:\/\/agora.xtec.cat\/escola-santacaterina-vinyols\/wp-content\/uploads\/usu964\/2023\/02\/20230215_103344-768x1024.jpg\" alt=\"\" width=\"768\" height=\"1024\" srcset=\"https:\/\/agora.xtec.cat\/escola-santacaterina-vinyols\/wp-content\/uploads\/usu964\/2023\/02\/20230215_103344-768x1024.jpg 768w, https:\/\/agora.xtec.cat\/escola-santacaterina-vinyols\/wp-content\/uploads\/usu964\/2023\/02\/20230215_103344-225x300.jpg 225w, https:\/\/agora.xtec.cat\/escola-santacaterina-vinyols\/wp-content\/uploads\/usu964\/2023\/02\/20230215_103344-1152x1536.jpg 1152w, https:\/\/agora.xtec.cat\/escola-santacaterina-vinyols\/wp-content\/uploads\/usu964\/2023\/02\/20230215_103344-1536x2048.jpg 1536w, https:\/\/agora.xtec.cat\/escola-santacaterina-vinyols\/wp-content\/uploads\/usu964\/2023\/02\/20230215_103344-scaled.jpg 1920w\" sizes=\"auto, (max-width: 768px) 100vw, 768px\" \/><\/a><\/p>\n","protected":false},"excerpt":{"rendered":"<p>El dia 15 de febrer els i les alumnes de la Comunitat de Mitjans vam visitar el castell de Miravet. L\u2019autocar ens va deixar al poble. Vam pujar per un cam\u00ed cap dalt del castell. Quan vam arribar, vam esmorzar i despr\u00e9s vam fer una activitat molt bonica que ens va permetre rec\u00f3rrer el castell. [&hellip;]<\/p>\n","protected":false},"author":1,"featured_media":3977,"comment_status":"closed","ping_status":"closed","sticky":false,"template":"","format":"standard","meta":{"_bbp_topic_count":0,"_bbp_reply_count":0,"_bbp_total_topic_count":0,"_bbp_total_reply_count":0,"_bbp_voice_count":0,"_bbp_anonymous_reply_count":0,"_bbp_topic_count_hidden":0,"_bbp_reply_count_hidden":0,"_bbp_forum_subforum_count":0,"site-sidebar-layout":"default","site-content-layout":"","ast-site-content-layout":"","site-content-style":"default","site-sidebar-style":"default","ast-global-header-display":"","ast-banner-title-visibility":"","ast-main-header-display":"","ast-hfb-above-header-display":"","ast-hfb-below-header-display":"","ast-hfb-mobile-header-display":"","site-post-title":"","ast-breadcrumbs-content":"","ast-featured-img":"","footer-sml-layout":"","theme-transparent-header-meta":"","adv-header-id-meta":"","stick-header-meta":"","header-above-stick-meta":"","header-main-stick-meta":"","header-below-stick-meta":"","astra-migrate-meta-layouts":"default","ast-page-background-enabled":"default","ast-page-background-meta":{"desktop":{"background-color":"var(--ast-global-color-4)","background-image":"","background-repeat":"repeat","background-position":"center center","background-size":"auto","background-attachment":"scroll","background-type":"","background-media":"","overlay-type":"","overlay-color":"","overlay-opacity":"","overlay-gradient":""},"tablet":{"background-color":"","background-image":"","background-repeat":"repeat","background-position":"center center","background-size":"auto","background-attachment":"scroll","background-type":"","background-media":"","overlay-type":"","overlay-color":"","overlay-opacity":"","overlay-gradient":""},"mobile":{"background-color":"","background-image":"","background-repeat":"repeat","background-position":"center center","background-size":"auto","background-attachment":"scroll","background-type":"","background-media":"","overlay-type":"","overlay-color":"","overlay-opacity":"","overlay-gradient":""}},"ast-content-background-meta":{"desktop":{"background-color":"var(--ast-global-color-5)","background-image":"","background-repeat":"repeat","background-position":"center center","background-size":"auto","background-attachment":"scroll","background-type":"","background-media":"","overlay-type":"","overlay-color":"","overlay-opacity":"","overlay-gradient":""},"tablet":{"background-color":"var(--ast-global-color-5)","background-image":"","background-repeat":"repeat","background-position":"center center","background-size":"auto","background-attachment":"scroll","background-type":"","background-media":"","overlay-type":"","overlay-color":"","overlay-opacity":"","overlay-gradient":""},"mobile":{"background-color":"var(--ast-global-color-5)","background-image":"","background-repeat":"repeat","background-position":"center center","background-size":"auto","background-attachment":"scroll","background-type":"","background-media":"","overlay-type":"","overlay-color":"","overlay-opacity":"","overlay-gradient":""}},"footnotes":""},"categories":[10,11,12,61,62,176,5,1,173],"tags":[],"class_list":["post-3975","post","type-post","status-publish","format-standard","has-post-thumbnail","hentry","category-1r","category-2n","category-3r","category-c-inicial","category-c-mitja","category-comunitat-de-mitjans","category-e-primaria","category-general","category-mitjans"],"post_mailing_queue_ids":[],"_links":{"self":[{"href":"https:\/\/agora.xtec.cat\/escola-santacaterina-vinyols\/wp-json\/wp\/v2\/posts\/3975","targetHints":{"allow":["GET"]}}],"collection":[{"href":"https:\/\/agora.xtec.cat\/escola-santacaterina-vinyols\/wp-json\/wp\/v2\/posts"}],"about":[{"href":"https:\/\/agora.xtec.cat\/escola-santacaterina-vinyols\/wp-json\/wp\/v2\/types\/post"}],"author":[{"embeddable":true,"href":"https:\/\/agora.xtec.cat\/escola-santacaterina-vinyols\/wp-json\/wp\/v2\/users\/1"}],"replies":[{"embeddable":true,"href":"https:\/\/agora.xtec.cat\/escola-santacaterina-vinyols\/wp-json\/wp\/v2\/comments?post=3975"}],"version-history":[{"count":1,"href":"https:\/\/agora.xtec.cat\/escola-santacaterina-vinyols\/wp-json\/wp\/v2\/posts\/3975\/revisions"}],"predecessor-version":[{"id":3979,"href":"https:\/\/agora.xtec.cat\/escola-santacaterina-vinyols\/wp-json\/wp\/v2\/posts\/3975\/revisions\/3979"}],"wp:featuredmedia":[{"embeddable":true,"href":"https:\/\/agora.xtec.cat\/escola-santacaterina-vinyols\/wp-json\/wp\/v2\/media\/3977"}],"wp:attachment":[{"href":"https:\/\/agora.xtec.cat\/escola-santacaterina-vinyols\/wp-json\/wp\/v2\/media?parent=3975"}],"wp:term":[{"taxonomy":"category","embeddable":true,"href":"https:\/\/agora.xtec.cat\/escola-santacaterina-vinyols\/wp-json\/wp\/v2\/categories?post=3975"},{"taxonomy":"post_tag","embeddable":true,"href":"https:\/\/agora.xtec.cat\/escola-santacaterina-vinyols\/wp-json\/wp\/v2\/tags?post=3975"}],"curies":[{"name":"wp","href":"https:\/\/api.w.org\/{rel}","templated":true}]}}