{"id":3842,"date":"2022-08-30T12:51:37","date_gmt":"2022-08-30T10:51:37","guid":{"rendered":"https:\/\/agora.xtec.cat\/escola-santacaterina-vinyols\/?p=3842"},"modified":"2022-08-30T12:51:37","modified_gmt":"2022-08-30T10:51:37","slug":"reunions-dinici-de-curs-3","status":"publish","type":"post","link":"https:\/\/agora.xtec.cat\/escola-santacaterina-vinyols\/general\/reunions-dinici-de-curs-3\/","title":{"rendered":"Reunions d&#8217;inici de curs"},"content":{"rendered":"<p>El proper dia 2 de setembre es realitzaran les reunions de pares amb els tutors\/es de forma presencial.<\/p>\n<p>Els horaris s\u00f3n:<\/p>\n<p>&nbsp;<\/p>\n<table style=\"width: 72.0343%; height: 318px;\">\n<tbody>\n<tr style=\"height: 57px;\">\n<td style=\"width: 33.1461%; height: 57px; text-align: center;\"><b>hora<\/b><\/td>\n<td style=\"width: 228.478%; height: 57px; text-align: center;\" colspan=\"3\"><b>grups<\/b><\/td>\n<\/tr>\n<tr style=\"height: 73px;\">\n<td style=\"width: 33.1461%; height: 73px;\"><b>9:30\u00a0<\/b><\/td>\n<td style=\"width: 23.6611%; height: 73px;\"><b>p3<\/b><\/td>\n<td style=\"width: 22.2866%; height: 73px;\"><b>5\u00e8<\/b><\/td>\n<td style=\"width: 182.53%; height: 73px;\"><b>6\u00e8<\/b><\/td>\n<\/tr>\n<tr style=\"height: 73px;\">\n<td style=\"width: 33.1461%; height: 73px;\"><b>10:30\u00a0<\/b><\/td>\n<td style=\"width: 23.6611%; height: 73px;\"><b>p4<\/b><\/td>\n<td style=\"width: 22.2866%; height: 73px;\"><b>2n<\/b><\/td>\n<td style=\"width: 182.53%; height: 73px;\"><\/td>\n<\/tr>\n<tr style=\"height: 73px;\">\n<td style=\"width: 33.1461%; height: 73px;\"><b>11:30<\/b><\/td>\n<td style=\"width: 23.6611%; height: 73px;\"><b>1r<\/b><\/td>\n<td style=\"width: 22.2866%; height: 73px;\"><b>p5<\/b><\/td>\n<td style=\"width: 182.53%; height: 73px;\"><b>4t<\/b><\/td>\n<\/tr>\n<tr style=\"height: 42px;\">\n<td style=\"width: 33.1461%; height: 42px;\"><b>12:30<\/b><\/td>\n<td style=\"width: 23.6611%; height: 42px;\"><b>3r<\/b><\/td>\n<td style=\"width: 22.2866%; height: 42px;\"><\/td>\n<td style=\"width: 182.53%; height: 42px;\"><\/td>\n<\/tr>\n<\/tbody>\n<\/table>\n<p>Les fam\u00edlies que no puguin assistir a la reuni\u00f3 de forma presencial que es posin en contacte amb el centre per correu electr\u00f2nic.<\/p>\n","protected":false},"excerpt":{"rendered":"<p>El proper dia 2 de setembre es realitzaran les reunions de pares amb els tutors\/es de forma presencial. Els horaris s\u00f3n: &nbsp; hora grups 9:30\u00a0 p3 5\u00e8 6\u00e8 10:30\u00a0 p4 2n 11:30 1r p5 4t 12:30 3r Les fam\u00edlies que no puguin assistir a la reuni\u00f3 de forma presencial que es posin en contacte amb [&hellip;]<\/p>\n","protected":false},"author":1,"featured_media":3844,"comment_status":"open","ping_status":"closed","sticky":false,"template":"","format":"standard","meta":{"_bbp_topic_count":0,"_bbp_reply_count":0,"_bbp_total_topic_count":0,"_bbp_total_reply_count":0,"_bbp_voice_count":0,"_bbp_anonymous_reply_count":0,"_bbp_topic_count_hidden":0,"_bbp_reply_count_hidden":0,"_bbp_forum_subforum_count":0,"site-sidebar-layout":"default","site-content-layout":"","ast-site-content-layout":"","site-content-style":"default","site-sidebar-style":"default","ast-global-header-display":"","ast-banner-title-visibility":"","ast-main-header-display":"","ast-hfb-above-header-display":"","ast-hfb-below-header-display":"","ast-hfb-mobile-header-display":"","site-post-title":"","ast-breadcrumbs-content":"","ast-featured-img":"","footer-sml-layout":"","theme-transparent-header-meta":"","adv-header-id-meta":"","stick-header-meta":"","header-above-stick-meta":"","header-main-stick-meta":"","header-below-stick-meta":"","astra-migrate-meta-layouts":"default","ast-page-background-enabled":"default","ast-page-background-meta":{"desktop":{"background-color":"var(--ast-global-color-4)","background-image":"","background-repeat":"repeat","background-position":"center center","background-size":"auto","background-attachment":"scroll","background-type":"","background-media":"","overlay-type":"","overlay-color":"","overlay-opacity":"","overlay-gradient":""},"tablet":{"background-color":"","background-image":"","background-repeat":"repeat","background-position":"center center","background-size":"auto","background-attachment":"scroll","background-type":"","background-media":"","overlay-type":"","overlay-color":"","overlay-opacity":"","overlay-gradient":""},"mobile":{"background-color":"","background-image":"","background-repeat":"repeat","background-position":"center center","background-size":"auto","background-attachment":"scroll","background-type":"","background-media":"","overlay-type":"","overlay-color":"","overlay-opacity":"","overlay-gradient":""}},"ast-content-background-meta":{"desktop":{"background-color":"var(--ast-global-color-5)","background-image":"","background-repeat":"repeat","background-position":"center center","background-size":"auto","background-attachment":"scroll","background-type":"","background-media":"","overlay-type":"","overlay-color":"","overlay-opacity":"","overlay-gradient":""},"tablet":{"background-color":"var(--ast-global-color-5)","background-image":"","background-repeat":"repeat","background-position":"center center","background-size":"auto","background-attachment":"scroll","background-type":"","background-media":"","overlay-type":"","overlay-color":"","overlay-opacity":"","overlay-gradient":""},"mobile":{"background-color":"var(--ast-global-color-5)","background-image":"","background-repeat":"repeat","background-position":"center center","background-size":"auto","background-attachment":"scroll","background-type":"","background-media":"","overlay-type":"","overlay-color":"","overlay-opacity":"","overlay-gradient":""}},"footnotes":""},"categories":[1],"tags":[],"class_list":["post-3842","post","type-post","status-publish","format-standard","has-post-thumbnail","hentry","category-general"],"post_mailing_queue_ids":[],"_links":{"self":[{"href":"https:\/\/agora.xtec.cat\/escola-santacaterina-vinyols\/wp-json\/wp\/v2\/posts\/3842","targetHints":{"allow":["GET"]}}],"collection":[{"href":"https:\/\/agora.xtec.cat\/escola-santacaterina-vinyols\/wp-json\/wp\/v2\/posts"}],"about":[{"href":"https:\/\/agora.xtec.cat\/escola-santacaterina-vinyols\/wp-json\/wp\/v2\/types\/post"}],"author":[{"embeddable":true,"href":"https:\/\/agora.xtec.cat\/escola-santacaterina-vinyols\/wp-json\/wp\/v2\/users\/1"}],"replies":[{"embeddable":true,"href":"https:\/\/agora.xtec.cat\/escola-santacaterina-vinyols\/wp-json\/wp\/v2\/comments?post=3842"}],"version-history":[{"count":2,"href":"https:\/\/agora.xtec.cat\/escola-santacaterina-vinyols\/wp-json\/wp\/v2\/posts\/3842\/revisions"}],"predecessor-version":[{"id":3845,"href":"https:\/\/agora.xtec.cat\/escola-santacaterina-vinyols\/wp-json\/wp\/v2\/posts\/3842\/revisions\/3845"}],"wp:featuredmedia":[{"embeddable":true,"href":"https:\/\/agora.xtec.cat\/escola-santacaterina-vinyols\/wp-json\/wp\/v2\/media\/3844"}],"wp:attachment":[{"href":"https:\/\/agora.xtec.cat\/escola-santacaterina-vinyols\/wp-json\/wp\/v2\/media?parent=3842"}],"wp:term":[{"taxonomy":"category","embeddable":true,"href":"https:\/\/agora.xtec.cat\/escola-santacaterina-vinyols\/wp-json\/wp\/v2\/categories?post=3842"},{"taxonomy":"post_tag","embeddable":true,"href":"https:\/\/agora.xtec.cat\/escola-santacaterina-vinyols\/wp-json\/wp\/v2\/tags?post=3842"}],"curies":[{"name":"wp","href":"https:\/\/api.w.org\/{rel}","templated":true}]}}