{"id":3743,"date":"2022-02-08T12:00:12","date_gmt":"2022-02-08T11:00:12","guid":{"rendered":"https:\/\/agora.xtec.cat\/escola-santacaterina-vinyols\/?p=3743"},"modified":"2022-02-08T12:00:12","modified_gmt":"2022-02-08T11:00:12","slug":"projecte-de-la-prehistoria","status":"publish","type":"post","link":"https:\/\/agora.xtec.cat\/escola-santacaterina-vinyols\/general\/projecte-de-la-prehistoria\/","title":{"rendered":"PROJECTE DE LA PREHIST\u00d2RIA"},"content":{"rendered":"<p><span style=\"font-weight: 400;\">En tornar de les vacances, la Comunitat de Grans hem comen\u00e7at el projecte de la Prehist\u00f2ria, que \u00e9s el per\u00edode m\u00e9s llarga de la hist\u00f2ria, amb l&#8217;aparici\u00f3 dels primers humans. Aquest est\u00e0 dividit en tres etapes: Paleol\u00edtic, Neol\u00edtic i l&#8217;Edat del Metall.<\/span><\/p>\n<p><span style=\"font-weight: 400;\">Tamb\u00e9 estem estudiant l&#8217;evoluci\u00f3 de l&#8217;home i els nostres avantpassats; els simis. En cada etapa els homes han anat evolucionant.<\/span><\/p>\n<p>&nbsp;<\/p>\n<p><span style=\"font-weight: 400;\">Paleol\u00edtic:<\/span><\/p>\n<p><span style=\"font-weight: 400;\">Ca\u00e7ava amb armes fetes de pedra, arcs, banyes de mamut&#8230;<\/span><\/p>\n<p><span style=\"font-weight: 400;\">Agafava fruits de les plantes.<\/span><\/p>\n<p><span style=\"font-weight: 400;\">Vivien en coves<\/span><\/p>\n<p><span style=\"font-weight: 400;\">Van aprendre a fer foc, per escalfar-se, cuinar&#8230;<\/span><\/p>\n<p><span style=\"font-weight: 400;\">Pintaven a les coves pintures rupestres, perqu\u00e8 donava bona sort.<\/span><\/p>\n<p><span style=\"font-weight: 400;\">Eren n\u00f2mades, canviaven de cova, perqu\u00e8 se&#8217;ls hi acabava el menjar.<\/span><\/p>\n<p>&nbsp;<\/p>\n<p><span style=\"font-weight: 400;\">Neol\u00edtic:<\/span><\/p>\n<p><span style=\"font-weight: 400;\">Continua l&#8217;edat de pedra, per\u00f2 ara se&#8217;n diu pedra polida.<\/span><\/p>\n<p><span style=\"font-weight: 400;\">Comencen a viure en poblats.<\/span><\/p>\n<p><span style=\"font-weight: 400;\">Domestiquen alguns animals i cultiven la terra.<\/span><\/p>\n<p><span style=\"font-weight: 400;\">S\u00f3n sedentaris, que vol dir que es queden en un lloc durant molt de temps.<\/span><\/p>\n<p><span style=\"font-weight: 400;\">Comen\u00e7a el comer\u00e7 perqu\u00e8 tenen m\u00e9s aliments dels que necessiten.<\/span><\/p>\n<p><span style=\"font-weight: 400;\">Dominen el foc.<\/span><\/p>\n<p>&nbsp;<\/p>\n<p><span style=\"font-weight: 400;\">L&#8217;Edat del Metall:<\/span><\/p>\n<p><span style=\"font-weight: 400;\">Fabriquen eines amb metall coure, bronze i ferro.<\/span><\/p>\n<p><span style=\"font-weight: 400;\">Construeixen embarcacions i cases m\u00e9s resistents.<\/span><\/p>\n<p><span style=\"font-weight: 400;\">Apareix la roda.<\/span><\/p>\n<p><span style=\"font-weight: 400;\">Els poblats eren m\u00e9s grans i envoltats per muralles.<\/span><\/p>\n<p>&nbsp;<\/p>\n<p><span style=\"font-weight: 400;\">Tots aquests fets, els hem organitzat en una l\u00ednia del temps que tenim penjada a la classe.<\/span><\/p>\n<p><span style=\"font-weight: 400;\">Un cop tinguem tota la informaci\u00f3 sobre la Prehist\u00f2ria, elaborarem uns tallers i una obra de teatre, per poder explicar tot el que sabem. Per fer aquesta feina, hem fet sis grups per classe i aix\u00ed poder treballar en equip.<\/span><\/p>\n<p><span style=\"font-weight: 400;\">Quan tinguem el teatre i tallers fets, els compartirem amb vosaltres.<\/span><\/p>\n<p>&nbsp;<\/p>\n<p><span style=\"font-weight: 400;\">La classe de l&#8217;Espina-Xoca.<\/span><\/p>\n<p><a href=\"https:\/\/agora.xtec.cat\/escola-santacaterina-vinyols\/wp-content\/uploads\/usu964\/2022\/02\/4t-article-31-42.jpg\"><img loading=\"lazy\" decoding=\"async\" class=\"aligncenter size-large wp-image-3744\" src=\"https:\/\/agora.xtec.cat\/escola-santacaterina-vinyols\/wp-content\/uploads\/usu964\/2022\/02\/4t-article-31-42-1024x768.jpg\" alt=\"\" width=\"1024\" height=\"768\" srcset=\"https:\/\/agora.xtec.cat\/escola-santacaterina-vinyols\/wp-content\/uploads\/usu964\/2022\/02\/4t-article-31-42-1024x768.jpg 1024w, https:\/\/agora.xtec.cat\/escola-santacaterina-vinyols\/wp-content\/uploads\/usu964\/2022\/02\/4t-article-31-42-300x225.jpg 300w, https:\/\/agora.xtec.cat\/escola-santacaterina-vinyols\/wp-content\/uploads\/usu964\/2022\/02\/4t-article-31-42-768x576.jpg 768w, https:\/\/agora.xtec.cat\/escola-santacaterina-vinyols\/wp-content\/uploads\/usu964\/2022\/02\/4t-article-31-42-1536x1152.jpg 1536w, https:\/\/agora.xtec.cat\/escola-santacaterina-vinyols\/wp-content\/uploads\/usu964\/2022\/02\/4t-article-31-42-2048x1536.jpg 2048w, https:\/\/agora.xtec.cat\/escola-santacaterina-vinyols\/wp-content\/uploads\/usu964\/2022\/02\/4t-article-31-42-200x150.jpg 200w\" sizes=\"auto, (max-width: 1024px) 100vw, 1024px\" \/><\/a> <a href=\"https:\/\/agora.xtec.cat\/escola-santacaterina-vinyols\/wp-content\/uploads\/usu964\/2022\/02\/4t-31-422.jpg\"><img loading=\"lazy\" decoding=\"async\" class=\"aligncenter size-large wp-image-3745\" src=\"https:\/\/agora.xtec.cat\/escola-santacaterina-vinyols\/wp-content\/uploads\/usu964\/2022\/02\/4t-31-422-1024x768.jpg\" alt=\"\" width=\"1024\" height=\"768\" srcset=\"https:\/\/agora.xtec.cat\/escola-santacaterina-vinyols\/wp-content\/uploads\/usu964\/2022\/02\/4t-31-422-1024x768.jpg 1024w, https:\/\/agora.xtec.cat\/escola-santacaterina-vinyols\/wp-content\/uploads\/usu964\/2022\/02\/4t-31-422-300x225.jpg 300w, https:\/\/agora.xtec.cat\/escola-santacaterina-vinyols\/wp-content\/uploads\/usu964\/2022\/02\/4t-31-422-768x576.jpg 768w, https:\/\/agora.xtec.cat\/escola-santacaterina-vinyols\/wp-content\/uploads\/usu964\/2022\/02\/4t-31-422-1536x1152.jpg 1536w, https:\/\/agora.xtec.cat\/escola-santacaterina-vinyols\/wp-content\/uploads\/usu964\/2022\/02\/4t-31-422-200x150.jpg 200w, https:\/\/agora.xtec.cat\/escola-santacaterina-vinyols\/wp-content\/uploads\/usu964\/2022\/02\/4t-31-422.jpg 1672w\" sizes=\"auto, (max-width: 1024px) 100vw, 1024px\" \/><\/a><\/p>\n","protected":false},"excerpt":{"rendered":"<p>En tornar de les vacances, la Comunitat de Grans hem comen\u00e7at el projecte de la Prehist\u00f2ria, que \u00e9s el per\u00edode m\u00e9s llarga de la hist\u00f2ria, amb l&#8217;aparici\u00f3 dels primers humans. Aquest est\u00e0 dividit en tres etapes: Paleol\u00edtic, Neol\u00edtic i l&#8217;Edat del Metall. Tamb\u00e9 estem estudiant l&#8217;evoluci\u00f3 de l&#8217;home i els nostres avantpassats; els simis. En [&hellip;]<\/p>\n","protected":false},"author":1,"featured_media":3745,"comment_status":"open","ping_status":"closed","sticky":false,"template":"","format":"standard","meta":{"_bbp_topic_count":0,"_bbp_reply_count":0,"_bbp_total_topic_count":0,"_bbp_total_reply_count":0,"_bbp_voice_count":0,"_bbp_anonymous_reply_count":0,"_bbp_topic_count_hidden":0,"_bbp_reply_count_hidden":0,"_bbp_forum_subforum_count":0,"site-sidebar-layout":"default","site-content-layout":"","ast-site-content-layout":"","site-content-style":"default","site-sidebar-style":"default","ast-global-header-display":"","ast-banner-title-visibility":"","ast-main-header-display":"","ast-hfb-above-header-display":"","ast-hfb-below-header-display":"","ast-hfb-mobile-header-display":"","site-post-title":"","ast-breadcrumbs-content":"","ast-featured-img":"","footer-sml-layout":"","theme-transparent-header-meta":"","adv-header-id-meta":"","stick-header-meta":"","header-above-stick-meta":"","header-main-stick-meta":"","header-below-stick-meta":"","astra-migrate-meta-layouts":"default","ast-page-background-enabled":"default","ast-page-background-meta":{"desktop":{"background-color":"var(--ast-global-color-4)","background-image":"","background-repeat":"repeat","background-position":"center center","background-size":"auto","background-attachment":"scroll","background-type":"","background-media":"","overlay-type":"","overlay-color":"","overlay-opacity":"","overlay-gradient":""},"tablet":{"background-color":"","background-image":"","background-repeat":"repeat","background-position":"center center","background-size":"auto","background-attachment":"scroll","background-type":"","background-media":"","overlay-type":"","overlay-color":"","overlay-opacity":"","overlay-gradient":""},"mobile":{"background-color":"","background-image":"","background-repeat":"repeat","background-position":"center center","background-size":"auto","background-attachment":"scroll","background-type":"","background-media":"","overlay-type":"","overlay-color":"","overlay-opacity":"","overlay-gradient":""}},"ast-content-background-meta":{"desktop":{"background-color":"var(--ast-global-color-5)","background-image":"","background-repeat":"repeat","background-position":"center center","background-size":"auto","background-attachment":"scroll","background-type":"","background-media":"","overlay-type":"","overlay-color":"","overlay-opacity":"","overlay-gradient":""},"tablet":{"background-color":"var(--ast-global-color-5)","background-image":"","background-repeat":"repeat","background-position":"center center","background-size":"auto","background-attachment":"scroll","background-type":"","background-media":"","overlay-type":"","overlay-color":"","overlay-opacity":"","overlay-gradient":""},"mobile":{"background-color":"var(--ast-global-color-5)","background-image":"","background-repeat":"repeat","background-position":"center center","background-size":"auto","background-attachment":"scroll","background-type":"","background-media":"","overlay-type":"","overlay-color":"","overlay-opacity":"","overlay-gradient":""}},"footnotes":""},"categories":[13,177,1],"tags":[],"class_list":["post-3743","post","type-post","status-publish","format-standard","has-post-thumbnail","hentry","category-4t","category-comunitat-de-grans","category-general"],"post_mailing_queue_ids":[],"_links":{"self":[{"href":"https:\/\/agora.xtec.cat\/escola-santacaterina-vinyols\/wp-json\/wp\/v2\/posts\/3743","targetHints":{"allow":["GET"]}}],"collection":[{"href":"https:\/\/agora.xtec.cat\/escola-santacaterina-vinyols\/wp-json\/wp\/v2\/posts"}],"about":[{"href":"https:\/\/agora.xtec.cat\/escola-santacaterina-vinyols\/wp-json\/wp\/v2\/types\/post"}],"author":[{"embeddable":true,"href":"https:\/\/agora.xtec.cat\/escola-santacaterina-vinyols\/wp-json\/wp\/v2\/users\/1"}],"replies":[{"embeddable":true,"href":"https:\/\/agora.xtec.cat\/escola-santacaterina-vinyols\/wp-json\/wp\/v2\/comments?post=3743"}],"version-history":[{"count":1,"href":"https:\/\/agora.xtec.cat\/escola-santacaterina-vinyols\/wp-json\/wp\/v2\/posts\/3743\/revisions"}],"predecessor-version":[{"id":3746,"href":"https:\/\/agora.xtec.cat\/escola-santacaterina-vinyols\/wp-json\/wp\/v2\/posts\/3743\/revisions\/3746"}],"wp:featuredmedia":[{"embeddable":true,"href":"https:\/\/agora.xtec.cat\/escola-santacaterina-vinyols\/wp-json\/wp\/v2\/media\/3745"}],"wp:attachment":[{"href":"https:\/\/agora.xtec.cat\/escola-santacaterina-vinyols\/wp-json\/wp\/v2\/media?parent=3743"}],"wp:term":[{"taxonomy":"category","embeddable":true,"href":"https:\/\/agora.xtec.cat\/escola-santacaterina-vinyols\/wp-json\/wp\/v2\/categories?post=3743"},{"taxonomy":"post_tag","embeddable":true,"href":"https:\/\/agora.xtec.cat\/escola-santacaterina-vinyols\/wp-json\/wp\/v2\/tags?post=3743"}],"curies":[{"name":"wp","href":"https:\/\/api.w.org\/{rel}","templated":true}]}}