{"id":3677,"date":"2021-11-19T16:04:49","date_gmt":"2021-11-19T15:04:49","guid":{"rendered":"https:\/\/agora.xtec.cat\/escola-santacaterina-vinyols\/?p=3677"},"modified":"2021-11-19T16:04:49","modified_gmt":"2021-11-19T15:04:49","slug":"colonies-a-lespluga-de-francoli","status":"publish","type":"post","link":"https:\/\/agora.xtec.cat\/escola-santacaterina-vinyols\/general\/colonies-a-lespluga-de-francoli\/","title":{"rendered":"Col\u00f2nies a l\u2019Espluga de Francol\u00ed"},"content":{"rendered":"<p><span style=\"font-weight: 400;\">Els alumnes de 6\u00e8, els dies 11 i 12 de novembre, vam anar a la Casa de Col\u00f2nies \u201cLa Capella\u201d de l\u2019Espluga de Francol\u00ed.<\/span><\/p>\n<p><span style=\"font-weight: 400;\">A l\u2019arribar, la primera cosa que ens va sorprendre, va ser la mida de les fulles dels plataners: eren enormes! Tot seguit, vam anar a les habitacions a deixar les maletes i vam visitar les dels nostres companys. Les habitacions eren molt noves.<\/span><\/p>\n<p><span style=\"font-weight: 400;\">A continuaci\u00f3 vam anar amb els monitors a fer uns jocs per <\/span><span style=\"font-weight: 400;\">con\u00e8ixer-nos. D<\/span><span style=\"font-weight: 400;\">espr\u00e9s vam anar a dinar. El menjar estava molt bo. Quan vam acabar vam tenir una estona de joc lliure on vam poder anar per tota la finca.\u00a0<\/span><\/p>\n<p><span style=\"font-weight: 400;\">A la tarda vam fer dos jocs diferents. El primer joc es deia \u201cVida n\u00f2mada\u201d que tenia per objectiu realitzar un circuit utilitzant diferents sentits (sense utilitzar la vista). El segon que vam fer es deia \u201cEscape Box\u201d on cadascun dels dos grups havia d\u2019obrir diferents cofres tancats amb candaus. Per obrir els candaus hav\u00edem d\u2019endevinar el n\u00famero de la combinaci\u00f3 a partir de les pistes que an\u00e0vem trobant als diferents cofres.<\/span><\/p>\n<p><span style=\"font-weight: 400;\">Un cop acabades les activitats de la tarda, ens vam anar a dutxar i posar-nos guapos i guapes per anar a sopar i a la discoteca. Mentre esper\u00e0vem el sopar vam estar jugant a jocs de taula. A la discoteca ens van posar m\u00fasica que ens va agradar molt i ens ho vam passar molt b\u00e9! Quan es va acabar la discoteca, ens vam posar el pijama, i la Montse ens va explicar una hist\u00f2ria de \u201cpor\u201d abans d\u2019anar a dormir.<\/span><\/p>\n<p><span style=\"font-weight: 400;\">El divendres ens van despertar el Jordi i la Montse amb la can\u00e7\u00f3 de \u201cBella Ciao\u201d, ens vam vestir i recollir totes les coses per anar a esmorzar. Despr\u00e9s d\u2019esmorzar vam tenir una estona lliure abans d\u2019anar a caminar. La caminada ens va portar fins a una carbonera que hi havia al bosc. All\u00ed el monitor ens va explicar qu\u00e8 eren les carboneres i una llegenda sobre un carboner i un rei.<\/span><\/p>\n<p><span style=\"font-weight: 400;\">Quan vam tornar a la casa vam dinar i jugar fins a l\u2019hora de tornar cap a l\u2019escola.<\/span><\/p>\n<p><span style=\"font-weight: 400;\">Ens ho vam passar molt b\u00e9 i no vol\u00edem tornar! Vam descobrir coses de nosaltres i dels mestres que no sab\u00edem i ens ha unit m\u00e9s a tots.<\/span><\/p>\n<p>&nbsp;<\/p>\n<p><b>La classe del fonoll (6\u00e8)<\/b><\/p>\n<p><a href=\"https:\/\/agora.xtec.cat\/escola-santacaterina-vinyols\/wp-content\/uploads\/usu964\/2021\/11\/12.jpg\"><img loading=\"lazy\" decoding=\"async\" class=\"aligncenter size-large wp-image-3678\" src=\"https:\/\/agora.xtec.cat\/escola-santacaterina-vinyols\/wp-content\/uploads\/usu964\/2021\/11\/12-1024x768.jpg\" alt=\"\" width=\"1024\" height=\"768\" srcset=\"https:\/\/agora.xtec.cat\/escola-santacaterina-vinyols\/wp-content\/uploads\/usu964\/2021\/11\/12-1024x768.jpg 1024w, https:\/\/agora.xtec.cat\/escola-santacaterina-vinyols\/wp-content\/uploads\/usu964\/2021\/11\/12-300x225.jpg 300w, https:\/\/agora.xtec.cat\/escola-santacaterina-vinyols\/wp-content\/uploads\/usu964\/2021\/11\/12-768x576.jpg 768w, https:\/\/agora.xtec.cat\/escola-santacaterina-vinyols\/wp-content\/uploads\/usu964\/2021\/11\/12-1536x1152.jpg 1536w, https:\/\/agora.xtec.cat\/escola-santacaterina-vinyols\/wp-content\/uploads\/usu964\/2021\/11\/12-2048x1536.jpg 2048w, https:\/\/agora.xtec.cat\/escola-santacaterina-vinyols\/wp-content\/uploads\/usu964\/2021\/11\/12-200x150.jpg 200w\" sizes=\"auto, (max-width: 1024px) 100vw, 1024px\" \/><\/a><\/p>\n","protected":false},"excerpt":{"rendered":"<p>Els alumnes de 6\u00e8, els dies 11 i 12 de novembre, vam anar a la Casa de Col\u00f2nies \u201cLa Capella\u201d de l\u2019Espluga de Francol\u00ed. A l\u2019arribar, la primera cosa que ens va sorprendre, va ser la mida de les fulles dels plataners: eren enormes! Tot seguit, vam anar a les habitacions a deixar les maletes [&hellip;]<\/p>\n","protected":false},"author":1,"featured_media":3678,"comment_status":"open","ping_status":"closed","sticky":false,"template":"","format":"standard","meta":{"_bbp_topic_count":0,"_bbp_reply_count":0,"_bbp_total_topic_count":0,"_bbp_total_reply_count":0,"_bbp_voice_count":0,"_bbp_anonymous_reply_count":0,"_bbp_topic_count_hidden":0,"_bbp_reply_count_hidden":0,"_bbp_forum_subforum_count":0,"site-sidebar-layout":"default","site-content-layout":"","ast-site-content-layout":"","site-content-style":"default","site-sidebar-style":"default","ast-global-header-display":"","ast-banner-title-visibility":"","ast-main-header-display":"","ast-hfb-above-header-display":"","ast-hfb-below-header-display":"","ast-hfb-mobile-header-display":"","site-post-title":"","ast-breadcrumbs-content":"","ast-featured-img":"","footer-sml-layout":"","theme-transparent-header-meta":"","adv-header-id-meta":"","stick-header-meta":"","header-above-stick-meta":"","header-main-stick-meta":"","header-below-stick-meta":"","astra-migrate-meta-layouts":"default","ast-page-background-enabled":"default","ast-page-background-meta":{"desktop":{"background-color":"var(--ast-global-color-4)","background-image":"","background-repeat":"repeat","background-position":"center center","background-size":"auto","background-attachment":"scroll","background-type":"","background-media":"","overlay-type":"","overlay-color":"","overlay-opacity":"","overlay-gradient":""},"tablet":{"background-color":"","background-image":"","background-repeat":"repeat","background-position":"center center","background-size":"auto","background-attachment":"scroll","background-type":"","background-media":"","overlay-type":"","overlay-color":"","overlay-opacity":"","overlay-gradient":""},"mobile":{"background-color":"","background-image":"","background-repeat":"repeat","background-position":"center center","background-size":"auto","background-attachment":"scroll","background-type":"","background-media":"","overlay-type":"","overlay-color":"","overlay-opacity":"","overlay-gradient":""}},"ast-content-background-meta":{"desktop":{"background-color":"var(--ast-global-color-5)","background-image":"","background-repeat":"repeat","background-position":"center center","background-size":"auto","background-attachment":"scroll","background-type":"","background-media":"","overlay-type":"","overlay-color":"","overlay-opacity":"","overlay-gradient":""},"tablet":{"background-color":"var(--ast-global-color-5)","background-image":"","background-repeat":"repeat","background-position":"center center","background-size":"auto","background-attachment":"scroll","background-type":"","background-media":"","overlay-type":"","overlay-color":"","overlay-opacity":"","overlay-gradient":""},"mobile":{"background-color":"var(--ast-global-color-5)","background-image":"","background-repeat":"repeat","background-position":"center center","background-size":"auto","background-attachment":"scroll","background-type":"","background-media":"","overlay-type":"","overlay-color":"","overlay-opacity":"","overlay-gradient":""}},"footnotes":""},"categories":[15,177,1],"tags":[],"class_list":["post-3677","post","type-post","status-publish","format-standard","has-post-thumbnail","hentry","category-6e","category-comunitat-de-grans","category-general"],"post_mailing_queue_ids":[],"_links":{"self":[{"href":"https:\/\/agora.xtec.cat\/escola-santacaterina-vinyols\/wp-json\/wp\/v2\/posts\/3677","targetHints":{"allow":["GET"]}}],"collection":[{"href":"https:\/\/agora.xtec.cat\/escola-santacaterina-vinyols\/wp-json\/wp\/v2\/posts"}],"about":[{"href":"https:\/\/agora.xtec.cat\/escola-santacaterina-vinyols\/wp-json\/wp\/v2\/types\/post"}],"author":[{"embeddable":true,"href":"https:\/\/agora.xtec.cat\/escola-santacaterina-vinyols\/wp-json\/wp\/v2\/users\/1"}],"replies":[{"embeddable":true,"href":"https:\/\/agora.xtec.cat\/escola-santacaterina-vinyols\/wp-json\/wp\/v2\/comments?post=3677"}],"version-history":[{"count":1,"href":"https:\/\/agora.xtec.cat\/escola-santacaterina-vinyols\/wp-json\/wp\/v2\/posts\/3677\/revisions"}],"predecessor-version":[{"id":3679,"href":"https:\/\/agora.xtec.cat\/escola-santacaterina-vinyols\/wp-json\/wp\/v2\/posts\/3677\/revisions\/3679"}],"wp:featuredmedia":[{"embeddable":true,"href":"https:\/\/agora.xtec.cat\/escola-santacaterina-vinyols\/wp-json\/wp\/v2\/media\/3678"}],"wp:attachment":[{"href":"https:\/\/agora.xtec.cat\/escola-santacaterina-vinyols\/wp-json\/wp\/v2\/media?parent=3677"}],"wp:term":[{"taxonomy":"category","embeddable":true,"href":"https:\/\/agora.xtec.cat\/escola-santacaterina-vinyols\/wp-json\/wp\/v2\/categories?post=3677"},{"taxonomy":"post_tag","embeddable":true,"href":"https:\/\/agora.xtec.cat\/escola-santacaterina-vinyols\/wp-json\/wp\/v2\/tags?post=3677"}],"curies":[{"name":"wp","href":"https:\/\/api.w.org\/{rel}","templated":true}]}}