{"id":3641,"date":"2021-10-14T13:43:44","date_gmt":"2021-10-14T11:43:44","guid":{"rendered":"https:\/\/agora.xtec.cat\/escola-santacaterina-vinyols\/?p=3641"},"modified":"2021-10-14T13:45:03","modified_gmt":"2021-10-14T11:45:03","slug":"dinamica-del-claustre","status":"publish","type":"post","link":"https:\/\/agora.xtec.cat\/escola-santacaterina-vinyols\/general\/dinamica-del-claustre\/","title":{"rendered":"Din\u00e0mica del claustre"},"content":{"rendered":"<p style=\"text-align: justify;\"><span style=\"font-weight: 400;\">A l\u2019escola estem en constant reflexi\u00f3 i voluntat de millora sobre les pr\u00e0ctiques educatives que duem a terme al centre. \u00c9s per aquest motiu, que el claustre de mestres vam realitzar una din\u00e0mica el dia 5 d\u2019octubre. Vam fer quatre grups de debat i vam reflexionar al voltant de 4 preguntes que se\u2019ns van plantejar.<\/span><\/p>\n<p style=\"text-align: justify;\"><span style=\"font-weight: 400;\">Quan ens van preguntar \u201c<\/span><b>Qu\u00e8 hem de fer que no fem i qu\u00e8 hem de deixar de fer?\u201d<\/b><span style=\"font-weight: 400;\"> vam tenir clar que els aprenentatges han de ser el m\u00e0xim de significatius possible per l\u2019alumnat, que hem de fer part\u00edcips als alumnes del proc\u00e9s d\u2019avaluaci\u00f3 i que compartir entre iguals ens enriqueix, ja sigui entre alumnes o entre mestres.<\/span><\/p>\n<p style=\"text-align: justify;\"><span style=\"font-weight: 400;\">Davant la pregunta de \u201c<\/span><b>Com estem col\u00b7laborant i aprenent junts en una nova cultura docent?\u201d<\/b><span style=\"font-weight: 400;\"> la resposta va ser molt r\u00e0pida: Compartint i posant en pr\u00e0ctica noves experi\u00e8ncies docents, arribant a acords que ens ajudin a millorar i a avan\u00e7ar, treballant en equip i<\/span> <span style=\"font-weight: 400;\">ser resilients i aprendre dels moments dif\u00edcils (per exemple.Covid-19).<\/span><\/p>\n<p style=\"text-align: justify;\"><span style=\"font-weight: 400;\">\u00a0<\/span><b>\u201cCom fem de l\u2019escola una organitzaci\u00f3 que apr\u00e8n i una unitat de recerca?\u201d<\/b><span style=\"font-weight: 400;\"> va ser la seg\u00fcent q\u00fcesti\u00f3 a reflexionar. Doncs creiem que observant la pr\u00e0ctica educativa dels companys i companyes, aix\u00ed com altres escoles. I formant-nos en all\u00f2 que podem millorar i posar-ho en pr\u00e0ctica.<\/span><\/p>\n<p style=\"text-align: justify;\"><span style=\"font-weight: 400;\">I per \u00faltim en quan a \u201c<\/span><b>Com podem millorar el lideratge pedag\u00f2gic al centre?\u201d <\/b><span style=\"font-weight: 400;\">clarament veiem que es pot aconseguir compartint coneixement entre els docents i creant referents com a persones expertes al claustre en cada \u00e0mbit de coneixement.<\/span><\/p>\n<p style=\"text-align: justify;\"><span style=\"font-weight: 400;\">Considerem que sempre hi ha aspectes de millora i que \u00e9s important de trobar els moments de compartir experi\u00e8ncies, estrat\u00e8gies i avaluar el funcionament de les diferents comunitats.\u00a0<\/span><\/p>\n<p style=\"text-align: justify;\"><span style=\"font-weight: 400;\">Valorem positivament la din\u00e0mica realitzada ja que compartint la nostra visi\u00f3 podem seguir creixent com a escola.<\/span><\/p>\n<p>#XTTE #PAcTE\/ExC #Referents<\/p>\n<p><a href=\"https:\/\/agora.xtec.cat\/escola-santacaterina-vinyols\/wp-content\/uploads\/usu964\/2021\/10\/PHOTO-2021-10-07-13-34-18.jpg\"><img loading=\"lazy\" decoding=\"async\" class=\"aligncenter size-large wp-image-3642\" src=\"https:\/\/agora.xtec.cat\/escola-santacaterina-vinyols\/wp-content\/uploads\/usu964\/2021\/10\/PHOTO-2021-10-07-13-34-18-1024x698.jpg\" alt=\"\" width=\"1024\" height=\"698\" srcset=\"https:\/\/agora.xtec.cat\/escola-santacaterina-vinyols\/wp-content\/uploads\/usu964\/2021\/10\/PHOTO-2021-10-07-13-34-18-1024x698.jpg 1024w, https:\/\/agora.xtec.cat\/escola-santacaterina-vinyols\/wp-content\/uploads\/usu964\/2021\/10\/PHOTO-2021-10-07-13-34-18-300x205.jpg 300w, https:\/\/agora.xtec.cat\/escola-santacaterina-vinyols\/wp-content\/uploads\/usu964\/2021\/10\/PHOTO-2021-10-07-13-34-18-768x524.jpg 768w, https:\/\/agora.xtec.cat\/escola-santacaterina-vinyols\/wp-content\/uploads\/usu964\/2021\/10\/PHOTO-2021-10-07-13-34-18-1536x1047.jpg 1536w, https:\/\/agora.xtec.cat\/escola-santacaterina-vinyols\/wp-content\/uploads\/usu964\/2021\/10\/PHOTO-2021-10-07-13-34-18.jpg 1568w\" sizes=\"auto, (max-width: 1024px) 100vw, 1024px\" \/><\/a><\/p>\n<p>&nbsp;<\/p>\n","protected":false},"excerpt":{"rendered":"<p>A l\u2019escola estem en constant reflexi\u00f3 i voluntat de millora sobre les pr\u00e0ctiques educatives que duem a terme al centre. \u00c9s per aquest motiu, que el claustre de mestres vam realitzar una din\u00e0mica el dia 5 d\u2019octubre. Vam fer quatre grups de debat i vam reflexionar al voltant de 4 preguntes que se\u2019ns van plantejar. [&hellip;]<\/p>\n","protected":false},"author":1,"featured_media":3642,"comment_status":"open","ping_status":"closed","sticky":false,"template":"","format":"standard","meta":{"_bbp_topic_count":0,"_bbp_reply_count":0,"_bbp_total_topic_count":0,"_bbp_total_reply_count":0,"_bbp_voice_count":0,"_bbp_anonymous_reply_count":0,"_bbp_topic_count_hidden":0,"_bbp_reply_count_hidden":0,"_bbp_forum_subforum_count":0,"site-sidebar-layout":"default","site-content-layout":"","ast-site-content-layout":"","site-content-style":"default","site-sidebar-style":"default","ast-global-header-display":"","ast-banner-title-visibility":"","ast-main-header-display":"","ast-hfb-above-header-display":"","ast-hfb-below-header-display":"","ast-hfb-mobile-header-display":"","site-post-title":"","ast-breadcrumbs-content":"","ast-featured-img":"","footer-sml-layout":"","theme-transparent-header-meta":"","adv-header-id-meta":"","stick-header-meta":"","header-above-stick-meta":"","header-main-stick-meta":"","header-below-stick-meta":"","astra-migrate-meta-layouts":"default","ast-page-background-enabled":"default","ast-page-background-meta":{"desktop":{"background-color":"var(--ast-global-color-4)","background-image":"","background-repeat":"repeat","background-position":"center center","background-size":"auto","background-attachment":"scroll","background-type":"","background-media":"","overlay-type":"","overlay-color":"","overlay-opacity":"","overlay-gradient":""},"tablet":{"background-color":"","background-image":"","background-repeat":"repeat","background-position":"center center","background-size":"auto","background-attachment":"scroll","background-type":"","background-media":"","overlay-type":"","overlay-color":"","overlay-opacity":"","overlay-gradient":""},"mobile":{"background-color":"","background-image":"","background-repeat":"repeat","background-position":"center center","background-size":"auto","background-attachment":"scroll","background-type":"","background-media":"","overlay-type":"","overlay-color":"","overlay-opacity":"","overlay-gradient":""}},"ast-content-background-meta":{"desktop":{"background-color":"var(--ast-global-color-5)","background-image":"","background-repeat":"repeat","background-position":"center center","background-size":"auto","background-attachment":"scroll","background-type":"","background-media":"","overlay-type":"","overlay-color":"","overlay-opacity":"","overlay-gradient":""},"tablet":{"background-color":"var(--ast-global-color-5)","background-image":"","background-repeat":"repeat","background-position":"center center","background-size":"auto","background-attachment":"scroll","background-type":"","background-media":"","overlay-type":"","overlay-color":"","overlay-opacity":"","overlay-gradient":""},"mobile":{"background-color":"var(--ast-global-color-5)","background-image":"","background-repeat":"repeat","background-position":"center center","background-size":"auto","background-attachment":"scroll","background-type":"","background-media":"","overlay-type":"","overlay-color":"","overlay-opacity":"","overlay-gradient":""}},"footnotes":""},"categories":[1],"tags":[],"class_list":["post-3641","post","type-post","status-publish","format-standard","has-post-thumbnail","hentry","category-general"],"post_mailing_queue_ids":[],"_links":{"self":[{"href":"https:\/\/agora.xtec.cat\/escola-santacaterina-vinyols\/wp-json\/wp\/v2\/posts\/3641","targetHints":{"allow":["GET"]}}],"collection":[{"href":"https:\/\/agora.xtec.cat\/escola-santacaterina-vinyols\/wp-json\/wp\/v2\/posts"}],"about":[{"href":"https:\/\/agora.xtec.cat\/escola-santacaterina-vinyols\/wp-json\/wp\/v2\/types\/post"}],"author":[{"embeddable":true,"href":"https:\/\/agora.xtec.cat\/escola-santacaterina-vinyols\/wp-json\/wp\/v2\/users\/1"}],"replies":[{"embeddable":true,"href":"https:\/\/agora.xtec.cat\/escola-santacaterina-vinyols\/wp-json\/wp\/v2\/comments?post=3641"}],"version-history":[{"count":2,"href":"https:\/\/agora.xtec.cat\/escola-santacaterina-vinyols\/wp-json\/wp\/v2\/posts\/3641\/revisions"}],"predecessor-version":[{"id":3644,"href":"https:\/\/agora.xtec.cat\/escola-santacaterina-vinyols\/wp-json\/wp\/v2\/posts\/3641\/revisions\/3644"}],"wp:featuredmedia":[{"embeddable":true,"href":"https:\/\/agora.xtec.cat\/escola-santacaterina-vinyols\/wp-json\/wp\/v2\/media\/3642"}],"wp:attachment":[{"href":"https:\/\/agora.xtec.cat\/escola-santacaterina-vinyols\/wp-json\/wp\/v2\/media?parent=3641"}],"wp:term":[{"taxonomy":"category","embeddable":true,"href":"https:\/\/agora.xtec.cat\/escola-santacaterina-vinyols\/wp-json\/wp\/v2\/categories?post=3641"},{"taxonomy":"post_tag","embeddable":true,"href":"https:\/\/agora.xtec.cat\/escola-santacaterina-vinyols\/wp-json\/wp\/v2\/tags?post=3641"}],"curies":[{"name":"wp","href":"https:\/\/api.w.org\/{rel}","templated":true}]}}