{"id":3382,"date":"2021-03-19T10:43:52","date_gmt":"2021-03-19T09:43:52","guid":{"rendered":"http:\/\/agora.xtec.cat\/escola-santacaterina-vinyols\/?p=3382"},"modified":"2021-03-19T10:43:52","modified_gmt":"2021-03-19T09:43:52","slug":"dia-internacional-de-les-dones","status":"publish","type":"post","link":"https:\/\/agora.xtec.cat\/escola-santacaterina-vinyols\/general\/dia-internacional-de-les-dones\/","title":{"rendered":"Dia internacional de les dones"},"content":{"rendered":"<p>El passat 8 de mar\u00e7 va ser el dia internacional de la dona, la classe de 6\u00e8 vam visualitzar el v\u00eddeo: Objectiu 2030, igualtat de g\u00e8nere. Despr\u00e9s de veure\u2019l vam fer les seg\u00fcents reflexions: La majoria creiem que al 2030 hi haur\u00e0 m\u00e9s igualtat de g\u00e8nere per\u00f2 no a tot el m\u00f3n. Les dones haurien de tenir els mateixos drets que els homes. \u00c9s injust que les dones guanyin menys diners. Hi ha homes que fan comentaris despectius menystenint les dones. El masclisme treu drets a una part de la societat.<\/p>\n<p>Tots els alumnes de la classe han patit o han vist situacions de discriminaci\u00f3 de g\u00e8nere com per exemple: Corres com una nena, parles com una nena, les nenes no diuen paraulotes, portes el cabell llarg i \u00e9s de nena.<\/p>\n<p>Tots nosaltres volem que aix\u00f2 canvi, per aix\u00f2 ens comprometem a no fer comentaris masclistes, si alg\u00fa ho fa hem de dir-li que no ens agrada i si demana perd\u00f3 no cal avisar al mestre, respectar cadasc\u00fa com \u00e9s i no discriminar a les nenes.<\/p>\n<p>Ad\u00e9u Caterins i Caterines, atentament la Nasa.<\/p>\n<p>Recordeu respectar a les dones.<\/p>\n","protected":false},"excerpt":{"rendered":"<p>El passat 8 de mar\u00e7 va ser el dia internacional de la dona, la classe de 6\u00e8 vam visualitzar el v\u00eddeo: Objectiu 2030, igualtat de g\u00e8nere. Despr\u00e9s de veure\u2019l vam fer les seg\u00fcents reflexions: La majoria creiem que al 2030 hi haur\u00e0 m\u00e9s igualtat de g\u00e8nere per\u00f2 no a tot el m\u00f3n. Les dones haurien [&hellip;]<\/p>\n","protected":false},"author":1,"featured_media":3383,"comment_status":"closed","ping_status":"closed","sticky":false,"template":"","format":"standard","meta":{"_bbp_topic_count":0,"_bbp_reply_count":0,"_bbp_total_topic_count":0,"_bbp_total_reply_count":0,"_bbp_voice_count":0,"_bbp_anonymous_reply_count":0,"_bbp_topic_count_hidden":0,"_bbp_reply_count_hidden":0,"_bbp_forum_subforum_count":0,"site-sidebar-layout":"default","site-content-layout":"","ast-site-content-layout":"","site-content-style":"default","site-sidebar-style":"default","ast-global-header-display":"","ast-banner-title-visibility":"","ast-main-header-display":"","ast-hfb-above-header-display":"","ast-hfb-below-header-display":"","ast-hfb-mobile-header-display":"","site-post-title":"","ast-breadcrumbs-content":"","ast-featured-img":"","footer-sml-layout":"","theme-transparent-header-meta":"","adv-header-id-meta":"","stick-header-meta":"","header-above-stick-meta":"","header-main-stick-meta":"","header-below-stick-meta":"","astra-migrate-meta-layouts":"default","ast-page-background-enabled":"default","ast-page-background-meta":{"desktop":{"background-color":"var(--ast-global-color-4)","background-image":"","background-repeat":"repeat","background-position":"center center","background-size":"auto","background-attachment":"scroll","background-type":"","background-media":"","overlay-type":"","overlay-color":"","overlay-opacity":"","overlay-gradient":""},"tablet":{"background-color":"","background-image":"","background-repeat":"repeat","background-position":"center center","background-size":"auto","background-attachment":"scroll","background-type":"","background-media":"","overlay-type":"","overlay-color":"","overlay-opacity":"","overlay-gradient":""},"mobile":{"background-color":"","background-image":"","background-repeat":"repeat","background-position":"center center","background-size":"auto","background-attachment":"scroll","background-type":"","background-media":"","overlay-type":"","overlay-color":"","overlay-opacity":"","overlay-gradient":""}},"ast-content-background-meta":{"desktop":{"background-color":"var(--ast-global-color-5)","background-image":"","background-repeat":"repeat","background-position":"center center","background-size":"auto","background-attachment":"scroll","background-type":"","background-media":"","overlay-type":"","overlay-color":"","overlay-opacity":"","overlay-gradient":""},"tablet":{"background-color":"var(--ast-global-color-5)","background-image":"","background-repeat":"repeat","background-position":"center center","background-size":"auto","background-attachment":"scroll","background-type":"","background-media":"","overlay-type":"","overlay-color":"","overlay-opacity":"","overlay-gradient":""},"mobile":{"background-color":"var(--ast-global-color-5)","background-image":"","background-repeat":"repeat","background-position":"center center","background-size":"auto","background-attachment":"scroll","background-type":"","background-media":"","overlay-type":"","overlay-color":"","overlay-opacity":"","overlay-gradient":""}},"footnotes":""},"categories":[13,14,15,177,1],"tags":[],"class_list":["post-3382","post","type-post","status-publish","format-standard","has-post-thumbnail","hentry","category-4t","category-5e","category-6e","category-comunitat-de-grans","category-general"],"post_mailing_queue_ids":[],"_links":{"self":[{"href":"https:\/\/agora.xtec.cat\/escola-santacaterina-vinyols\/wp-json\/wp\/v2\/posts\/3382","targetHints":{"allow":["GET"]}}],"collection":[{"href":"https:\/\/agora.xtec.cat\/escola-santacaterina-vinyols\/wp-json\/wp\/v2\/posts"}],"about":[{"href":"https:\/\/agora.xtec.cat\/escola-santacaterina-vinyols\/wp-json\/wp\/v2\/types\/post"}],"author":[{"embeddable":true,"href":"https:\/\/agora.xtec.cat\/escola-santacaterina-vinyols\/wp-json\/wp\/v2\/users\/1"}],"replies":[{"embeddable":true,"href":"https:\/\/agora.xtec.cat\/escola-santacaterina-vinyols\/wp-json\/wp\/v2\/comments?post=3382"}],"version-history":[{"count":1,"href":"https:\/\/agora.xtec.cat\/escola-santacaterina-vinyols\/wp-json\/wp\/v2\/posts\/3382\/revisions"}],"predecessor-version":[{"id":3384,"href":"https:\/\/agora.xtec.cat\/escola-santacaterina-vinyols\/wp-json\/wp\/v2\/posts\/3382\/revisions\/3384"}],"wp:featuredmedia":[{"embeddable":true,"href":"https:\/\/agora.xtec.cat\/escola-santacaterina-vinyols\/wp-json\/wp\/v2\/media\/3383"}],"wp:attachment":[{"href":"https:\/\/agora.xtec.cat\/escola-santacaterina-vinyols\/wp-json\/wp\/v2\/media?parent=3382"}],"wp:term":[{"taxonomy":"category","embeddable":true,"href":"https:\/\/agora.xtec.cat\/escola-santacaterina-vinyols\/wp-json\/wp\/v2\/categories?post=3382"},{"taxonomy":"post_tag","embeddable":true,"href":"https:\/\/agora.xtec.cat\/escola-santacaterina-vinyols\/wp-json\/wp\/v2\/tags?post=3382"}],"curies":[{"name":"wp","href":"https:\/\/api.w.org\/{rel}","templated":true}]}}