{"id":3279,"date":"2020-09-15T09:30:00","date_gmt":"2020-09-15T07:30:00","guid":{"rendered":"http:\/\/agora.xtec.cat\/escola-santacaterina-vinyols\/?p=3279"},"modified":"2020-09-15T19:08:54","modified_gmt":"2020-09-15T17:08:54","slug":"nous-canals-de-telegram","status":"publish","type":"post","link":"https:\/\/agora.xtec.cat\/escola-santacaterina-vinyols\/general\/nous-canals-de-telegram\/","title":{"rendered":"Nous canals de Telegram"},"content":{"rendered":"<p>Tal i com us vam anunciar a les reunions d&#8217;inici de curs, per q\u00fcesti\u00f3 d&#8217;organitzaci\u00f3, ens distribuirem en tres equips. Cadascun tindr\u00e0 un nou canal de Telegram. Aquest servir\u00e0 per a poder-vos fer arribar les circulars sense haver de malgastar paper, i assegurant-nos que us arriba la informaci\u00f3 directament. Per a la comunicaci\u00f3 m\u00e9s particular utilitzarem el correu electr\u00f2nic.<\/p>\n<p>Un cop us hagueu descarregat l&#8217;aplicaci\u00f3 TELEGRAM al m\u00f2bil, podeu cercar els canals p\u00fablics de les classes dels vostres fills\/es. O clicar als enlla\u00e7os.<\/p>\n<p><span style=\"color: #0000ff;\"><strong><span style=\"color: #000000;\">P3, P4, P5. PETITS.<\/span> <a href=\"https:\/\/t.me\/escolavinyolspetits\" target=\"_blank\" rel=\"noopener noreferrer\">escolavinyolspetits<\/a><\/strong><\/span><\/p>\n<p><a href=\"https:\/\/agora.xtec.cat\/escola-santacaterina-vinyols\/wp-content\/uploads\/usu964\/2020\/09\/logo-petits.png\"><img loading=\"lazy\" decoding=\"async\" class=\"alignnone wp-image-3280\" src=\"https:\/\/agora.xtec.cat\/escola-santacaterina-vinyols\/wp-content\/uploads\/usu964\/2020\/09\/logo-petits.png\" alt=\"\" width=\"157\" height=\"157\" srcset=\"https:\/\/agora.xtec.cat\/escola-santacaterina-vinyols\/wp-content\/uploads\/usu964\/2020\/09\/logo-petits.png 500w, https:\/\/agora.xtec.cat\/escola-santacaterina-vinyols\/wp-content\/uploads\/usu964\/2020\/09\/logo-petits-150x150.png 150w, https:\/\/agora.xtec.cat\/escola-santacaterina-vinyols\/wp-content\/uploads\/usu964\/2020\/09\/logo-petits-300x300.png 300w\" sizes=\"auto, (max-width: 157px) 100vw, 157px\" \/><\/a><\/p>\n<p><strong><span style=\"color: #0000ff;\"><span style=\"color: #000000;\">1r, 2n, 3r. MITJANS.<\/span> <a href=\"https:\/\/t.me\/escolavinyolsmitjans\" target=\"_blank\" rel=\"noopener noreferrer\">escolavinyolsmitjans<\/a><\/span><\/strong><\/p>\n<p><a href=\"https:\/\/agora.xtec.cat\/escola-santacaterina-vinyols\/wp-content\/uploads\/usu964\/2020\/09\/logo-mitjans-1.png\"><img loading=\"lazy\" decoding=\"async\" class=\"alignnone wp-image-3281\" src=\"https:\/\/agora.xtec.cat\/escola-santacaterina-vinyols\/wp-content\/uploads\/usu964\/2020\/09\/logo-mitjans-1.png\" alt=\"\" width=\"151\" height=\"151\" srcset=\"https:\/\/agora.xtec.cat\/escola-santacaterina-vinyols\/wp-content\/uploads\/usu964\/2020\/09\/logo-mitjans-1.png 500w, https:\/\/agora.xtec.cat\/escola-santacaterina-vinyols\/wp-content\/uploads\/usu964\/2020\/09\/logo-mitjans-1-150x150.png 150w, https:\/\/agora.xtec.cat\/escola-santacaterina-vinyols\/wp-content\/uploads\/usu964\/2020\/09\/logo-mitjans-1-300x300.png 300w\" sizes=\"auto, (max-width: 151px) 100vw, 151px\" \/><\/a><\/p>\n<p><strong><span style=\"color: #0000ff;\"><span style=\"color: #000000;\">4t, 5\u00e8, 6\u00e8. GRANS.<\/span> <a href=\"https:\/\/t.me\/escolavinyolsgrans\" target=\"_blank\" rel=\"noopener noreferrer\">escolavinyolsgrans<\/a><\/span><\/strong><\/p>\n<p><a href=\"https:\/\/agora.xtec.cat\/escola-santacaterina-vinyols\/wp-content\/uploads\/usu964\/2020\/09\/logo-grans.png\"><img loading=\"lazy\" decoding=\"async\" class=\"alignnone wp-image-3282\" src=\"https:\/\/agora.xtec.cat\/escola-santacaterina-vinyols\/wp-content\/uploads\/usu964\/2020\/09\/logo-grans.png\" alt=\"\" width=\"146\" height=\"146\" srcset=\"https:\/\/agora.xtec.cat\/escola-santacaterina-vinyols\/wp-content\/uploads\/usu964\/2020\/09\/logo-grans.png 500w, https:\/\/agora.xtec.cat\/escola-santacaterina-vinyols\/wp-content\/uploads\/usu964\/2020\/09\/logo-grans-150x150.png 150w, https:\/\/agora.xtec.cat\/escola-santacaterina-vinyols\/wp-content\/uploads\/usu964\/2020\/09\/logo-grans-300x300.png 300w\" sizes=\"auto, (max-width: 146px) 100vw, 146px\" \/><\/a><\/p>\n<p>Esperem que pugueu subscriure-us als nous canals que us interessin el m\u00e9s aviat possible.<\/p>\n<p>Eliminarem els canals del curs passat. Moltes gr\u00e0cies!!!!<\/p>\n","protected":false},"excerpt":{"rendered":"<p>Tal i com us vam anunciar a les reunions d&#8217;inici de curs, per q\u00fcesti\u00f3 d&#8217;organitzaci\u00f3, ens distribuirem en tres equips. Cadascun tindr\u00e0 un nou canal de Telegram. Aquest servir\u00e0 per a poder-vos fer arribar les circulars sense haver de malgastar paper, i assegurant-nos que us arriba la informaci\u00f3 directament. Per a la comunicaci\u00f3 m\u00e9s particular [&hellip;]<\/p>\n","protected":false},"author":1,"featured_media":2885,"comment_status":"open","ping_status":"closed","sticky":false,"template":"","format":"standard","meta":{"_bbp_topic_count":0,"_bbp_reply_count":0,"_bbp_total_topic_count":0,"_bbp_total_reply_count":0,"_bbp_voice_count":0,"_bbp_anonymous_reply_count":0,"_bbp_topic_count_hidden":0,"_bbp_reply_count_hidden":0,"_bbp_forum_subforum_count":0,"site-sidebar-layout":"default","site-content-layout":"","ast-site-content-layout":"","site-content-style":"default","site-sidebar-style":"default","ast-global-header-display":"","ast-banner-title-visibility":"","ast-main-header-display":"","ast-hfb-above-header-display":"","ast-hfb-below-header-display":"","ast-hfb-mobile-header-display":"","site-post-title":"","ast-breadcrumbs-content":"","ast-featured-img":"","footer-sml-layout":"","theme-transparent-header-meta":"","adv-header-id-meta":"","stick-header-meta":"","header-above-stick-meta":"","header-main-stick-meta":"","header-below-stick-meta":"","astra-migrate-meta-layouts":"default","ast-page-background-enabled":"default","ast-page-background-meta":{"desktop":{"background-color":"var(--ast-global-color-4)","background-image":"","background-repeat":"repeat","background-position":"center center","background-size":"auto","background-attachment":"scroll","background-type":"","background-media":"","overlay-type":"","overlay-color":"","overlay-opacity":"","overlay-gradient":""},"tablet":{"background-color":"","background-image":"","background-repeat":"repeat","background-position":"center center","background-size":"auto","background-attachment":"scroll","background-type":"","background-media":"","overlay-type":"","overlay-color":"","overlay-opacity":"","overlay-gradient":""},"mobile":{"background-color":"","background-image":"","background-repeat":"repeat","background-position":"center center","background-size":"auto","background-attachment":"scroll","background-type":"","background-media":"","overlay-type":"","overlay-color":"","overlay-opacity":"","overlay-gradient":""}},"ast-content-background-meta":{"desktop":{"background-color":"var(--ast-global-color-5)","background-image":"","background-repeat":"repeat","background-position":"center center","background-size":"auto","background-attachment":"scroll","background-type":"","background-media":"","overlay-type":"","overlay-color":"","overlay-opacity":"","overlay-gradient":""},"tablet":{"background-color":"var(--ast-global-color-5)","background-image":"","background-repeat":"repeat","background-position":"center center","background-size":"auto","background-attachment":"scroll","background-type":"","background-media":"","overlay-type":"","overlay-color":"","overlay-opacity":"","overlay-gradient":""},"mobile":{"background-color":"var(--ast-global-color-5)","background-image":"","background-repeat":"repeat","background-position":"center center","background-size":"auto","background-attachment":"scroll","background-type":"","background-media":"","overlay-type":"","overlay-color":"","overlay-opacity":"","overlay-gradient":""}},"footnotes":""},"categories":[1],"tags":[],"class_list":["post-3279","post","type-post","status-publish","format-standard","has-post-thumbnail","hentry","category-general"],"post_mailing_queue_ids":[],"_links":{"self":[{"href":"https:\/\/agora.xtec.cat\/escola-santacaterina-vinyols\/wp-json\/wp\/v2\/posts\/3279","targetHints":{"allow":["GET"]}}],"collection":[{"href":"https:\/\/agora.xtec.cat\/escola-santacaterina-vinyols\/wp-json\/wp\/v2\/posts"}],"about":[{"href":"https:\/\/agora.xtec.cat\/escola-santacaterina-vinyols\/wp-json\/wp\/v2\/types\/post"}],"author":[{"embeddable":true,"href":"https:\/\/agora.xtec.cat\/escola-santacaterina-vinyols\/wp-json\/wp\/v2\/users\/1"}],"replies":[{"embeddable":true,"href":"https:\/\/agora.xtec.cat\/escola-santacaterina-vinyols\/wp-json\/wp\/v2\/comments?post=3279"}],"version-history":[{"count":2,"href":"https:\/\/agora.xtec.cat\/escola-santacaterina-vinyols\/wp-json\/wp\/v2\/posts\/3279\/revisions"}],"predecessor-version":[{"id":3284,"href":"https:\/\/agora.xtec.cat\/escola-santacaterina-vinyols\/wp-json\/wp\/v2\/posts\/3279\/revisions\/3284"}],"wp:featuredmedia":[{"embeddable":true,"href":"https:\/\/agora.xtec.cat\/escola-santacaterina-vinyols\/wp-json\/wp\/v2\/media\/2885"}],"wp:attachment":[{"href":"https:\/\/agora.xtec.cat\/escola-santacaterina-vinyols\/wp-json\/wp\/v2\/media?parent=3279"}],"wp:term":[{"taxonomy":"category","embeddable":true,"href":"https:\/\/agora.xtec.cat\/escola-santacaterina-vinyols\/wp-json\/wp\/v2\/categories?post=3279"},{"taxonomy":"post_tag","embeddable":true,"href":"https:\/\/agora.xtec.cat\/escola-santacaterina-vinyols\/wp-json\/wp\/v2\/tags?post=3279"}],"curies":[{"name":"wp","href":"https:\/\/api.w.org\/{rel}","templated":true}]}}