{"id":3045,"date":"2020-04-24T17:14:42","date_gmt":"2020-04-24T15:14:42","guid":{"rendered":"http:\/\/agora.xtec.cat\/escola-santacaterina-vinyols\/?p=3045"},"modified":"2020-04-29T15:43:57","modified_gmt":"2020-04-29T13:43:57","slug":"recomanacions-del-24-al-30-dabril","status":"publish","type":"post","link":"https:\/\/agora.xtec.cat\/escola-santacaterina-vinyols\/general\/recomanacions-del-24-al-30-dabril\/","title":{"rendered":"RECOMANACIONS DEL 24 AL 30 D&#8217;ABRIL"},"content":{"rendered":"<p>Hola, us deixem les propostes per a la setmana que ve.<\/p>\n<p><a href=\"https:\/\/drive.google.com\/drive\/folders\/1SCDpP-Eo3IXgj-wwf4E3yAVi2WU-ZV2X?usp=sharing\" target=\"_blank\" rel=\"noopener noreferrer\">P3<\/a>\u00a0 ELS RATOLINS<\/p>\n<p><a href=\"https:\/\/drive.google.com\/drive\/folders\/1pVNDbuSMwqCIHxocWN-nkPuDmMN0K4ET?usp=sharing\" target=\"_blank\" rel=\"noopener noreferrer\">P4<\/a> ELS MOIXONS<\/p>\n<p><a href=\"https:\/\/drive.google.com\/open?id=1L-c7Z6TcQVn5oqgrD1box0Wh1YUTkdqM\" target=\"_blank\" rel=\"noopener noreferrer\">P5<\/a> ELS DRACS<\/p>\n<p><a href=\"https:\/\/drive.google.com\/drive\/folders\/1doqP5hM1PUpjP9jJm7FdAT1Zdj4Q1Xze?usp=sharing\" target=\"_blank\" rel=\"noopener noreferrer\">CICLE INICIAL<\/a>: 1r ARANYES i 2n GOSSOS.<\/p>\n<p>(3r, 4t, 5\u00e8 i 6\u00e8 al classroom)<\/p>\n<ul>\n<li><span style=\"color: #808080;\">Si teniu dubtes per penjar fotos del m\u00f2bil al drive, mireu aquest<\/span> <a href=\"https:\/\/www.youtube.com\/watch?v=FeoM_U52tus\" target=\"_blank\" rel=\"noopener noreferrer\">v\u00eddeo<\/a> <span style=\"color: #808080;\">(fins minut 2:25). Un cop tingueu el v\u00eddeo al drive, podeu copiar l&#8217;enlla\u00e7 i enviar-lo al correu.<\/span><\/li>\n<li><span style=\"color: #808080;\">Si teniu dubtes per penjar fotos de l&#8217;ordinador drive, mireu aquest <\/span><a href=\"https:\/\/www.youtube.com\/watch?v=vJyCJ9cHGYw\" target=\"_blank\" rel=\"noopener noreferrer\">v\u00eddeo<\/a><\/li>\n<\/ul>\n<p>&nbsp;<\/p>\n<p><strong><span style=\"color: #800080;\">Recordeu que esteu a temps encara de fer el<\/span> <a href=\"https:\/\/agora.xtec.cat\/escola-santacaterina-vinyols\/general\/repte-1\/\" target=\"_blank\" rel=\"noopener noreferrer\">repte cater\u00ed*1*<\/a>!<\/strong><\/p>\n","protected":false},"excerpt":{"rendered":"<p>Hola, us deixem les propostes per a la setmana que ve. P3\u00a0 ELS RATOLINS P4 ELS MOIXONS P5 ELS DRACS CICLE INICIAL: 1r ARANYES i 2n GOSSOS. (3r, 4t, 5\u00e8 i 6\u00e8 al classroom) Si teniu dubtes per penjar fotos del m\u00f2bil al drive, mireu aquest v\u00eddeo (fins minut 2:25). Un cop tingueu el v\u00eddeo [&hellip;]<\/p>\n","protected":false},"author":1,"featured_media":3051,"comment_status":"open","ping_status":"closed","sticky":false,"template":"","format":"standard","meta":{"_bbp_topic_count":0,"_bbp_reply_count":0,"_bbp_total_topic_count":0,"_bbp_total_reply_count":0,"_bbp_voice_count":0,"_bbp_anonymous_reply_count":0,"_bbp_topic_count_hidden":0,"_bbp_reply_count_hidden":0,"_bbp_forum_subforum_count":0,"site-sidebar-layout":"default","site-content-layout":"","ast-site-content-layout":"","site-content-style":"default","site-sidebar-style":"default","ast-global-header-display":"","ast-banner-title-visibility":"","ast-main-header-display":"","ast-hfb-above-header-display":"","ast-hfb-below-header-display":"","ast-hfb-mobile-header-display":"","site-post-title":"","ast-breadcrumbs-content":"","ast-featured-img":"","footer-sml-layout":"","theme-transparent-header-meta":"","adv-header-id-meta":"","stick-header-meta":"","header-above-stick-meta":"","header-main-stick-meta":"","header-below-stick-meta":"","astra-migrate-meta-layouts":"default","ast-page-background-enabled":"default","ast-page-background-meta":{"desktop":{"background-color":"var(--ast-global-color-4)","background-image":"","background-repeat":"repeat","background-position":"center center","background-size":"auto","background-attachment":"scroll","background-type":"","background-media":"","overlay-type":"","overlay-color":"","overlay-opacity":"","overlay-gradient":""},"tablet":{"background-color":"","background-image":"","background-repeat":"repeat","background-position":"center center","background-size":"auto","background-attachment":"scroll","background-type":"","background-media":"","overlay-type":"","overlay-color":"","overlay-opacity":"","overlay-gradient":""},"mobile":{"background-color":"","background-image":"","background-repeat":"repeat","background-position":"center center","background-size":"auto","background-attachment":"scroll","background-type":"","background-media":"","overlay-type":"","overlay-color":"","overlay-opacity":"","overlay-gradient":""}},"ast-content-background-meta":{"desktop":{"background-color":"var(--ast-global-color-5)","background-image":"","background-repeat":"repeat","background-position":"center center","background-size":"auto","background-attachment":"scroll","background-type":"","background-media":"","overlay-type":"","overlay-color":"","overlay-opacity":"","overlay-gradient":""},"tablet":{"background-color":"var(--ast-global-color-5)","background-image":"","background-repeat":"repeat","background-position":"center center","background-size":"auto","background-attachment":"scroll","background-type":"","background-media":"","overlay-type":"","overlay-color":"","overlay-opacity":"","overlay-gradient":""},"mobile":{"background-color":"var(--ast-global-color-5)","background-image":"","background-repeat":"repeat","background-position":"center center","background-size":"auto","background-attachment":"scroll","background-type":"","background-media":"","overlay-type":"","overlay-color":"","overlay-opacity":"","overlay-gradient":""}},"footnotes":""},"categories":[1],"tags":[165],"class_list":["post-3045","post","type-post","status-publish","format-standard","has-post-thumbnail","hentry","category-general","tag-recomanacions"],"post_mailing_queue_ids":[],"_links":{"self":[{"href":"https:\/\/agora.xtec.cat\/escola-santacaterina-vinyols\/wp-json\/wp\/v2\/posts\/3045","targetHints":{"allow":["GET"]}}],"collection":[{"href":"https:\/\/agora.xtec.cat\/escola-santacaterina-vinyols\/wp-json\/wp\/v2\/posts"}],"about":[{"href":"https:\/\/agora.xtec.cat\/escola-santacaterina-vinyols\/wp-json\/wp\/v2\/types\/post"}],"author":[{"embeddable":true,"href":"https:\/\/agora.xtec.cat\/escola-santacaterina-vinyols\/wp-json\/wp\/v2\/users\/1"}],"replies":[{"embeddable":true,"href":"https:\/\/agora.xtec.cat\/escola-santacaterina-vinyols\/wp-json\/wp\/v2\/comments?post=3045"}],"version-history":[{"count":3,"href":"https:\/\/agora.xtec.cat\/escola-santacaterina-vinyols\/wp-json\/wp\/v2\/posts\/3045\/revisions"}],"predecessor-version":[{"id":3059,"href":"https:\/\/agora.xtec.cat\/escola-santacaterina-vinyols\/wp-json\/wp\/v2\/posts\/3045\/revisions\/3059"}],"wp:featuredmedia":[{"embeddable":true,"href":"https:\/\/agora.xtec.cat\/escola-santacaterina-vinyols\/wp-json\/wp\/v2\/media\/3051"}],"wp:attachment":[{"href":"https:\/\/agora.xtec.cat\/escola-santacaterina-vinyols\/wp-json\/wp\/v2\/media?parent=3045"}],"wp:term":[{"taxonomy":"category","embeddable":true,"href":"https:\/\/agora.xtec.cat\/escola-santacaterina-vinyols\/wp-json\/wp\/v2\/categories?post=3045"},{"taxonomy":"post_tag","embeddable":true,"href":"https:\/\/agora.xtec.cat\/escola-santacaterina-vinyols\/wp-json\/wp\/v2\/tags?post=3045"}],"curies":[{"name":"wp","href":"https:\/\/api.w.org\/{rel}","templated":true}]}}