{"id":3002,"date":"2020-04-16T13:26:22","date_gmt":"2020-04-16T11:26:22","guid":{"rendered":"http:\/\/agora.xtec.cat\/escola-santacaterina-vinyols\/?p=3002"},"modified":"2020-04-16T14:22:21","modified_gmt":"2020-04-16T12:22:21","slug":"recomanacions-del-15-al-17-dabril","status":"publish","type":"post","link":"https:\/\/agora.xtec.cat\/escola-santacaterina-vinyols\/general\/recomanacions-del-15-al-17-dabril\/","title":{"rendered":"RECOMANACIONS del 15 al 17 d&#8217;abril"},"content":{"rendered":"<p>P3, ELS RATOLINS<\/p>\n<ul>\n<li><a href=\"https:\/\/agora.xtec.cat\/escola-santacaterina-vinyols\/wp-content\/uploads\/usu964\/2020\/04\/p3-carta.pdf\">Carta<\/a><\/li>\n<li><a href=\"https:\/\/agora.xtec.cat\/escola-santacaterina-vinyols\/wp-content\/uploads\/usu964\/2020\/04\/INSTRUCCIONS-FITXES-PRIMAVERA.pdf\">Instruccions<\/a>,\u00a0<a href=\"https:\/\/agora.xtec.cat\/escola-santacaterina-vinyols\/wp-content\/uploads\/usu964\/2020\/04\/FITXA-CONFEGIR-PRIMAVERA.pdf\">Full1 <\/a>i <a href=\"https:\/\/agora.xtec.cat\/escola-santacaterina-vinyols\/wp-content\/uploads\/usu964\/2020\/04\/POEMA_-LA-PRIMAVERA.pdf\">Full2<\/a>.<\/li>\n<li><a href=\"https:\/\/agora.xtec.cat\/escola-santacaterina-vinyols\/wp-content\/uploads\/usu964\/2020\/04\/PROPOSTA-DE-PL\u00c0STICA.pdf\">Proposta pl\u00e0stica<\/a><\/li>\n<\/ul>\n<p>P4 ELS MOIXONS<\/p>\n<ul>\n<li><a href=\"https:\/\/agora.xtec.cat\/escola-santacaterina-vinyols\/wp-content\/uploads\/usu964\/2020\/04\/p4-1.BON-DIA-MOIXONETS-I-MOIXONETES.pdf\">Carta<\/a><\/li>\n<li><a href=\"https:\/\/agora.xtec.cat\/escola-santacaterina-vinyols\/wp-content\/uploads\/usu964\/2020\/04\/p4-2...Fitxes-primavera.pdf\">Full1<\/a><\/li>\n<li><a href=\"https:\/\/agora.xtec.cat\/escola-santacaterina-vinyols\/wp-content\/uploads\/usu964\/2020\/04\/PROPOSTA-DE-PL\u00c0STICA.pdf\">Proposta pl\u00e0stica<\/a><\/li>\n<\/ul>\n<p>P5 ELS DRACS<\/p>\n<ul>\n<li><a href=\"https:\/\/agora.xtec.cat\/escola-santacaterina-vinyols\/wp-content\/uploads\/usu964\/2020\/04\/p5-1.Carta-dracs.pdf\">Carta<\/a><\/li>\n<li><a href=\"https:\/\/agora.xtec.cat\/escola-santacaterina-vinyols\/wp-content\/uploads\/usu964\/2020\/04\/p5-2.Poema-La-primavera.pdf\">Full1<\/a><\/li>\n<li><a href=\"https:\/\/agora.xtec.cat\/escola-santacaterina-vinyols\/wp-content\/uploads\/usu964\/2020\/04\/PROPOSTA-DE-PL\u00c0STICA.pdf\">Proposta pl\u00e0stica<\/a><\/li>\n<\/ul>\n<p>CICLE INICIAL: 1r ARANYES i 2n GOSSOS.<\/p>\n<ul>\n<li><a href=\"https:\/\/agora.xtec.cat\/escola-santacaterina-vinyols\/wp-content\/uploads\/usu964\/2020\/04\/CI-Recomanem-llibres.pdf\">Proposta1<\/a><\/li>\n<li><a href=\"https:\/\/agora.xtec.cat\/escola-santacaterina-vinyols\/wp-content\/uploads\/usu964\/2020\/04\/CI-FEU-DINVESTIGADORS.pdf\">Proposta2<\/a>.<\/li>\n<\/ul>\n<p>(3r, 4t, 5\u00e8 i 6\u00e8 al classroom)<\/p>\n","protected":false},"excerpt":{"rendered":"<p>P3, ELS RATOLINS Carta Instruccions,\u00a0Full1 i Full2. Proposta pl\u00e0stica P4 ELS MOIXONS Carta Full1 Proposta pl\u00e0stica P5 ELS DRACS Carta Full1 Proposta pl\u00e0stica CICLE INICIAL: 1r ARANYES i 2n GOSSOS. Proposta1 Proposta2. (3r, 4t, 5\u00e8 i 6\u00e8 al classroom)<\/p>\n","protected":false},"author":1,"featured_media":0,"comment_status":"open","ping_status":"closed","sticky":false,"template":"","format":"standard","meta":{"_bbp_topic_count":0,"_bbp_reply_count":0,"_bbp_total_topic_count":0,"_bbp_total_reply_count":0,"_bbp_voice_count":0,"_bbp_anonymous_reply_count":0,"_bbp_topic_count_hidden":0,"_bbp_reply_count_hidden":0,"_bbp_forum_subforum_count":0,"site-sidebar-layout":"default","site-content-layout":"","ast-site-content-layout":"","site-content-style":"default","site-sidebar-style":"default","ast-global-header-display":"","ast-banner-title-visibility":"","ast-main-header-display":"","ast-hfb-above-header-display":"","ast-hfb-below-header-display":"","ast-hfb-mobile-header-display":"","site-post-title":"","ast-breadcrumbs-content":"","ast-featured-img":"","footer-sml-layout":"","theme-transparent-header-meta":"","adv-header-id-meta":"","stick-header-meta":"","header-above-stick-meta":"","header-main-stick-meta":"","header-below-stick-meta":"","astra-migrate-meta-layouts":"default","ast-page-background-enabled":"default","ast-page-background-meta":{"desktop":{"background-color":"var(--ast-global-color-4)","background-image":"","background-repeat":"repeat","background-position":"center center","background-size":"auto","background-attachment":"scroll","background-type":"","background-media":"","overlay-type":"","overlay-color":"","overlay-opacity":"","overlay-gradient":""},"tablet":{"background-color":"","background-image":"","background-repeat":"repeat","background-position":"center center","background-size":"auto","background-attachment":"scroll","background-type":"","background-media":"","overlay-type":"","overlay-color":"","overlay-opacity":"","overlay-gradient":""},"mobile":{"background-color":"","background-image":"","background-repeat":"repeat","background-position":"center center","background-size":"auto","background-attachment":"scroll","background-type":"","background-media":"","overlay-type":"","overlay-color":"","overlay-opacity":"","overlay-gradient":""}},"ast-content-background-meta":{"desktop":{"background-color":"var(--ast-global-color-5)","background-image":"","background-repeat":"repeat","background-position":"center center","background-size":"auto","background-attachment":"scroll","background-type":"","background-media":"","overlay-type":"","overlay-color":"","overlay-opacity":"","overlay-gradient":""},"tablet":{"background-color":"var(--ast-global-color-5)","background-image":"","background-repeat":"repeat","background-position":"center center","background-size":"auto","background-attachment":"scroll","background-type":"","background-media":"","overlay-type":"","overlay-color":"","overlay-opacity":"","overlay-gradient":""},"mobile":{"background-color":"var(--ast-global-color-5)","background-image":"","background-repeat":"repeat","background-position":"center center","background-size":"auto","background-attachment":"scroll","background-type":"","background-media":"","overlay-type":"","overlay-color":"","overlay-opacity":"","overlay-gradient":""}},"footnotes":""},"categories":[61,66,1],"tags":[],"class_list":["post-3002","post","type-post","status-publish","format-standard","hentry","category-c-inicial","category-e-infantil","category-general"],"post_mailing_queue_ids":[],"_links":{"self":[{"href":"https:\/\/agora.xtec.cat\/escola-santacaterina-vinyols\/wp-json\/wp\/v2\/posts\/3002","targetHints":{"allow":["GET"]}}],"collection":[{"href":"https:\/\/agora.xtec.cat\/escola-santacaterina-vinyols\/wp-json\/wp\/v2\/posts"}],"about":[{"href":"https:\/\/agora.xtec.cat\/escola-santacaterina-vinyols\/wp-json\/wp\/v2\/types\/post"}],"author":[{"embeddable":true,"href":"https:\/\/agora.xtec.cat\/escola-santacaterina-vinyols\/wp-json\/wp\/v2\/users\/1"}],"replies":[{"embeddable":true,"href":"https:\/\/agora.xtec.cat\/escola-santacaterina-vinyols\/wp-json\/wp\/v2\/comments?post=3002"}],"version-history":[{"count":3,"href":"https:\/\/agora.xtec.cat\/escola-santacaterina-vinyols\/wp-json\/wp\/v2\/posts\/3002\/revisions"}],"predecessor-version":[{"id":3016,"href":"https:\/\/agora.xtec.cat\/escola-santacaterina-vinyols\/wp-json\/wp\/v2\/posts\/3002\/revisions\/3016"}],"wp:attachment":[{"href":"https:\/\/agora.xtec.cat\/escola-santacaterina-vinyols\/wp-json\/wp\/v2\/media?parent=3002"}],"wp:term":[{"taxonomy":"category","embeddable":true,"href":"https:\/\/agora.xtec.cat\/escola-santacaterina-vinyols\/wp-json\/wp\/v2\/categories?post=3002"},{"taxonomy":"post_tag","embeddable":true,"href":"https:\/\/agora.xtec.cat\/escola-santacaterina-vinyols\/wp-json\/wp\/v2\/tags?post=3002"}],"curies":[{"name":"wp","href":"https:\/\/api.w.org\/{rel}","templated":true}]}}