{"id":2965,"date":"2020-03-30T12:33:10","date_gmt":"2020-03-30T10:33:10","guid":{"rendered":"http:\/\/agora.xtec.cat\/escola-santacaterina-vinyols\/?p=2965"},"modified":"2020-03-30T12:33:55","modified_gmt":"2020-03-30T10:33:55","slug":"estem-en-contacte","status":"publish","type":"post","link":"https:\/\/agora.xtec.cat\/escola-santacaterina-vinyols\/general\/estem-en-contacte\/","title":{"rendered":"ESTEM EN CONTACTE"},"content":{"rendered":"<p>Hola Comunitat Caterina!<\/p>\n<p>Aquesta setmana ens volem posar en contacte amb vosaltres per saber com esteu. Us vam deixar moltes propostes a l&#8217;entrada anterior per realitzar aquests dies, i segur que n&#8217;heu trobat moltes m\u00e9s a la xarxa, o senzillament us n&#8217;heu inventat. Ens agradar\u00e0 molt saber com us va tot.<\/p>\n<p><strong><span style=\"color: #800080;\">EDUCACI\u00d3 INFANTIL I CICLE INICIAL<\/span><\/strong><\/p>\n<p>Avui<span style=\"font-family: inherit; font-size: 1em;\">\u00a0dilluns i dimarts al llarg del mat\u00ed rebreu una <strong>trucada<\/strong> del tutor del vostre fill\/a (amb n\u00famero ocult) per poder compartir uns moments de conversa amb ell\/a. <\/span>Aprofitarem la trucada per oferir-vos la possibilitat d\u2019obrir una via de comunicaci\u00f3 m\u00e9s fluida a trav\u00e9s d\u2019un <strong>correu individual<\/strong>, que us facilitar\u00edem al moment.<\/p>\n<p><strong><span style=\"color: #800080;\">CICLE MITJ\u00c0 I SUPERIOR<\/span><\/strong><\/p>\n<p>Avui rebreu un e-mail del seu tutor\/a al correu personal <span style=\"text-decoration: underline; color: #0000ff;\"><strong><a style=\"color: #0000ff; text-decoration: underline;\" href=\"https:\/\/t.me\/escolavinyols\" target=\"_blank\" rel=\"noopener noreferrer\">@escolavinyols<\/a>.cat<\/strong><\/span> (que us vam facilitar fa 3 setmanes), on es proposar\u00e0 la possibilitat d\u2019obrir una via de comunicaci\u00f3 a trav\u00e9s del mateix correu o realitzar videoconfer\u00e8ncies a trav\u00e9s de la plataforma <strong>Meet<\/strong>, vinculada al correu (qui es connecti des del m\u00f2bil o la tablet s\u2019hauria d\u2019instal\u00b7lar l\u2019aplicaci\u00f3).<br \/>\nSi algun alumne t\u00e9 dificultats per accedir-hi el tutor es posar\u00e0 en contacte a trav\u00e9s d\u2019una trucada telef\u00f2nica amb n\u00famero ocult.<\/p>\n<p>&nbsp;<\/p>\n","protected":false},"excerpt":{"rendered":"<p>Hola Comunitat Caterina! Aquesta setmana ens volem posar en contacte amb vosaltres per saber com esteu. Us vam deixar moltes propostes a l&#8217;entrada anterior per realitzar aquests dies, i segur que n&#8217;heu trobat moltes m\u00e9s a la xarxa, o senzillament us n&#8217;heu inventat. Ens agradar\u00e0 molt saber com us va tot. EDUCACI\u00d3 INFANTIL I CICLE [&hellip;]<\/p>\n","protected":false},"author":1,"featured_media":2964,"comment_status":"open","ping_status":"closed","sticky":false,"template":"","format":"standard","meta":{"_bbp_topic_count":0,"_bbp_reply_count":0,"_bbp_total_topic_count":0,"_bbp_total_reply_count":0,"_bbp_voice_count":0,"_bbp_anonymous_reply_count":0,"_bbp_topic_count_hidden":0,"_bbp_reply_count_hidden":0,"_bbp_forum_subforum_count":0,"site-sidebar-layout":"default","site-content-layout":"","ast-site-content-layout":"","site-content-style":"default","site-sidebar-style":"default","ast-global-header-display":"","ast-banner-title-visibility":"","ast-main-header-display":"","ast-hfb-above-header-display":"","ast-hfb-below-header-display":"","ast-hfb-mobile-header-display":"","site-post-title":"","ast-breadcrumbs-content":"","ast-featured-img":"","footer-sml-layout":"","theme-transparent-header-meta":"","adv-header-id-meta":"","stick-header-meta":"","header-above-stick-meta":"","header-main-stick-meta":"","header-below-stick-meta":"","astra-migrate-meta-layouts":"default","ast-page-background-enabled":"default","ast-page-background-meta":{"desktop":{"background-color":"var(--ast-global-color-4)","background-image":"","background-repeat":"repeat","background-position":"center center","background-size":"auto","background-attachment":"scroll","background-type":"","background-media":"","overlay-type":"","overlay-color":"","overlay-opacity":"","overlay-gradient":""},"tablet":{"background-color":"","background-image":"","background-repeat":"repeat","background-position":"center center","background-size":"auto","background-attachment":"scroll","background-type":"","background-media":"","overlay-type":"","overlay-color":"","overlay-opacity":"","overlay-gradient":""},"mobile":{"background-color":"","background-image":"","background-repeat":"repeat","background-position":"center center","background-size":"auto","background-attachment":"scroll","background-type":"","background-media":"","overlay-type":"","overlay-color":"","overlay-opacity":"","overlay-gradient":""}},"ast-content-background-meta":{"desktop":{"background-color":"var(--ast-global-color-5)","background-image":"","background-repeat":"repeat","background-position":"center center","background-size":"auto","background-attachment":"scroll","background-type":"","background-media":"","overlay-type":"","overlay-color":"","overlay-opacity":"","overlay-gradient":""},"tablet":{"background-color":"var(--ast-global-color-5)","background-image":"","background-repeat":"repeat","background-position":"center center","background-size":"auto","background-attachment":"scroll","background-type":"","background-media":"","overlay-type":"","overlay-color":"","overlay-opacity":"","overlay-gradient":""},"mobile":{"background-color":"var(--ast-global-color-5)","background-image":"","background-repeat":"repeat","background-position":"center center","background-size":"auto","background-attachment":"scroll","background-type":"","background-media":"","overlay-type":"","overlay-color":"","overlay-opacity":"","overlay-gradient":""}},"footnotes":""},"categories":[1],"tags":[],"class_list":["post-2965","post","type-post","status-publish","format-standard","has-post-thumbnail","hentry","category-general"],"post_mailing_queue_ids":[],"_links":{"self":[{"href":"https:\/\/agora.xtec.cat\/escola-santacaterina-vinyols\/wp-json\/wp\/v2\/posts\/2965","targetHints":{"allow":["GET"]}}],"collection":[{"href":"https:\/\/agora.xtec.cat\/escola-santacaterina-vinyols\/wp-json\/wp\/v2\/posts"}],"about":[{"href":"https:\/\/agora.xtec.cat\/escola-santacaterina-vinyols\/wp-json\/wp\/v2\/types\/post"}],"author":[{"embeddable":true,"href":"https:\/\/agora.xtec.cat\/escola-santacaterina-vinyols\/wp-json\/wp\/v2\/users\/1"}],"replies":[{"embeddable":true,"href":"https:\/\/agora.xtec.cat\/escola-santacaterina-vinyols\/wp-json\/wp\/v2\/comments?post=2965"}],"version-history":[{"count":2,"href":"https:\/\/agora.xtec.cat\/escola-santacaterina-vinyols\/wp-json\/wp\/v2\/posts\/2965\/revisions"}],"predecessor-version":[{"id":2967,"href":"https:\/\/agora.xtec.cat\/escola-santacaterina-vinyols\/wp-json\/wp\/v2\/posts\/2965\/revisions\/2967"}],"wp:featuredmedia":[{"embeddable":true,"href":"https:\/\/agora.xtec.cat\/escola-santacaterina-vinyols\/wp-json\/wp\/v2\/media\/2964"}],"wp:attachment":[{"href":"https:\/\/agora.xtec.cat\/escola-santacaterina-vinyols\/wp-json\/wp\/v2\/media?parent=2965"}],"wp:term":[{"taxonomy":"category","embeddable":true,"href":"https:\/\/agora.xtec.cat\/escola-santacaterina-vinyols\/wp-json\/wp\/v2\/categories?post=2965"},{"taxonomy":"post_tag","embeddable":true,"href":"https:\/\/agora.xtec.cat\/escola-santacaterina-vinyols\/wp-json\/wp\/v2\/tags?post=2965"}],"curies":[{"name":"wp","href":"https:\/\/api.w.org\/{rel}","templated":true}]}}