{"id":2319,"date":"2019-03-28T09:41:02","date_gmt":"2019-03-28T08:41:02","guid":{"rendered":"http:\/\/agora.xtec.cat\/escola-santacaterina-vinyols\/?p=2319"},"modified":"2019-03-28T09:42:53","modified_gmt":"2019-03-28T08:42:53","slug":"experiencies-matematiques","status":"publish","type":"post","link":"https:\/\/agora.xtec.cat\/escola-santacaterina-vinyols\/general\/experiencies-matematiques\/","title":{"rendered":"\u201cExperi\u00e8ncies Matem\u00e0tiques\u201d"},"content":{"rendered":"<p>Us recomanem l&#8217;exposici\u00f3 del museu de matem\u00e0tiques de Catalunya que estar\u00e0 a Tarragona fins el 16 de juny.<\/p>\n<h4>Visites a l\u2019exposici\u00f3 (lliures i gratu\u00eftes):<\/h4>\n<p>dimarts a dissabte de 10 h a 13 h i de 16 h a 19 h (fins al 31 de mar\u00e7).<br \/>\ndimarts a dissabte de 10 h a 13 h i de 17 h a 20 h (a partir de l\u20191 d\u2019abril)<br \/>\ndiumenges i festius d\u201911 h a 14 h.<\/p>\n<h4>Activitats familiars (cal reserva a http:\/\/tiquets.mmaca.cat , preu: 3\u20ac)<\/h4>\n<p>Dissabtes 30 de mar\u00e7, 13 d\u2019abril, 4 i 25 de maig i 15 de juny.<br \/>\n10.30 h a 11.30 h Dinamitzaci\u00f3 de l\u2019exposici\u00f3<strong><span style=\"color: #800080\"> \u201cPetites experi\u00e8ncies matem\u00e0tiques\u201d<\/span><\/strong>.\u00a0Per a fam\u00edlies amb infants de 6 a 10 anys.<br \/>\n11.30 h a 12.30 h Taller familiar <span style=\"color: #800080\"><strong>\u201cC\u00fapules de Leonardo\u201d<\/strong><\/span> Activitat familiar. Per a fam\u00edlies\u00a0amb infants a partir de 6 anys.<\/p>\n<p>Per a m\u00e9s informaci\u00f3:<\/p>\n<p>https:\/\/mmaca.cat\/exposicio-a-tarragona\/<\/p>\n<p>&nbsp;<\/p>\n<p><a href=\"https:\/\/agora.xtec.cat\/escola-santacaterina-vinyols\/wp-content\/uploads\/usu964\/2019\/03\/2019TGN_Cartell-04-212x300-212x300.jpg\"><img loading=\"lazy\" decoding=\"async\" class=\"alignnone size-full wp-image-2320\" src=\"https:\/\/agora.xtec.cat\/escola-santacaterina-vinyols\/wp-content\/uploads\/usu964\/2019\/03\/2019TGN_Cartell-04-212x300-212x300.jpg\" alt=\"\" width=\"212\" height=\"300\" \/><\/a><\/p>\n<p>&nbsp;<\/p>\n","protected":false},"excerpt":{"rendered":"<p>Us recomanem l&#8217;exposici\u00f3 del museu de matem\u00e0tiques de Catalunya que estar\u00e0 a Tarragona fins el 16 de juny. Visites a l\u2019exposici\u00f3 (lliures i gratu\u00eftes): dimarts a dissabte de 10 h a 13 h i de 16 h a 19 h (fins al 31 de mar\u00e7). dimarts a dissabte de 10 h a 13 h i [&hellip;]<\/p>\n","protected":false},"author":14,"featured_media":2320,"comment_status":"open","ping_status":"closed","sticky":false,"template":"","format":"standard","meta":{"_bbp_topic_count":0,"_bbp_reply_count":0,"_bbp_total_topic_count":0,"_bbp_total_reply_count":0,"_bbp_voice_count":0,"_bbp_anonymous_reply_count":0,"_bbp_topic_count_hidden":0,"_bbp_reply_count_hidden":0,"_bbp_forum_subforum_count":0,"site-sidebar-layout":"default","site-content-layout":"","ast-site-content-layout":"","site-content-style":"default","site-sidebar-style":"default","ast-global-header-display":"","ast-banner-title-visibility":"","ast-main-header-display":"","ast-hfb-above-header-display":"","ast-hfb-below-header-display":"","ast-hfb-mobile-header-display":"","site-post-title":"","ast-breadcrumbs-content":"","ast-featured-img":"","footer-sml-layout":"","theme-transparent-header-meta":"","adv-header-id-meta":"","stick-header-meta":"","header-above-stick-meta":"","header-main-stick-meta":"","header-below-stick-meta":"","astra-migrate-meta-layouts":"default","ast-page-background-enabled":"default","ast-page-background-meta":{"desktop":{"background-color":"var(--ast-global-color-4)","background-image":"","background-repeat":"repeat","background-position":"center center","background-size":"auto","background-attachment":"scroll","background-type":"","background-media":"","overlay-type":"","overlay-color":"","overlay-opacity":"","overlay-gradient":""},"tablet":{"background-color":"","background-image":"","background-repeat":"repeat","background-position":"center center","background-size":"auto","background-attachment":"scroll","background-type":"","background-media":"","overlay-type":"","overlay-color":"","overlay-opacity":"","overlay-gradient":""},"mobile":{"background-color":"","background-image":"","background-repeat":"repeat","background-position":"center center","background-size":"auto","background-attachment":"scroll","background-type":"","background-media":"","overlay-type":"","overlay-color":"","overlay-opacity":"","overlay-gradient":""}},"ast-content-background-meta":{"desktop":{"background-color":"var(--ast-global-color-5)","background-image":"","background-repeat":"repeat","background-position":"center center","background-size":"auto","background-attachment":"scroll","background-type":"","background-media":"","overlay-type":"","overlay-color":"","overlay-opacity":"","overlay-gradient":""},"tablet":{"background-color":"var(--ast-global-color-5)","background-image":"","background-repeat":"repeat","background-position":"center center","background-size":"auto","background-attachment":"scroll","background-type":"","background-media":"","overlay-type":"","overlay-color":"","overlay-opacity":"","overlay-gradient":""},"mobile":{"background-color":"var(--ast-global-color-5)","background-image":"","background-repeat":"repeat","background-position":"center center","background-size":"auto","background-attachment":"scroll","background-type":"","background-media":"","overlay-type":"","overlay-color":"","overlay-opacity":"","overlay-gradient":""}},"footnotes":""},"categories":[1],"tags":[],"class_list":["post-2319","post","type-post","status-publish","format-standard","has-post-thumbnail","hentry","category-general"],"post_mailing_queue_ids":[],"_links":{"self":[{"href":"https:\/\/agora.xtec.cat\/escola-santacaterina-vinyols\/wp-json\/wp\/v2\/posts\/2319","targetHints":{"allow":["GET"]}}],"collection":[{"href":"https:\/\/agora.xtec.cat\/escola-santacaterina-vinyols\/wp-json\/wp\/v2\/posts"}],"about":[{"href":"https:\/\/agora.xtec.cat\/escola-santacaterina-vinyols\/wp-json\/wp\/v2\/types\/post"}],"author":[{"embeddable":true,"href":"https:\/\/agora.xtec.cat\/escola-santacaterina-vinyols\/wp-json\/wp\/v2\/users\/14"}],"replies":[{"embeddable":true,"href":"https:\/\/agora.xtec.cat\/escola-santacaterina-vinyols\/wp-json\/wp\/v2\/comments?post=2319"}],"version-history":[{"count":2,"href":"https:\/\/agora.xtec.cat\/escola-santacaterina-vinyols\/wp-json\/wp\/v2\/posts\/2319\/revisions"}],"predecessor-version":[{"id":2322,"href":"https:\/\/agora.xtec.cat\/escola-santacaterina-vinyols\/wp-json\/wp\/v2\/posts\/2319\/revisions\/2322"}],"wp:featuredmedia":[{"embeddable":true,"href":"https:\/\/agora.xtec.cat\/escola-santacaterina-vinyols\/wp-json\/wp\/v2\/media\/2320"}],"wp:attachment":[{"href":"https:\/\/agora.xtec.cat\/escola-santacaterina-vinyols\/wp-json\/wp\/v2\/media?parent=2319"}],"wp:term":[{"taxonomy":"category","embeddable":true,"href":"https:\/\/agora.xtec.cat\/escola-santacaterina-vinyols\/wp-json\/wp\/v2\/categories?post=2319"},{"taxonomy":"post_tag","embeddable":true,"href":"https:\/\/agora.xtec.cat\/escola-santacaterina-vinyols\/wp-json\/wp\/v2\/tags?post=2319"}],"curies":[{"name":"wp","href":"https:\/\/api.w.org\/{rel}","templated":true}]}}