{"id":2025,"date":"2018-05-18T17:18:41","date_gmt":"2018-05-18T15:18:41","guid":{"rendered":"http:\/\/agora.xtec.cat\/escola-santacaterina-vinyols\/?p=2025"},"modified":"2020-02-11T18:43:57","modified_gmt":"2020-02-11T17:43:57","slug":"cantata-cambrils-2018","status":"publish","type":"post","link":"https:\/\/agora.xtec.cat\/escola-santacaterina-vinyols\/general\/cantata-cambrils-2018\/","title":{"rendered":"CANTATA CAMBRILS 2018"},"content":{"rendered":"<p>Qu\u00e8 hi feien tans nens al pavell\u00f3 de Cambrils el passat dimarts?<\/p>\n<p>Doncs\u00a0interpretaven\u00a0la cantata &#8220;La com\u00e8dia del gall&#8221; de Michael Hurd. Els alumnes de 3r de les escoles de Cambrils i Vinyols van ser els cantants i els de segon\u00a0 van fer de p\u00fablic perqu\u00e8 l&#8217;any que b\u00e9 els toca cantar a ells.<\/p>\n<p>Els alumnes de 3r portaven molts mesos assajant les can\u00e7ons, i anavem amb un gall vermell a la samarreta i un foulard del mateix color.<\/p>\n<p>L&#8217;experi\u00e8ncia \u00e9s molt emocionant, ja que es canta amb molts altres infants i amb m\u00fasics en directe.<\/p>\n","protected":false},"excerpt":{"rendered":"<p>Qu\u00e8 hi feien tans nens al pavell\u00f3 de Cambrils el passat dimarts? Doncs\u00a0interpretaven\u00a0la cantata &#8220;La com\u00e8dia del gall&#8221; de Michael Hurd. Els alumnes de 3r de les escoles de Cambrils i Vinyols van ser els cantants i els de segon\u00a0 van fer de p\u00fablic perqu\u00e8 l&#8217;any que b\u00e9 els toca cantar a ells. Els alumnes [&hellip;]<\/p>\n","protected":false},"author":14,"featured_media":2026,"comment_status":"open","ping_status":"closed","sticky":false,"template":"","format":"standard","meta":{"_bbp_topic_count":0,"_bbp_reply_count":0,"_bbp_total_topic_count":0,"_bbp_total_reply_count":0,"_bbp_voice_count":0,"_bbp_anonymous_reply_count":0,"_bbp_topic_count_hidden":0,"_bbp_reply_count_hidden":0,"_bbp_forum_subforum_count":0,"site-sidebar-layout":"default","site-content-layout":"","ast-site-content-layout":"","site-content-style":"default","site-sidebar-style":"default","ast-global-header-display":"","ast-banner-title-visibility":"","ast-main-header-display":"","ast-hfb-above-header-display":"","ast-hfb-below-header-display":"","ast-hfb-mobile-header-display":"","site-post-title":"","ast-breadcrumbs-content":"","ast-featured-img":"","footer-sml-layout":"","theme-transparent-header-meta":"","adv-header-id-meta":"","stick-header-meta":"","header-above-stick-meta":"","header-main-stick-meta":"","header-below-stick-meta":"","astra-migrate-meta-layouts":"default","ast-page-background-enabled":"default","ast-page-background-meta":{"desktop":{"background-color":"var(--ast-global-color-4)","background-image":"","background-repeat":"repeat","background-position":"center center","background-size":"auto","background-attachment":"scroll","background-type":"","background-media":"","overlay-type":"","overlay-color":"","overlay-opacity":"","overlay-gradient":""},"tablet":{"background-color":"","background-image":"","background-repeat":"repeat","background-position":"center center","background-size":"auto","background-attachment":"scroll","background-type":"","background-media":"","overlay-type":"","overlay-color":"","overlay-opacity":"","overlay-gradient":""},"mobile":{"background-color":"","background-image":"","background-repeat":"repeat","background-position":"center center","background-size":"auto","background-attachment":"scroll","background-type":"","background-media":"","overlay-type":"","overlay-color":"","overlay-opacity":"","overlay-gradient":""}},"ast-content-background-meta":{"desktop":{"background-color":"var(--ast-global-color-5)","background-image":"","background-repeat":"repeat","background-position":"center center","background-size":"auto","background-attachment":"scroll","background-type":"","background-media":"","overlay-type":"","overlay-color":"","overlay-opacity":"","overlay-gradient":""},"tablet":{"background-color":"var(--ast-global-color-5)","background-image":"","background-repeat":"repeat","background-position":"center center","background-size":"auto","background-attachment":"scroll","background-type":"","background-media":"","overlay-type":"","overlay-color":"","overlay-opacity":"","overlay-gradient":""},"mobile":{"background-color":"var(--ast-global-color-5)","background-image":"","background-repeat":"repeat","background-position":"center center","background-size":"auto","background-attachment":"scroll","background-type":"","background-media":"","overlay-type":"","overlay-color":"","overlay-opacity":"","overlay-gradient":""}},"footnotes":""},"categories":[11,12,61,62,1,55],"tags":[106,59,56],"class_list":["post-2025","post","type-post","status-publish","format-standard","has-post-thumbnail","hentry","category-2n","category-3r","category-c-inicial","category-c-mitja","category-general","category-musica","tag-artistes","tag-cambrils","tag-cantata"],"post_mailing_queue_ids":[],"_links":{"self":[{"href":"https:\/\/agora.xtec.cat\/escola-santacaterina-vinyols\/wp-json\/wp\/v2\/posts\/2025","targetHints":{"allow":["GET"]}}],"collection":[{"href":"https:\/\/agora.xtec.cat\/escola-santacaterina-vinyols\/wp-json\/wp\/v2\/posts"}],"about":[{"href":"https:\/\/agora.xtec.cat\/escola-santacaterina-vinyols\/wp-json\/wp\/v2\/types\/post"}],"author":[{"embeddable":true,"href":"https:\/\/agora.xtec.cat\/escola-santacaterina-vinyols\/wp-json\/wp\/v2\/users\/14"}],"replies":[{"embeddable":true,"href":"https:\/\/agora.xtec.cat\/escola-santacaterina-vinyols\/wp-json\/wp\/v2\/comments?post=2025"}],"version-history":[{"count":1,"href":"https:\/\/agora.xtec.cat\/escola-santacaterina-vinyols\/wp-json\/wp\/v2\/posts\/2025\/revisions"}],"predecessor-version":[{"id":2027,"href":"https:\/\/agora.xtec.cat\/escola-santacaterina-vinyols\/wp-json\/wp\/v2\/posts\/2025\/revisions\/2027"}],"wp:featuredmedia":[{"embeddable":true,"href":"https:\/\/agora.xtec.cat\/escola-santacaterina-vinyols\/wp-json\/wp\/v2\/media\/2026"}],"wp:attachment":[{"href":"https:\/\/agora.xtec.cat\/escola-santacaterina-vinyols\/wp-json\/wp\/v2\/media?parent=2025"}],"wp:term":[{"taxonomy":"category","embeddable":true,"href":"https:\/\/agora.xtec.cat\/escola-santacaterina-vinyols\/wp-json\/wp\/v2\/categories?post=2025"},{"taxonomy":"post_tag","embeddable":true,"href":"https:\/\/agora.xtec.cat\/escola-santacaterina-vinyols\/wp-json\/wp\/v2\/tags?post=2025"}],"curies":[{"name":"wp","href":"https:\/\/api.w.org\/{rel}","templated":true}]}}