{"id":1614,"date":"2013-04-15T15:48:02","date_gmt":"2013-04-15T13:48:02","guid":{"rendered":"http:\/\/blocs.xtec.cat\/escolasantacaterina\/?p=450"},"modified":"2013-04-15T15:48:02","modified_gmt":"2013-04-15T13:48:02","slug":"sortida-al-teatre","status":"publish","type":"post","link":"https:\/\/agora.xtec.cat\/escola-santacaterina-vinyols\/general\/sortida-al-teatre\/","title":{"rendered":"Sortida al TEATRE!!!"},"content":{"rendered":"<p>El passat dia 20 de mar\u00e7 tots\u00a0 els nens i nenes d\u2019educaci\u00f3 infantil de l\u2019escola Santa Caterina vam anar d\u2019excursi\u00f3 a <span style=\"color: #339966\"><em><strong>Riudoms<\/strong><\/em><\/span>. Vam sortir a les 9 del mat\u00ed i l\u2019autob\u00fas ens va deixar al costat de la <span style=\"color: #000000\">biblioteca<\/span> perqu\u00e8 abans d\u2019anar al teatre vam anar a visitar-la. A l\u2019entrada de la biblioteca sabeu qui ens estava esperant? doncs el gegant Gaud\u00ed! Vam poder visitar-la i mirar molts contes. Ens va encantar!<\/p>\n<p>Despr\u00e9s, vam fer cam\u00ed fins al <span style=\"color: #800080\"><strong>Casal Riudomenc<\/strong><\/span>. Els nens i nenes de l\u2019escola Santa Caterina ens vam asseure a les primeres fileres!<\/p>\n<p style=\"text-align: center\"><embed type=\"application\/x-shockwave-flash\" width=\"288\" height=\"192\" src=\"https:\/\/picasaweb.google.com\/s\/c\/bin\/slideshow.swf\" flashvars=\"host=picasaweb.google.com&amp;noautoplay=1&amp;hl=ca&amp;feat=flashalbum&amp;RGB=0x000000&amp;feed=https%3A%2F%2Fpicasaweb.google.com%2Fdata%2Ffeed%2Fapi%2Fuser%2F100425467159056196378%2Falbumid%2F5867065823042058705%3Falt%3Drss%26kind%3Dphoto%26hl%3Dca\" pluginspage=\"http:\/\/www.macromedia.com\/go\/getflashplayer\"><\/embed><\/p>\n<p>Puntualment la companyia <strong><span style=\"color: #0000ff\"><em>Xirriquiteula Teatre <\/em><\/span><\/strong>ens va presentar <em>Contes del Cel<\/em>; recull de tres contes on els protagonistes eren elements del cel: <em>El sol que no tenia mem\u00f2ria, El n\u00favol gran, gris i gros<\/em> i <em>La lluna<\/em>. La posada en escena va ser molt bonica i moderna. Els dos actors anaven canviant d\u2019una manera molt r\u00e0pida de personatges i el canvi d\u2019un conte a l\u2019altre tamb\u00e9 va ser molt bonic.<\/p>\n<p>Ens ho vam passar d&#8217;all\u00f2 m\u00e9s b\u00e9!<\/p>\n","protected":false},"excerpt":{"rendered":"<p>El passat dia 20 de mar\u00e7 tots\u00a0 els nens i nenes d\u2019educaci\u00f3 infantil de l\u2019escola Santa Caterina vam anar d\u2019excursi\u00f3 a Riudoms. Vam sortir a les 9 del mat\u00ed i l\u2019autob\u00fas ens va deixar al costat de la biblioteca perqu\u00e8 abans d\u2019anar al teatre vam anar a visitar-la. A l\u2019entrada de la biblioteca sabeu qui [&hellip;]<\/p>\n","protected":false},"author":1,"featured_media":0,"comment_status":"open","ping_status":"open","sticky":false,"template":"","format":"standard","meta":{"_bbp_topic_count":0,"_bbp_reply_count":0,"_bbp_total_topic_count":0,"_bbp_total_reply_count":0,"_bbp_voice_count":0,"_bbp_anonymous_reply_count":0,"_bbp_topic_count_hidden":0,"_bbp_reply_count_hidden":0,"_bbp_forum_subforum_count":0,"site-sidebar-layout":"default","site-content-layout":"","ast-site-content-layout":"","site-content-style":"default","site-sidebar-style":"default","ast-global-header-display":"","ast-banner-title-visibility":"","ast-main-header-display":"","ast-hfb-above-header-display":"","ast-hfb-below-header-display":"","ast-hfb-mobile-header-display":"","site-post-title":"","ast-breadcrumbs-content":"","ast-featured-img":"","footer-sml-layout":"","theme-transparent-header-meta":"","adv-header-id-meta":"","stick-header-meta":"","header-above-stick-meta":"","header-main-stick-meta":"","header-below-stick-meta":"","astra-migrate-meta-layouts":"default","ast-page-background-enabled":"default","ast-page-background-meta":{"desktop":{"background-color":"var(--ast-global-color-4)","background-image":"","background-repeat":"repeat","background-position":"center center","background-size":"auto","background-attachment":"scroll","background-type":"","background-media":"","overlay-type":"","overlay-color":"","overlay-opacity":"","overlay-gradient":""},"tablet":{"background-color":"","background-image":"","background-repeat":"repeat","background-position":"center center","background-size":"auto","background-attachment":"scroll","background-type":"","background-media":"","overlay-type":"","overlay-color":"","overlay-opacity":"","overlay-gradient":""},"mobile":{"background-color":"","background-image":"","background-repeat":"repeat","background-position":"center center","background-size":"auto","background-attachment":"scroll","background-type":"","background-media":"","overlay-type":"","overlay-color":"","overlay-opacity":"","overlay-gradient":""}},"ast-content-background-meta":{"desktop":{"background-color":"var(--ast-global-color-5)","background-image":"","background-repeat":"repeat","background-position":"center center","background-size":"auto","background-attachment":"scroll","background-type":"","background-media":"","overlay-type":"","overlay-color":"","overlay-opacity":"","overlay-gradient":""},"tablet":{"background-color":"var(--ast-global-color-5)","background-image":"","background-repeat":"repeat","background-position":"center center","background-size":"auto","background-attachment":"scroll","background-type":"","background-media":"","overlay-type":"","overlay-color":"","overlay-opacity":"","overlay-gradient":""},"mobile":{"background-color":"var(--ast-global-color-5)","background-image":"","background-repeat":"repeat","background-position":"center center","background-size":"auto","background-attachment":"scroll","background-type":"","background-media":"","overlay-type":"","overlay-color":"","overlay-opacity":"","overlay-gradient":""}},"footnotes":""},"categories":[66,1],"tags":[],"class_list":["post-1614","post","type-post","status-publish","format-standard","hentry","category-e-infantil","category-general"],"post_mailing_queue_ids":[],"_links":{"self":[{"href":"https:\/\/agora.xtec.cat\/escola-santacaterina-vinyols\/wp-json\/wp\/v2\/posts\/1614","targetHints":{"allow":["GET"]}}],"collection":[{"href":"https:\/\/agora.xtec.cat\/escola-santacaterina-vinyols\/wp-json\/wp\/v2\/posts"}],"about":[{"href":"https:\/\/agora.xtec.cat\/escola-santacaterina-vinyols\/wp-json\/wp\/v2\/types\/post"}],"author":[{"embeddable":true,"href":"https:\/\/agora.xtec.cat\/escola-santacaterina-vinyols\/wp-json\/wp\/v2\/users\/1"}],"replies":[{"embeddable":true,"href":"https:\/\/agora.xtec.cat\/escola-santacaterina-vinyols\/wp-json\/wp\/v2\/comments?post=1614"}],"version-history":[{"count":0,"href":"https:\/\/agora.xtec.cat\/escola-santacaterina-vinyols\/wp-json\/wp\/v2\/posts\/1614\/revisions"}],"wp:attachment":[{"href":"https:\/\/agora.xtec.cat\/escola-santacaterina-vinyols\/wp-json\/wp\/v2\/media?parent=1614"}],"wp:term":[{"taxonomy":"category","embeddable":true,"href":"https:\/\/agora.xtec.cat\/escola-santacaterina-vinyols\/wp-json\/wp\/v2\/categories?post=1614"},{"taxonomy":"post_tag","embeddable":true,"href":"https:\/\/agora.xtec.cat\/escola-santacaterina-vinyols\/wp-json\/wp\/v2\/tags?post=1614"}],"curies":[{"name":"wp","href":"https:\/\/api.w.org\/{rel}","templated":true}]}}