{"id":1611,"date":"2013-04-08T15:55:53","date_gmt":"2013-04-08T13:55:53","guid":{"rendered":"http:\/\/blocs.xtec.cat\/escolasantacaterina\/?p=430"},"modified":"2013-04-08T15:55:53","modified_gmt":"2013-04-08T13:55:53","slug":"la-la-love","status":"publish","type":"post","link":"https:\/\/agora.xtec.cat\/escola-santacaterina-vinyols\/general\/la-la-love\/","title":{"rendered":"La la love"},"content":{"rendered":"<p>Aquests dies a l&#8217;hora de m\u00fasica hem ballat aquesta can\u00e7\u00f3, que representant a Xipre va guanyar Eurovisi\u00f3&#8217;12.<br \/>\n[youtube]http:\/\/www.youtube.com\/watch?v=Pedf_OQmcmI[\/youtube]<\/p>\n<p>Comentaris dels alumnes de 1r:<br \/>\nJ\u00falia T.: Hem vist una hist\u00f2ria al videoclip.<br \/>\nDanka: \u00c9s el conte de la Blancaneus.<br \/>\nAbril: La cantant fa de princesa.<br \/>\nCarla: La cantant Ivi Adamou \u00e9s molt guapa.<br \/>\nMarc A.:La bruixa li d\u00f3na a la princesa una poma, i \u00e9s verinosa.<br \/>\nCarol: Dos gossos persegueixen la princesa.<br \/>\nJ\u00falia J: La bruixa la volia matar.<br \/>\nOlaya: La bruixa era molt lletja.<br \/>\nRoger: La princesa es va desmaiar.<br \/>\nPaula: El pr\u00edncep li fa un pet\u00f3.<br \/>\n\u00c0ngel: A mi m&#8217;agrada la m\u00fasica.<\/p>\n","protected":false},"excerpt":{"rendered":"<p>Aquests dies a l&#8217;hora de m\u00fasica hem ballat aquesta can\u00e7\u00f3, que representant a Xipre va guanyar Eurovisi\u00f3&#8217;12. [youtube]http:\/\/www.youtube.com\/watch?v=Pedf_OQmcmI[\/youtube] Comentaris dels alumnes de 1r: J\u00falia T.: Hem vist una hist\u00f2ria al videoclip. Danka: \u00c9s el conte de la Blancaneus. Abril: La cantant fa de princesa. Carla: La cantant Ivi Adamou \u00e9s molt guapa. Marc A.:La bruixa [&hellip;]<\/p>\n","protected":false},"author":1,"featured_media":0,"comment_status":"open","ping_status":"open","sticky":false,"template":"","format":"standard","meta":{"_bbp_topic_count":0,"_bbp_reply_count":0,"_bbp_total_topic_count":0,"_bbp_total_reply_count":0,"_bbp_voice_count":0,"_bbp_anonymous_reply_count":0,"_bbp_topic_count_hidden":0,"_bbp_reply_count_hidden":0,"_bbp_forum_subforum_count":0,"site-sidebar-layout":"default","site-content-layout":"","ast-site-content-layout":"","site-content-style":"default","site-sidebar-style":"default","ast-global-header-display":"","ast-banner-title-visibility":"","ast-main-header-display":"","ast-hfb-above-header-display":"","ast-hfb-below-header-display":"","ast-hfb-mobile-header-display":"","site-post-title":"","ast-breadcrumbs-content":"","ast-featured-img":"","footer-sml-layout":"","theme-transparent-header-meta":"","adv-header-id-meta":"","stick-header-meta":"","header-above-stick-meta":"","header-main-stick-meta":"","header-below-stick-meta":"","astra-migrate-meta-layouts":"default","ast-page-background-enabled":"default","ast-page-background-meta":{"desktop":{"background-color":"var(--ast-global-color-4)","background-image":"","background-repeat":"repeat","background-position":"center center","background-size":"auto","background-attachment":"scroll","background-type":"","background-media":"","overlay-type":"","overlay-color":"","overlay-opacity":"","overlay-gradient":""},"tablet":{"background-color":"","background-image":"","background-repeat":"repeat","background-position":"center center","background-size":"auto","background-attachment":"scroll","background-type":"","background-media":"","overlay-type":"","overlay-color":"","overlay-opacity":"","overlay-gradient":""},"mobile":{"background-color":"","background-image":"","background-repeat":"repeat","background-position":"center center","background-size":"auto","background-attachment":"scroll","background-type":"","background-media":"","overlay-type":"","overlay-color":"","overlay-opacity":"","overlay-gradient":""}},"ast-content-background-meta":{"desktop":{"background-color":"var(--ast-global-color-5)","background-image":"","background-repeat":"repeat","background-position":"center center","background-size":"auto","background-attachment":"scroll","background-type":"","background-media":"","overlay-type":"","overlay-color":"","overlay-opacity":"","overlay-gradient":""},"tablet":{"background-color":"var(--ast-global-color-5)","background-image":"","background-repeat":"repeat","background-position":"center center","background-size":"auto","background-attachment":"scroll","background-type":"","background-media":"","overlay-type":"","overlay-color":"","overlay-opacity":"","overlay-gradient":""},"mobile":{"background-color":"var(--ast-global-color-5)","background-image":"","background-repeat":"repeat","background-position":"center center","background-size":"auto","background-attachment":"scroll","background-type":"","background-media":"","overlay-type":"","overlay-color":"","overlay-opacity":"","overlay-gradient":""}},"footnotes":""},"categories":[61,62,63,66,1,55],"tags":[],"class_list":["post-1611","post","type-post","status-publish","format-standard","hentry","category-c-inicial","category-c-mitja","category-c-superior","category-e-infantil","category-general","category-musica"],"post_mailing_queue_ids":[],"_links":{"self":[{"href":"https:\/\/agora.xtec.cat\/escola-santacaterina-vinyols\/wp-json\/wp\/v2\/posts\/1611","targetHints":{"allow":["GET"]}}],"collection":[{"href":"https:\/\/agora.xtec.cat\/escola-santacaterina-vinyols\/wp-json\/wp\/v2\/posts"}],"about":[{"href":"https:\/\/agora.xtec.cat\/escola-santacaterina-vinyols\/wp-json\/wp\/v2\/types\/post"}],"author":[{"embeddable":true,"href":"https:\/\/agora.xtec.cat\/escola-santacaterina-vinyols\/wp-json\/wp\/v2\/users\/1"}],"replies":[{"embeddable":true,"href":"https:\/\/agora.xtec.cat\/escola-santacaterina-vinyols\/wp-json\/wp\/v2\/comments?post=1611"}],"version-history":[{"count":0,"href":"https:\/\/agora.xtec.cat\/escola-santacaterina-vinyols\/wp-json\/wp\/v2\/posts\/1611\/revisions"}],"wp:attachment":[{"href":"https:\/\/agora.xtec.cat\/escola-santacaterina-vinyols\/wp-json\/wp\/v2\/media?parent=1611"}],"wp:term":[{"taxonomy":"category","embeddable":true,"href":"https:\/\/agora.xtec.cat\/escola-santacaterina-vinyols\/wp-json\/wp\/v2\/categories?post=1611"},{"taxonomy":"post_tag","embeddable":true,"href":"https:\/\/agora.xtec.cat\/escola-santacaterina-vinyols\/wp-json\/wp\/v2\/tags?post=1611"}],"curies":[{"name":"wp","href":"https:\/\/api.w.org\/{rel}","templated":true}]}}