{"id":1404,"date":"2016-06-15T08:38:07","date_gmt":"2016-06-15T06:38:07","guid":{"rendered":"http:\/\/blocs.xtec.cat\/escolasantacaterina\/?p=1404"},"modified":"2016-06-15T08:38:07","modified_gmt":"2016-06-15T06:38:07","slug":"visita-a-lajuntament-de-vinyols","status":"publish","type":"post","link":"https:\/\/agora.xtec.cat\/escola-santacaterina-vinyols\/c-mitja\/visita-a-lajuntament-de-vinyols\/","title":{"rendered":"Visita a l&#8217;Ajuntament de Vinyols"},"content":{"rendered":"<p style=\"text-align: justify;\">El passat dimecres, dia 8 de juny, els de quart vam anar a visitar l\u2019Ajuntament del nostre poble. Estem treballant en el projecte de \u201cCon\u00e8ixer el nostre poble\u201d i aquesta era una visita molt important.<\/p>\n<p style=\"text-align: justify;\">Al\u00a0 entrar, ens va acompanyar\u00a0 a la Sala de Plens. All\u00ed, el Gabriel, que \u00e9s\u00a0 un regidor, ens va explicar la hist\u00f2ria de Vinyols. Despr\u00e9s va entrar l\u2019Arnau, el senyor alcalde, que ens va explicar qui formava l\u2019equip de govern, en qu\u00e8 consistia la seva feina i tots els recursos que tenia l\u2019Ajuntament per treballar per la gent del poble.<\/p>\n<p style=\"text-align: justify;\">Despr\u00e9s vam fer una visita per totes les depend\u00e8ncies de l\u2019ajuntament. Vam sortir al balc\u00f3, on els reis mags pronuncien un discurs cada any el 5 de gener. Vam visitar les oficines, la\u00a0 secretaria, el servei t\u00e8cnic, &#8230; Sab\u00edem que els quatre que ens port\u00e9ssim millor pujar\u00edem a la Torre de defensa.\u00a0 Tots ens port\u00e0vem molt b\u00e9 i escolt\u00e0vem amb molta atenci\u00f3 tot el que ens explicaven. Es va fer molt tard i vam quedar que l\u2019endem\u00e0 ens ensenyarien a tots la Torre de defensa.<\/p>\n<p style=\"text-align: justify;\">El dia seg\u00fcent, a l\u2019hora del pati, vam tornar a l\u2019Ajuntament. Ens van separar en dos grups.<\/p>\n<p style=\"text-align: justify;\">Es pujava per unes escales molt estretes, fins arribar a la primera planta. Despr\u00e9s vam arribar a la segona planta on vam veure \u201cuna comuna\u201d. Tamb\u00e9 hi havia uns forats per guardar coses. Fins a dalt no hi vam poder arribar.<\/p>\n<p style=\"text-align: justify;\">Es va acabar aquesta sortida, amb llaminadures per tots, contents vam tornar a l\u2019escola.<\/p>\n<p style=\"text-align: justify;\">\u00a0 \u00a0 \u00a0 \u00a0 \u00a0 \u00a0 \u00a0 \u00a0 \u00a0 \u00a0 \u00a0 \u00a0 \u00a0 \u00a0 \u00a0 \u00a0 \u00a0 \u00a0 \u00a0 \u00a0 \u00a0 \u00a0 \u00a0 \u00a0 \u00a0 \u00a0 \u00a0 \u00a0 \u00a0 \u00a0 \u00a0 \u00a0 \u00a0 \u00a0 \u00a0 \u00a0 \u00a0 \u00a0 \u00a0 \u00a0 \u00a0 \u00a0 \u00a0 \u00a0 \u00a0 \u00a0 \u00a0 \u00a0 \u00a0 \u00a0 \u00a0 \u00a0 \u00a0 \u00a0 \u00a0 \u00a0 \u00a0 \u00a0 \u00a0 \u00a0 \u00a0 \u00a0 \u00a0 \u00a0 \u00a0 \u00a0 \u00a0 \u00a0 \u00a0 \u00a0 \u00a0 \u00a0 \u00a0 \u00a0 \u00a0 \u00a0 \u00a0 \u00a0 \u00a0 \u00a0 \u00a0 \u00a0 \u00a0 \u00a0 \u00a0 \u00a0 \u00a0 \u00a0 \u00a0 \u00a0 \u00a0 \u00a0 \u00a0 \u00a0 \u00a0 \u00a0 \u00a0 \u00a0 \u00a0 \u00a0 \u00a0 \u00a0 \u00a0 \u00a0 \u00a0 \u00a0 \u00a0 \u00a0 \u00a0 \u00a0 \u00a0 \u00a0 \u00a0 \u00a0 \u00a0 \u00a0 \u00a0 \u00a0 \u00a0 \u00a0 \u00a0 \u00a0 \u00a0 \u00a0 \u00a0 \u00a0 \u00a0 \u00a0 \u00a0 \u00a0 \u00a0 \u00a0 \u00a0 \u00a0 \u00a0 \u00a0 \u00a0 \u00a0<em>Abril Vidiella, alumna de 4t<\/em><\/p>\n<p style=\"text-align: justify;\">\u00a0<embed width=\"600\" height=\"400\" type=\"application\/x-shockwave-flash\" src=\"https:\/\/photos.gstatic.com\/media\/slideshow.swf\" flashvars=\"host=picasaweb.google.com&amp;noautoplay=1&amp;hl=ca&amp;feat=flashalbum&amp;RGB=0x000000&amp;feed=https%3A%2F%2Fpicasaweb.google.com%2Fdata%2Ffeed%2Fapi%2Fuser%2F100425467159056196378%2Falbumid%2F6296310668415238337%3Falt%3Drss%26kind%3Dphoto%26authkey%3DGv1sRgCN2K9-fvsPW8jgE%26hl%3Dca\" pluginspage=\"http:\/\/www.macromedia.com\/go\/getflashplayer\"><\/embed><\/p>\n","protected":false},"excerpt":{"rendered":"<p>El passat dimecres, dia 8 de juny, els de quart vam anar a visitar l\u2019Ajuntament del nostre poble. Estem treballant en el projecte de \u201cCon\u00e8ixer el nostre poble\u201d i aquesta era una visita molt important. Al\u00a0 entrar, ens va acompanyar\u00a0 a la Sala de Plens. All\u00ed, el Gabriel, que \u00e9s\u00a0 un regidor, ens va explicar [&hellip;]<\/p>\n","protected":false},"author":1,"featured_media":0,"comment_status":"open","ping_status":"open","sticky":false,"template":"","format":"standard","meta":{"_bbp_topic_count":0,"_bbp_reply_count":0,"_bbp_total_topic_count":0,"_bbp_total_reply_count":0,"_bbp_voice_count":0,"_bbp_anonymous_reply_count":0,"_bbp_topic_count_hidden":0,"_bbp_reply_count_hidden":0,"_bbp_forum_subforum_count":0,"site-sidebar-layout":"default","site-content-layout":"","ast-site-content-layout":"","site-content-style":"default","site-sidebar-style":"default","ast-global-header-display":"","ast-banner-title-visibility":"","ast-main-header-display":"","ast-hfb-above-header-display":"","ast-hfb-below-header-display":"","ast-hfb-mobile-header-display":"","site-post-title":"","ast-breadcrumbs-content":"","ast-featured-img":"","footer-sml-layout":"","theme-transparent-header-meta":"","adv-header-id-meta":"","stick-header-meta":"","header-above-stick-meta":"","header-main-stick-meta":"","header-below-stick-meta":"","astra-migrate-meta-layouts":"default","ast-page-background-enabled":"default","ast-page-background-meta":{"desktop":{"background-color":"var(--ast-global-color-4)","background-image":"","background-repeat":"repeat","background-position":"center center","background-size":"auto","background-attachment":"scroll","background-type":"","background-media":"","overlay-type":"","overlay-color":"","overlay-opacity":"","overlay-gradient":""},"tablet":{"background-color":"","background-image":"","background-repeat":"repeat","background-position":"center center","background-size":"auto","background-attachment":"scroll","background-type":"","background-media":"","overlay-type":"","overlay-color":"","overlay-opacity":"","overlay-gradient":""},"mobile":{"background-color":"","background-image":"","background-repeat":"repeat","background-position":"center center","background-size":"auto","background-attachment":"scroll","background-type":"","background-media":"","overlay-type":"","overlay-color":"","overlay-opacity":"","overlay-gradient":""}},"ast-content-background-meta":{"desktop":{"background-color":"var(--ast-global-color-5)","background-image":"","background-repeat":"repeat","background-position":"center center","background-size":"auto","background-attachment":"scroll","background-type":"","background-media":"","overlay-type":"","overlay-color":"","overlay-opacity":"","overlay-gradient":""},"tablet":{"background-color":"var(--ast-global-color-5)","background-image":"","background-repeat":"repeat","background-position":"center center","background-size":"auto","background-attachment":"scroll","background-type":"","background-media":"","overlay-type":"","overlay-color":"","overlay-opacity":"","overlay-gradient":""},"mobile":{"background-color":"var(--ast-global-color-5)","background-image":"","background-repeat":"repeat","background-position":"center center","background-size":"auto","background-attachment":"scroll","background-type":"","background-media":"","overlay-type":"","overlay-color":"","overlay-opacity":"","overlay-gradient":""}},"footnotes":""},"categories":[62],"tags":[],"class_list":["post-1404","post","type-post","status-publish","format-standard","hentry","category-c-mitja"],"post_mailing_queue_ids":[],"_links":{"self":[{"href":"https:\/\/agora.xtec.cat\/escola-santacaterina-vinyols\/wp-json\/wp\/v2\/posts\/1404","targetHints":{"allow":["GET"]}}],"collection":[{"href":"https:\/\/agora.xtec.cat\/escola-santacaterina-vinyols\/wp-json\/wp\/v2\/posts"}],"about":[{"href":"https:\/\/agora.xtec.cat\/escola-santacaterina-vinyols\/wp-json\/wp\/v2\/types\/post"}],"author":[{"embeddable":true,"href":"https:\/\/agora.xtec.cat\/escola-santacaterina-vinyols\/wp-json\/wp\/v2\/users\/1"}],"replies":[{"embeddable":true,"href":"https:\/\/agora.xtec.cat\/escola-santacaterina-vinyols\/wp-json\/wp\/v2\/comments?post=1404"}],"version-history":[{"count":0,"href":"https:\/\/agora.xtec.cat\/escola-santacaterina-vinyols\/wp-json\/wp\/v2\/posts\/1404\/revisions"}],"wp:attachment":[{"href":"https:\/\/agora.xtec.cat\/escola-santacaterina-vinyols\/wp-json\/wp\/v2\/media?parent=1404"}],"wp:term":[{"taxonomy":"category","embeddable":true,"href":"https:\/\/agora.xtec.cat\/escola-santacaterina-vinyols\/wp-json\/wp\/v2\/categories?post=1404"},{"taxonomy":"post_tag","embeddable":true,"href":"https:\/\/agora.xtec.cat\/escola-santacaterina-vinyols\/wp-json\/wp\/v2\/tags?post=1404"}],"curies":[{"name":"wp","href":"https:\/\/api.w.org\/{rel}","templated":true}]}}