{"id":1296,"date":"2016-03-09T15:44:37","date_gmt":"2016-03-09T14:44:37","guid":{"rendered":"http:\/\/blocs.xtec.cat\/escolasantacaterina\/?p=1296"},"modified":"2016-03-09T15:44:37","modified_gmt":"2016-03-09T14:44:37","slug":"zaquizami","status":"publish","type":"post","link":"https:\/\/agora.xtec.cat\/escola-santacaterina-vinyols\/musica\/zaquizami\/","title":{"rendered":"ZAQUIZAM\u00cd"},"content":{"rendered":"<p>Avui els alumnes de p5, p4 i p3 hem anat d&#8217;excursi\u00f3 al Teatre del Casal de Riudoms a veure un espectacle de dansa que es diu &#8220;Zaquizam\u00ed&#8221;.<\/p>\n<p>Ens ha agradat molt!<\/p>\n<p>Olaya: &#8220;M&#8217;ha agradat quan obrien el llibre m\u00e0gic i quan el nen ha fet la roda&#8221;<\/p>\n<p>Sofia: &#8220;M&#8217;han agradat els cocodrils&#8221;<\/p>\n<p>Mia: &#8220;M&#8217;han agradat els paraig\u00fces i els cocodrils&#8221;<\/p>\n<p>Hugo: &#8220;M&#8217;ha encantat el goril\u00b7la&#8221;<\/p>\n<p>Nil P: &#8220;Les gotes d&#8217;aigua eren de broma. Ballaven molt b\u00e9&#8221;<\/p>\n<p>Berta: &#8220;M&#8217;ha fet gr\u00e0cia quan estaven ballant els cocodrils&#8221;<\/p>\n<p>Manuela: &#8220;Hi havia dues ballarines i un ballar\u00ed. M&#8217;ha agradat la ballarina amb sabatilles de punta&#8221;<\/p>\n<p>Nil G: &#8220;M&#8217;ha semblat bonic&#8221;<\/p>\n<p>Pau: &#8220;La m\u00fasica ha estat molt xula. Hi havia forats a l&#8217;armari i al bagul&#8221;<\/p>\n<p>David: &#8220;El teatre era molt llarg&#8221;<\/p>\n<p>Arnau: &#8220;S&#8217;han disfressat moltes vegades&#8221;<\/p>\n<p>\u00cdngrid: &#8220;M&#8217;han agradat els paraig\u00fces&#8221;<\/p>\n<p>[youtube]https:\/\/www.youtube.com\/watch?v=CjB69sh5Bh8[\/youtube]<\/p>\n<p>&nbsp;<\/p>\n<p>&nbsp;<\/p>\n","protected":false},"excerpt":{"rendered":"<p>Avui els alumnes de p5, p4 i p3 hem anat d&#8217;excursi\u00f3 al Teatre del Casal de Riudoms a veure un espectacle de dansa que es diu &#8220;Zaquizam\u00ed&#8221;. Ens ha agradat molt! Olaya: &#8220;M&#8217;ha agradat quan obrien el llibre m\u00e0gic i quan el nen ha fet la roda&#8221; Sofia: &#8220;M&#8217;han agradat els cocodrils&#8221; Mia: &#8220;M&#8217;han agradat [&hellip;]<\/p>\n","protected":false},"author":1,"featured_media":0,"comment_status":"open","ping_status":"open","sticky":false,"template":"","format":"standard","meta":{"_bbp_topic_count":0,"_bbp_reply_count":0,"_bbp_total_topic_count":0,"_bbp_total_reply_count":0,"_bbp_voice_count":0,"_bbp_anonymous_reply_count":0,"_bbp_topic_count_hidden":0,"_bbp_reply_count_hidden":0,"_bbp_forum_subforum_count":0,"site-sidebar-layout":"default","site-content-layout":"","ast-site-content-layout":"","site-content-style":"default","site-sidebar-style":"default","ast-global-header-display":"","ast-banner-title-visibility":"","ast-main-header-display":"","ast-hfb-above-header-display":"","ast-hfb-below-header-display":"","ast-hfb-mobile-header-display":"","site-post-title":"","ast-breadcrumbs-content":"","ast-featured-img":"","footer-sml-layout":"","theme-transparent-header-meta":"","adv-header-id-meta":"","stick-header-meta":"","header-above-stick-meta":"","header-main-stick-meta":"","header-below-stick-meta":"","astra-migrate-meta-layouts":"default","ast-page-background-enabled":"default","ast-page-background-meta":{"desktop":{"background-color":"var(--ast-global-color-4)","background-image":"","background-repeat":"repeat","background-position":"center center","background-size":"auto","background-attachment":"scroll","background-type":"","background-media":"","overlay-type":"","overlay-color":"","overlay-opacity":"","overlay-gradient":""},"tablet":{"background-color":"","background-image":"","background-repeat":"repeat","background-position":"center center","background-size":"auto","background-attachment":"scroll","background-type":"","background-media":"","overlay-type":"","overlay-color":"","overlay-opacity":"","overlay-gradient":""},"mobile":{"background-color":"","background-image":"","background-repeat":"repeat","background-position":"center center","background-size":"auto","background-attachment":"scroll","background-type":"","background-media":"","overlay-type":"","overlay-color":"","overlay-opacity":"","overlay-gradient":""}},"ast-content-background-meta":{"desktop":{"background-color":"var(--ast-global-color-5)","background-image":"","background-repeat":"repeat","background-position":"center center","background-size":"auto","background-attachment":"scroll","background-type":"","background-media":"","overlay-type":"","overlay-color":"","overlay-opacity":"","overlay-gradient":""},"tablet":{"background-color":"var(--ast-global-color-5)","background-image":"","background-repeat":"repeat","background-position":"center center","background-size":"auto","background-attachment":"scroll","background-type":"","background-media":"","overlay-type":"","overlay-color":"","overlay-opacity":"","overlay-gradient":""},"mobile":{"background-color":"var(--ast-global-color-5)","background-image":"","background-repeat":"repeat","background-position":"center center","background-size":"auto","background-attachment":"scroll","background-type":"","background-media":"","overlay-type":"","overlay-color":"","overlay-opacity":"","overlay-gradient":""}},"footnotes":""},"categories":[66,55],"tags":[],"class_list":["post-1296","post","type-post","status-publish","format-standard","hentry","category-e-infantil","category-musica"],"post_mailing_queue_ids":[],"_links":{"self":[{"href":"https:\/\/agora.xtec.cat\/escola-santacaterina-vinyols\/wp-json\/wp\/v2\/posts\/1296","targetHints":{"allow":["GET"]}}],"collection":[{"href":"https:\/\/agora.xtec.cat\/escola-santacaterina-vinyols\/wp-json\/wp\/v2\/posts"}],"about":[{"href":"https:\/\/agora.xtec.cat\/escola-santacaterina-vinyols\/wp-json\/wp\/v2\/types\/post"}],"author":[{"embeddable":true,"href":"https:\/\/agora.xtec.cat\/escola-santacaterina-vinyols\/wp-json\/wp\/v2\/users\/1"}],"replies":[{"embeddable":true,"href":"https:\/\/agora.xtec.cat\/escola-santacaterina-vinyols\/wp-json\/wp\/v2\/comments?post=1296"}],"version-history":[{"count":0,"href":"https:\/\/agora.xtec.cat\/escola-santacaterina-vinyols\/wp-json\/wp\/v2\/posts\/1296\/revisions"}],"wp:attachment":[{"href":"https:\/\/agora.xtec.cat\/escola-santacaterina-vinyols\/wp-json\/wp\/v2\/media?parent=1296"}],"wp:term":[{"taxonomy":"category","embeddable":true,"href":"https:\/\/agora.xtec.cat\/escola-santacaterina-vinyols\/wp-json\/wp\/v2\/categories?post=1296"},{"taxonomy":"post_tag","embeddable":true,"href":"https:\/\/agora.xtec.cat\/escola-santacaterina-vinyols\/wp-json\/wp\/v2\/tags?post=1296"}],"curies":[{"name":"wp","href":"https:\/\/api.w.org\/{rel}","templated":true}]}}