{"id":1284,"date":"2016-02-19T11:24:45","date_gmt":"2016-02-19T10:24:45","guid":{"rendered":"http:\/\/blocs.xtec.cat\/escolasantacaterina\/?p=1284"},"modified":"2016-02-19T11:24:45","modified_gmt":"2016-02-19T10:24:45","slug":"assemblea-dalumnes-2","status":"publish","type":"post","link":"https:\/\/agora.xtec.cat\/escola-santacaterina-vinyols\/general\/assemblea-dalumnes-2\/","title":{"rendered":"Assemblea d&#8217;alumnes"},"content":{"rendered":"<p style=\"text-align: justify;\">Avui aquest mat\u00ed hem fet una nova assemblea amb tots els nens i nenes de l&#8217;escola.<\/p>\n<p style=\"text-align: justify;\">El tema principal han estat els esmorzars saludables. Durant aquesta setmana hem anat fixant-nos amb el que hem portat per esmorzar i hem fet una reflexi\u00f3. Tots i totes ens hem comprom\u00e8s a portar menys brioxeria i dol\u00e7os i m\u00e9s entrepans i fruita, sobretot els dimecres que \u00e9s el dia de la fruita.<\/p>\n<p style=\"text-align: justify;\">Durant l&#8217;assemblea hem tingut una convidada molt especial: la Vella Quaresma! Abans de tallar-li una cama, la classe dels Cargols, els Dofins i els Lleons i Lleones, aix\u00ed com la classe de les Estrelles i la classe dels Planetes li han recitat una dita. La Vella Quaresma els han portat un ingredient que formar\u00e0 part d&#8217;una recepta secreta: crema de xocolata!\u00a0 \ud83d\ude42<\/p>\n<p style=\"text-align: justify;\"><embed width=\"600\" height=\"400\" type=\"application\/x-shockwave-flash\" src=\"https:\/\/photos.gstatic.com\/media\/slideshow.swf\" flashvars=\"host=picasaweb.google.com&amp;noautoplay=1&amp;hl=ca&amp;feat=flashalbum&amp;RGB=0x000000&amp;feed=https%3A%2F%2Fpicasaweb.google.com%2Fdata%2Ffeed%2Fapi%2Fuser%2F100425467159056196378%2Falbumid%2F6252943877200585025%3Falt%3Drss%26kind%3Dphoto%26authkey%3DGv1sRgCKauxrqombX9VQ%26hl%3Dca\" pluginspage=\"http:\/\/www.macromedia.com\/go\/getflashplayer\"><\/embed><\/p>\n","protected":false},"excerpt":{"rendered":"<p>Avui aquest mat\u00ed hem fet una nova assemblea amb tots els nens i nenes de l&#8217;escola. El tema principal han estat els esmorzars saludables. Durant aquesta setmana hem anat fixant-nos amb el que hem portat per esmorzar i hem fet una reflexi\u00f3. Tots i totes ens hem comprom\u00e8s a portar menys brioxeria i dol\u00e7os i [&hellip;]<\/p>\n","protected":false},"author":1,"featured_media":0,"comment_status":"open","ping_status":"open","sticky":false,"template":"","format":"standard","meta":{"_bbp_topic_count":0,"_bbp_reply_count":0,"_bbp_total_topic_count":0,"_bbp_total_reply_count":0,"_bbp_voice_count":0,"_bbp_anonymous_reply_count":0,"_bbp_topic_count_hidden":0,"_bbp_reply_count_hidden":0,"_bbp_forum_subforum_count":0,"site-sidebar-layout":"default","site-content-layout":"","ast-site-content-layout":"","site-content-style":"default","site-sidebar-style":"default","ast-global-header-display":"","ast-banner-title-visibility":"","ast-main-header-display":"","ast-hfb-above-header-display":"","ast-hfb-below-header-display":"","ast-hfb-mobile-header-display":"","site-post-title":"","ast-breadcrumbs-content":"","ast-featured-img":"","footer-sml-layout":"","theme-transparent-header-meta":"","adv-header-id-meta":"","stick-header-meta":"","header-above-stick-meta":"","header-main-stick-meta":"","header-below-stick-meta":"","astra-migrate-meta-layouts":"default","ast-page-background-enabled":"default","ast-page-background-meta":{"desktop":{"background-color":"var(--ast-global-color-4)","background-image":"","background-repeat":"repeat","background-position":"center center","background-size":"auto","background-attachment":"scroll","background-type":"","background-media":"","overlay-type":"","overlay-color":"","overlay-opacity":"","overlay-gradient":""},"tablet":{"background-color":"","background-image":"","background-repeat":"repeat","background-position":"center center","background-size":"auto","background-attachment":"scroll","background-type":"","background-media":"","overlay-type":"","overlay-color":"","overlay-opacity":"","overlay-gradient":""},"mobile":{"background-color":"","background-image":"","background-repeat":"repeat","background-position":"center center","background-size":"auto","background-attachment":"scroll","background-type":"","background-media":"","overlay-type":"","overlay-color":"","overlay-opacity":"","overlay-gradient":""}},"ast-content-background-meta":{"desktop":{"background-color":"var(--ast-global-color-5)","background-image":"","background-repeat":"repeat","background-position":"center center","background-size":"auto","background-attachment":"scroll","background-type":"","background-media":"","overlay-type":"","overlay-color":"","overlay-opacity":"","overlay-gradient":""},"tablet":{"background-color":"var(--ast-global-color-5)","background-image":"","background-repeat":"repeat","background-position":"center center","background-size":"auto","background-attachment":"scroll","background-type":"","background-media":"","overlay-type":"","overlay-color":"","overlay-opacity":"","overlay-gradient":""},"mobile":{"background-color":"var(--ast-global-color-5)","background-image":"","background-repeat":"repeat","background-position":"center center","background-size":"auto","background-attachment":"scroll","background-type":"","background-media":"","overlay-type":"","overlay-color":"","overlay-opacity":"","overlay-gradient":""}},"footnotes":""},"categories":[61,62,63,66,1],"tags":[],"class_list":["post-1284","post","type-post","status-publish","format-standard","hentry","category-c-inicial","category-c-mitja","category-c-superior","category-e-infantil","category-general"],"post_mailing_queue_ids":[],"_links":{"self":[{"href":"https:\/\/agora.xtec.cat\/escola-santacaterina-vinyols\/wp-json\/wp\/v2\/posts\/1284","targetHints":{"allow":["GET"]}}],"collection":[{"href":"https:\/\/agora.xtec.cat\/escola-santacaterina-vinyols\/wp-json\/wp\/v2\/posts"}],"about":[{"href":"https:\/\/agora.xtec.cat\/escola-santacaterina-vinyols\/wp-json\/wp\/v2\/types\/post"}],"author":[{"embeddable":true,"href":"https:\/\/agora.xtec.cat\/escola-santacaterina-vinyols\/wp-json\/wp\/v2\/users\/1"}],"replies":[{"embeddable":true,"href":"https:\/\/agora.xtec.cat\/escola-santacaterina-vinyols\/wp-json\/wp\/v2\/comments?post=1284"}],"version-history":[{"count":0,"href":"https:\/\/agora.xtec.cat\/escola-santacaterina-vinyols\/wp-json\/wp\/v2\/posts\/1284\/revisions"}],"wp:attachment":[{"href":"https:\/\/agora.xtec.cat\/escola-santacaterina-vinyols\/wp-json\/wp\/v2\/media?parent=1284"}],"wp:term":[{"taxonomy":"category","embeddable":true,"href":"https:\/\/agora.xtec.cat\/escola-santacaterina-vinyols\/wp-json\/wp\/v2\/categories?post=1284"},{"taxonomy":"post_tag","embeddable":true,"href":"https:\/\/agora.xtec.cat\/escola-santacaterina-vinyols\/wp-json\/wp\/v2\/tags?post=1284"}],"curies":[{"name":"wp","href":"https:\/\/api.w.org\/{rel}","templated":true}]}}