{"id":1275,"date":"2016-02-01T14:13:37","date_gmt":"2016-02-01T13:13:37","guid":{"rendered":"http:\/\/blocs.xtec.cat\/escolasantacaterina\/?p=1275"},"modified":"2016-02-01T14:13:37","modified_gmt":"2016-02-01T13:13:37","slug":"el-rei-carnestoltes-ja-ha-arribat","status":"publish","type":"post","link":"https:\/\/agora.xtec.cat\/escola-santacaterina-vinyols\/general\/el-rei-carnestoltes-ja-ha-arribat\/","title":{"rendered":"El Rei Carnestoltes ja ha arribat!"},"content":{"rendered":"<p>El Carnestoltes ha arribat i unes consignes en ha donat: \ud83d\ude06<\/p>\n<p style=\"text-align: center;\"><span style=\"color: #ff0000;\">&#8220;El dimarts haureu de venir en <strong>pijama<\/strong>. O porteu el vostre o li demaneu a la mama.<\/span><\/p>\n<p style=\"text-align: center;\"><span style=\"color: #3366ff;\">El dimecres fins a les tres, portareu alguna pe\u00e7a del <strong>rev\u00e9s<\/strong>.<\/span><\/p>\n<p style=\"text-align: center;\"><span style=\"color: #339966;\">El dijous gras cuinarem una truita per esmorzar i alguna cosa de <strong>cuiner<\/strong> haur\u00e0s de portar.<\/span><\/p>\n<p style=\"text-align: center;\"><span style=\"color: #ff00ff;\">El divendres vestir\u00e0s segons la careta que has escollit. Si ets<strong> aire<\/strong>: gris o blanc. Si ets <strong>foc<\/strong>: taronja o vermell. Si ets <strong>terra<\/strong>: marr\u00f3 o similar. Si ets <strong>aigua<\/strong>: blavet sense oblidar-te de venir net.&#8221;<\/span><\/p>\n<p style=\"text-align: center;\">Si en aquests dies m&#8217;heu fet cas, teniu un premi adjudicat: el dilluns que ve festa us ha tocat!!!&#8221;<\/p>\n<p style=\"text-align: center;\"><embed width=\"600\" height=\"400\" type=\"application\/x-shockwave-flash\" src=\"https:\/\/photos.gstatic.com\/media\/slideshow.swf\" flashvars=\"host=picasaweb.google.com&amp;noautoplay=1&amp;hl=ca&amp;feat=flashalbum&amp;RGB=0x000000&amp;feed=https%3A%2F%2Fpicasaweb.google.com%2Fdata%2Ffeed%2Fapi%2Fuser%2F100425467159056196378%2Falbumid%2F6246341402886180737%3Falt%3Drss%26kind%3Dphoto%26authkey%3DGv1sRgCLH-xrXxk_KKtgE%26hl%3Dca\" pluginspage=\"http:\/\/www.macromedia.com\/go\/getflashplayer\"><\/embed><\/p>\n","protected":false},"excerpt":{"rendered":"<p>El Carnestoltes ha arribat i unes consignes en ha donat: \ud83d\ude06 &#8220;El dimarts haureu de venir en pijama. O porteu el vostre o li demaneu a la mama. El dimecres fins a les tres, portareu alguna pe\u00e7a del rev\u00e9s. El dijous gras cuinarem una truita per esmorzar i alguna cosa de cuiner haur\u00e0s de portar. [&hellip;]<\/p>\n","protected":false},"author":1,"featured_media":0,"comment_status":"open","ping_status":"open","sticky":false,"template":"","format":"standard","meta":{"_bbp_topic_count":0,"_bbp_reply_count":0,"_bbp_total_topic_count":0,"_bbp_total_reply_count":0,"_bbp_voice_count":0,"_bbp_anonymous_reply_count":0,"_bbp_topic_count_hidden":0,"_bbp_reply_count_hidden":0,"_bbp_forum_subforum_count":0,"site-sidebar-layout":"default","site-content-layout":"","ast-site-content-layout":"","site-content-style":"default","site-sidebar-style":"default","ast-global-header-display":"","ast-banner-title-visibility":"","ast-main-header-display":"","ast-hfb-above-header-display":"","ast-hfb-below-header-display":"","ast-hfb-mobile-header-display":"","site-post-title":"","ast-breadcrumbs-content":"","ast-featured-img":"","footer-sml-layout":"","theme-transparent-header-meta":"","adv-header-id-meta":"","stick-header-meta":"","header-above-stick-meta":"","header-main-stick-meta":"","header-below-stick-meta":"","astra-migrate-meta-layouts":"default","ast-page-background-enabled":"default","ast-page-background-meta":{"desktop":{"background-color":"var(--ast-global-color-4)","background-image":"","background-repeat":"repeat","background-position":"center center","background-size":"auto","background-attachment":"scroll","background-type":"","background-media":"","overlay-type":"","overlay-color":"","overlay-opacity":"","overlay-gradient":""},"tablet":{"background-color":"","background-image":"","background-repeat":"repeat","background-position":"center center","background-size":"auto","background-attachment":"scroll","background-type":"","background-media":"","overlay-type":"","overlay-color":"","overlay-opacity":"","overlay-gradient":""},"mobile":{"background-color":"","background-image":"","background-repeat":"repeat","background-position":"center center","background-size":"auto","background-attachment":"scroll","background-type":"","background-media":"","overlay-type":"","overlay-color":"","overlay-opacity":"","overlay-gradient":""}},"ast-content-background-meta":{"desktop":{"background-color":"var(--ast-global-color-5)","background-image":"","background-repeat":"repeat","background-position":"center center","background-size":"auto","background-attachment":"scroll","background-type":"","background-media":"","overlay-type":"","overlay-color":"","overlay-opacity":"","overlay-gradient":""},"tablet":{"background-color":"var(--ast-global-color-5)","background-image":"","background-repeat":"repeat","background-position":"center center","background-size":"auto","background-attachment":"scroll","background-type":"","background-media":"","overlay-type":"","overlay-color":"","overlay-opacity":"","overlay-gradient":""},"mobile":{"background-color":"var(--ast-global-color-5)","background-image":"","background-repeat":"repeat","background-position":"center center","background-size":"auto","background-attachment":"scroll","background-type":"","background-media":"","overlay-type":"","overlay-color":"","overlay-opacity":"","overlay-gradient":""}},"footnotes":""},"categories":[61,62,63,66,1],"tags":[],"class_list":["post-1275","post","type-post","status-publish","format-standard","hentry","category-c-inicial","category-c-mitja","category-c-superior","category-e-infantil","category-general"],"post_mailing_queue_ids":[],"_links":{"self":[{"href":"https:\/\/agora.xtec.cat\/escola-santacaterina-vinyols\/wp-json\/wp\/v2\/posts\/1275","targetHints":{"allow":["GET"]}}],"collection":[{"href":"https:\/\/agora.xtec.cat\/escola-santacaterina-vinyols\/wp-json\/wp\/v2\/posts"}],"about":[{"href":"https:\/\/agora.xtec.cat\/escola-santacaterina-vinyols\/wp-json\/wp\/v2\/types\/post"}],"author":[{"embeddable":true,"href":"https:\/\/agora.xtec.cat\/escola-santacaterina-vinyols\/wp-json\/wp\/v2\/users\/1"}],"replies":[{"embeddable":true,"href":"https:\/\/agora.xtec.cat\/escola-santacaterina-vinyols\/wp-json\/wp\/v2\/comments?post=1275"}],"version-history":[{"count":0,"href":"https:\/\/agora.xtec.cat\/escola-santacaterina-vinyols\/wp-json\/wp\/v2\/posts\/1275\/revisions"}],"wp:attachment":[{"href":"https:\/\/agora.xtec.cat\/escola-santacaterina-vinyols\/wp-json\/wp\/v2\/media?parent=1275"}],"wp:term":[{"taxonomy":"category","embeddable":true,"href":"https:\/\/agora.xtec.cat\/escola-santacaterina-vinyols\/wp-json\/wp\/v2\/categories?post=1275"},{"taxonomy":"post_tag","embeddable":true,"href":"https:\/\/agora.xtec.cat\/escola-santacaterina-vinyols\/wp-json\/wp\/v2\/tags?post=1275"}],"curies":[{"name":"wp","href":"https:\/\/api.w.org\/{rel}","templated":true}]}}