{"id":745,"date":"2016-12-12T14:29:24","date_gmt":"2016-12-12T13:29:24","guid":{"rendered":"http:\/\/agora.xtec.cat\/escola-salou\/?p=745"},"modified":"2016-12-12T14:29:24","modified_gmt":"2016-12-12T13:29:24","slug":"subvencio-activitats-educatives-2015-ajuntament-de-salou","status":"publish","type":"post","link":"https:\/\/agora.xtec.cat\/escola-salou\/infantil\/subvencio-activitats-educatives-2015-ajuntament-de-salou\/","title":{"rendered":"SUBVENCI\u00d3 ACTIVITATS EDUCATIVES 2015 AJUNTAMENT DE SALOU"},"content":{"rendered":"<p>Gr\u00e0cies a la Subvenci\u00f3 per Activitats Educatives 2015 que porta a terme l&#8217;Ajuntament de Salou, l&#8217;escola ha participat amb els seg\u00fcents projectes\u00a0 :<\/p>\n<ul>\n<li>Innovaci\u00f3 tecnol\u00f2gica: compra d&#8217;una maleta amb tauletes digitals<\/li>\n<li>Biblioteca escolar: Compra de llibres de lectura<\/li>\n<li>Aules d&#8217;Educaci\u00f3 especial: Compra de jocs i material did\u00e0ctic<\/li>\n<li>Festa de fi de curs: Teatre de fi de curs al TAS per tot l&#8217;alumnat de l&#8217;escola<\/li>\n<\/ul>\n<p>L&#8217;alumnat i el professorat n&#8217;han pogut gaudir<\/p>\n","protected":false},"excerpt":{"rendered":"<p>Gr\u00e0cies a la Subvenci\u00f3 per Activitats Educatives 2015 que porta a terme l&#8217;Ajuntament de Salou, l&#8217;escola ha participat amb els seg\u00fcents projectes\u00a0 :<\/p>\n<ul>\n<li>Innovaci\u00f3 tecnol\u00f2gica: compra d&#8217;una maleta amb tauletes digitals<\/li>\n<li>Biblioteca escolar: Compra de llibres de lectura<\/li>\n<li>Aules d&#8217;Educaci\u00f3 especial: Compra de jocs i material did\u00e0ctic<\/li>\n<li>Festa de&hellip;  <a href=\"https:\/\/agora.xtec.cat\/escola-salou\/infantil\/subvencio-activitats-educatives-2015-ajuntament-de-salou\/\" title=\"Read SUBVENCI\u00d3 ACTIVITATS EDUCATIVES 2015 AJUNTAMENT DE SALOU\">Llegeix m\u00e9s\u00bb<\/a><br \/>\n","protected":false},"author":1,"featured_media":0,"comment_status":"open","ping_status":"open","sticky":false,"template":"","format":"standard","meta":{"_bbp_topic_count":0,"_bbp_reply_count":0,"_bbp_total_topic_count":0,"_bbp_total_reply_count":0,"_bbp_voice_count":0,"_bbp_anonymous_reply_count":0,"_bbp_topic_count_hidden":0,"_bbp_reply_count_hidden":0,"_bbp_forum_subforum_count":0,"footnotes":""},"categories":[2,4,5],"tags":[],"class_list":["post-745","post","type-post","status-publish","format-standard","hentry","category-infantil","category-portada","category-primaria"],"post_mailing_queue_ids":[],"_links":{"self":[{"href":"https:\/\/agora.xtec.cat\/escola-salou\/wp-json\/wp\/v2\/posts\/745","targetHints":{"allow":["GET"]}}],"collection":[{"href":"https:\/\/agora.xtec.cat\/escola-salou\/wp-json\/wp\/v2\/posts"}],"about":[{"href":"https:\/\/agora.xtec.cat\/escola-salou\/wp-json\/wp\/v2\/types\/post"}],"author":[{"embeddable":true,"href":"https:\/\/agora.xtec.cat\/escola-salou\/wp-json\/wp\/v2\/users\/1"}],"replies":[{"embeddable":true,"href":"https:\/\/agora.xtec.cat\/escola-salou\/wp-json\/wp\/v2\/comments?post=745"}],"version-history":[{"count":1,"href":"https:\/\/agora.xtec.cat\/escola-salou\/wp-json\/wp\/v2\/posts\/745\/revisions"}],"predecessor-version":[{"id":746,"href":"https:\/\/agora.xtec.cat\/escola-salou\/wp-json\/wp\/v2\/posts\/745\/revisions\/746"}],"wp:attachment":[{"href":"https:\/\/agora.xtec.cat\/escola-salou\/wp-json\/wp\/v2\/media?parent=745"}],"wp:term":[{"taxonomy":"category","embeddable":true,"href":"https:\/\/agora.xtec.cat\/escola-salou\/wp-json\/wp\/v2\/categories?post=745"},{"taxonomy":"post_tag","embeddable":true,"href":"https:\/\/agora.xtec.cat\/escola-salou\/wp-json\/wp\/v2\/tags?post=745"}],"curies":[{"name":"wp","href":"https:\/\/api.w.org\/{rel}","templated":true}]}}