{"id":23803,"date":"2025-05-23T12:44:00","date_gmt":"2025-05-23T10:44:00","guid":{"rendered":"https:\/\/agora.xtec.cat\/escola-salou\/?p=23803"},"modified":"2026-03-23T12:48:26","modified_gmt":"2026-03-23T11:48:26","slug":"lajuntament-de-salou-ens-ha-subvencionat-diferents-projectes-al-curs-2024-2025","status":"publish","type":"post","link":"https:\/\/agora.xtec.cat\/escola-salou\/general\/lajuntament-de-salou-ens-ha-subvencionat-diferents-projectes-al-curs-2024-2025\/","title":{"rendered":"L\u2019Ajuntament de Salou ens ha subvencionat diferents projectes al curs 2024\/2025"},"content":{"rendered":"\n<p>L\u2019Escola Salou, gr\u00e0cies a l\u2019ajuda de l\u2019Ajuntament de Salou ha pogut: dotar l\u2019escola de material d\u2019educaci\u00f3 f\u00edsica, d\u2019educaci\u00f3 especial, de comunicaci\u00f3, matem\u00e0tiques i Hort.<br>Gr\u00e0cies per la vostra confian\u00e7a!!!<\/p>\n\n\n\n<p><\/p>\n\n\n\n<figure class=\"wp-block-gallery has-nested-images columns-default is-cropped wp-block-gallery-1 is-layout-flex wp-block-gallery-is-layout-flex\">\n<figure class=\"wp-block-image size-large\"><a href=\"https:\/\/agora.xtec.cat\/escola-salou\/wp-content\/uploads\/usu1449\/2026\/03\/IMG-20220309-WA0005.jpg\"><img loading=\"lazy\" decoding=\"async\" width=\"1024\" height=\"768\" data-id=\"23804\" src=\"https:\/\/agora.xtec.cat\/escola-salou\/wp-content\/uploads\/usu1449\/2026\/03\/IMG-20220309-WA0005-1024x768.jpg\" alt=\"\" class=\"wp-image-23804\" srcset=\"https:\/\/agora.xtec.cat\/escola-salou\/wp-content\/uploads\/usu1449\/2026\/03\/IMG-20220309-WA0005-1024x768.jpg 1024w, https:\/\/agora.xtec.cat\/escola-salou\/wp-content\/uploads\/usu1449\/2026\/03\/IMG-20220309-WA0005-300x225.jpg 300w, https:\/\/agora.xtec.cat\/escola-salou\/wp-content\/uploads\/usu1449\/2026\/03\/IMG-20220309-WA0005-768x576.jpg 768w, https:\/\/agora.xtec.cat\/escola-salou\/wp-content\/uploads\/usu1449\/2026\/03\/IMG-20220309-WA0005-1536x1152.jpg 1536w, https:\/\/agora.xtec.cat\/escola-salou\/wp-content\/uploads\/usu1449\/2026\/03\/IMG-20220309-WA0005-200x150.jpg 200w, https:\/\/agora.xtec.cat\/escola-salou\/wp-content\/uploads\/usu1449\/2026\/03\/IMG-20220309-WA0005.jpg 1600w\" sizes=\"auto, (max-width: 1024px) 100vw, 1024px\" \/><\/a><\/figure>\n\n\n\n<figure class=\"wp-block-image size-large\"><a href=\"https:\/\/agora.xtec.cat\/escola-salou\/wp-content\/uploads\/usu1449\/2026\/03\/lacollitade-faves.jpg\"><img loading=\"lazy\" decoding=\"async\" width=\"1024\" height=\"576\" data-id=\"23813\" src=\"https:\/\/agora.xtec.cat\/escola-salou\/wp-content\/uploads\/usu1449\/2026\/03\/lacollitade-faves-1024x576.jpg\" alt=\"\" class=\"wp-image-23813\" srcset=\"https:\/\/agora.xtec.cat\/escola-salou\/wp-content\/uploads\/usu1449\/2026\/03\/lacollitade-faves-1024x576.jpg 1024w, https:\/\/agora.xtec.cat\/escola-salou\/wp-content\/uploads\/usu1449\/2026\/03\/lacollitade-faves-300x169.jpg 300w, https:\/\/agora.xtec.cat\/escola-salou\/wp-content\/uploads\/usu1449\/2026\/03\/lacollitade-faves-768x432.jpg 768w, https:\/\/agora.xtec.cat\/escola-salou\/wp-content\/uploads\/usu1449\/2026\/03\/lacollitade-faves-1536x864.jpg 1536w, https:\/\/agora.xtec.cat\/escola-salou\/wp-content\/uploads\/usu1449\/2026\/03\/lacollitade-faves.jpg 2016w\" sizes=\"auto, (max-width: 1024px) 100vw, 1024px\" \/><\/a><\/figure>\n<\/figure>\n\n\n\n<figure class=\"wp-block-gallery has-nested-images columns-default is-cropped wp-block-gallery-2 is-layout-flex wp-block-gallery-is-layout-flex\">\n<figure class=\"wp-block-image size-large\"><a href=\"https:\/\/agora.xtec.cat\/escola-salou\/wp-content\/uploads\/usu1449\/2026\/03\/20210609_104014-1.jpg\"><img loading=\"lazy\" decoding=\"async\" width=\"768\" height=\"1024\" data-id=\"23814\" src=\"https:\/\/agora.xtec.cat\/escola-salou\/wp-content\/uploads\/usu1449\/2026\/03\/20210609_104014-1-768x1024.jpg\" alt=\"\" class=\"wp-image-23814\" srcset=\"https:\/\/agora.xtec.cat\/escola-salou\/wp-content\/uploads\/usu1449\/2026\/03\/20210609_104014-1-768x1024.jpg 768w, https:\/\/agora.xtec.cat\/escola-salou\/wp-content\/uploads\/usu1449\/2026\/03\/20210609_104014-1-225x300.jpg 225w, https:\/\/agora.xtec.cat\/escola-salou\/wp-content\/uploads\/usu1449\/2026\/03\/20210609_104014-1-1152x1536.jpg 1152w, https:\/\/agora.xtec.cat\/escola-salou\/wp-content\/uploads\/usu1449\/2026\/03\/20210609_104014-1.jpg 1512w\" sizes=\"auto, (max-width: 768px) 100vw, 768px\" \/><\/a><\/figure>\n<\/figure>\n\n\n\n<figure class=\"wp-block-gallery has-nested-images columns-default is-cropped wp-block-gallery-3 is-layout-flex wp-block-gallery-is-layout-flex\">\n<figure class=\"wp-block-image size-large\"><a href=\"https:\/\/agora.xtec.cat\/escola-salou\/wp-content\/uploads\/usu1449\/2026\/03\/ampolles-i-espantaocells-1-1.jpg\"><img loading=\"lazy\" decoding=\"async\" width=\"1024\" height=\"576\" data-id=\"23815\" src=\"https:\/\/agora.xtec.cat\/escola-salou\/wp-content\/uploads\/usu1449\/2026\/03\/ampolles-i-espantaocells-1-1-1024x576.jpg\" alt=\"\" class=\"wp-image-23815\" srcset=\"https:\/\/agora.xtec.cat\/escola-salou\/wp-content\/uploads\/usu1449\/2026\/03\/ampolles-i-espantaocells-1-1-1024x576.jpg 1024w, https:\/\/agora.xtec.cat\/escola-salou\/wp-content\/uploads\/usu1449\/2026\/03\/ampolles-i-espantaocells-1-1-300x169.jpg 300w, https:\/\/agora.xtec.cat\/escola-salou\/wp-content\/uploads\/usu1449\/2026\/03\/ampolles-i-espantaocells-1-1-768x432.jpg 768w, https:\/\/agora.xtec.cat\/escola-salou\/wp-content\/uploads\/usu1449\/2026\/03\/ampolles-i-espantaocells-1-1-1536x864.jpg 1536w, https:\/\/agora.xtec.cat\/escola-salou\/wp-content\/uploads\/usu1449\/2026\/03\/ampolles-i-espantaocells-1-1.jpg 2016w\" sizes=\"auto, (max-width: 1024px) 100vw, 1024px\" \/><\/a><\/figure>\n<\/figure>\n\n\n\n<figure class=\"wp-block-gallery has-nested-images columns-default is-cropped wp-block-gallery-4 is-layout-flex wp-block-gallery-is-layout-flex\">\n<figure class=\"wp-block-image size-large\"><a href=\"https:\/\/agora.xtec.cat\/escola-salou\/wp-content\/uploads\/usu1449\/2026\/03\/IMG_8776-1-1.jpg\"><img loading=\"lazy\" decoding=\"async\" width=\"1024\" height=\"768\" data-id=\"23817\" src=\"https:\/\/agora.xtec.cat\/escola-salou\/wp-content\/uploads\/usu1449\/2026\/03\/IMG_8776-1-1-1024x768.jpg\" alt=\"\" class=\"wp-image-23817\" srcset=\"https:\/\/agora.xtec.cat\/escola-salou\/wp-content\/uploads\/usu1449\/2026\/03\/IMG_8776-1-1-1024x768.jpg 1024w, https:\/\/agora.xtec.cat\/escola-salou\/wp-content\/uploads\/usu1449\/2026\/03\/IMG_8776-1-1-300x225.jpg 300w, https:\/\/agora.xtec.cat\/escola-salou\/wp-content\/uploads\/usu1449\/2026\/03\/IMG_8776-1-1-768x576.jpg 768w, https:\/\/agora.xtec.cat\/escola-salou\/wp-content\/uploads\/usu1449\/2026\/03\/IMG_8776-1-1-1536x1152.jpg 1536w, https:\/\/agora.xtec.cat\/escola-salou\/wp-content\/uploads\/usu1449\/2026\/03\/IMG_8776-1-1-200x150.jpg 200w, https:\/\/agora.xtec.cat\/escola-salou\/wp-content\/uploads\/usu1449\/2026\/03\/IMG_8776-1-1.jpg 2016w\" sizes=\"auto, (max-width: 1024px) 100vw, 1024px\" \/><\/a><\/figure>\n<\/figure>\n\n\n\n<figure class=\"wp-block-gallery has-nested-images columns-default is-cropped wp-block-gallery-5 is-layout-flex wp-block-gallery-is-layout-flex\">\n<figure class=\"wp-block-image size-large\"><a href=\"https:\/\/agora.xtec.cat\/escola-salou\/wp-content\/uploads\/usu1449\/2026\/03\/IMG_0082-1.jpg\"><img loading=\"lazy\" decoding=\"async\" width=\"1024\" height=\"768\" data-id=\"23816\" src=\"https:\/\/agora.xtec.cat\/escola-salou\/wp-content\/uploads\/usu1449\/2026\/03\/IMG_0082-1-1024x768.jpg\" alt=\"\" class=\"wp-image-23816\" srcset=\"https:\/\/agora.xtec.cat\/escola-salou\/wp-content\/uploads\/usu1449\/2026\/03\/IMG_0082-1-1024x768.jpg 1024w, https:\/\/agora.xtec.cat\/escola-salou\/wp-content\/uploads\/usu1449\/2026\/03\/IMG_0082-1-300x225.jpg 300w, https:\/\/agora.xtec.cat\/escola-salou\/wp-content\/uploads\/usu1449\/2026\/03\/IMG_0082-1-768x576.jpg 768w, https:\/\/agora.xtec.cat\/escola-salou\/wp-content\/uploads\/usu1449\/2026\/03\/IMG_0082-1-1536x1152.jpg 1536w, https:\/\/agora.xtec.cat\/escola-salou\/wp-content\/uploads\/usu1449\/2026\/03\/IMG_0082-1-200x150.jpg 200w, https:\/\/agora.xtec.cat\/escola-salou\/wp-content\/uploads\/usu1449\/2026\/03\/IMG_0082-1.jpg 2016w\" sizes=\"auto, (max-width: 1024px) 100vw, 1024px\" \/><\/a><\/figure>\n<\/figure>\n\n\n\n<figure class=\"wp-block-gallery has-nested-images columns-default is-cropped wp-block-gallery-6 is-layout-flex wp-block-gallery-is-layout-flex\"><\/figure>\n","protected":false},"excerpt":{"rendered":"<p>L\u2019Escola Salou, gr\u00e0cies a l\u2019ajuda de l\u2019Ajuntament de Salou ha pogut: dotar l\u2019escola de material d\u2019educaci\u00f3 f\u00edsica, d\u2019educaci\u00f3 especial, de comunicaci\u00f3, matem\u00e0tiques i Hort.Gr\u00e0cies per la vostra confian\u00e7a!!!<\/p>\n<p><a href=\"https:\/\/agora.xtec.cat\/escola-salou\/wp-content\/uploads\/usu1449\/2026\/03\/IMG-20220309-WA0005.jpg\"><\/a><\/p>\n<p><a href=\"https:\/\/agora.xtec.cat\/escola-salou\/wp-content\/uploads\/usu1449\/2026\/03\/lacollitade-faves.jpg\"><\/a><\/p>\n<p><a href=\"https:\/\/agora.xtec.cat\/escola-salou\/wp-content\/uploads\/usu1449\/2026\/03\/20210609_104014-1.jpg\"><\/a><\/p>\n<p><a href=\"https:\/\/agora.xtec.cat\/escola-salou\/wp-content\/uploads\/usu1449\/2026\/03\/ampolles-i-espantaocells-1-1.jpg\"><\/a><\/p>\n<p><a href=\"https:\/\/agora.xtec.cat\/escola-salou\/wp-content\/uploads\/usu1449\/2026\/03\/IMG_8776-1-1.jpg\"><\/a><\/p>\n<p><a href=\"https:\/\/agora.xtec.cat\/escola-salou\/wp-content\/uploads\/usu1449\/2026\/03\/IMG_0082-1.jpg\"><\/a><\/p>\n","protected":false},"author":16,"featured_media":23810,"comment_status":"open","ping_status":"open","sticky":false,"template":"","format":"standard","meta":{"_bbp_topic_count":0,"_bbp_reply_count":0,"_bbp_total_topic_count":0,"_bbp_total_reply_count":0,"_bbp_voice_count":0,"_bbp_anonymous_reply_count":0,"_bbp_topic_count_hidden":0,"_bbp_reply_count_hidden":0,"_bbp_forum_subforum_count":0,"footnotes":""},"categories":[1,2,4,5],"tags":[],"class_list":["post-23803","post","type-post","status-publish","format-standard","has-post-thumbnail","hentry","category-general","category-infantil","category-portada","category-primaria"],"post_mailing_queue_ids":[],"_links":{"self":[{"href":"https:\/\/agora.xtec.cat\/escola-salou\/wp-json\/wp\/v2\/posts\/23803","targetHints":{"allow":["GET"]}}],"collection":[{"href":"https:\/\/agora.xtec.cat\/escola-salou\/wp-json\/wp\/v2\/posts"}],"about":[{"href":"https:\/\/agora.xtec.cat\/escola-salou\/wp-json\/wp\/v2\/types\/post"}],"author":[{"embeddable":true,"href":"https:\/\/agora.xtec.cat\/escola-salou\/wp-json\/wp\/v2\/users\/16"}],"replies":[{"embeddable":true,"href":"https:\/\/agora.xtec.cat\/escola-salou\/wp-json\/wp\/v2\/comments?post=23803"}],"version-history":[{"count":1,"href":"https:\/\/agora.xtec.cat\/escola-salou\/wp-json\/wp\/v2\/posts\/23803\/revisions"}],"predecessor-version":[{"id":23818,"href":"https:\/\/agora.xtec.cat\/escola-salou\/wp-json\/wp\/v2\/posts\/23803\/revisions\/23818"}],"wp:featuredmedia":[{"embeddable":true,"href":"https:\/\/agora.xtec.cat\/escola-salou\/wp-json\/wp\/v2\/media\/23810"}],"wp:attachment":[{"href":"https:\/\/agora.xtec.cat\/escola-salou\/wp-json\/wp\/v2\/media?parent=23803"}],"wp:term":[{"taxonomy":"category","embeddable":true,"href":"https:\/\/agora.xtec.cat\/escola-salou\/wp-json\/wp\/v2\/categories?post=23803"},{"taxonomy":"post_tag","embeddable":true,"href":"https:\/\/agora.xtec.cat\/escola-salou\/wp-json\/wp\/v2\/tags?post=23803"}],"curies":[{"name":"wp","href":"https:\/\/api.w.org\/{rel}","templated":true}]}}