{"id":23670,"date":"2025-10-30T18:44:47","date_gmt":"2025-10-30T17:44:47","guid":{"rendered":"https:\/\/agora.xtec.cat\/escola-salou\/?p=23670"},"modified":"2025-10-30T18:50:00","modified_gmt":"2025-10-30T17:50:00","slug":"escola-salou-an-semka-origen","status":"publish","type":"post","link":"https:\/\/agora.xtec.cat\/escola-salou\/portada\/escola-salou-an-semka-origen\/","title":{"rendered":"Escola Salou an Semka.origen"},"content":{"rendered":"<div class=\"wp-block-image\">\n<figure class=\"aligncenter size-full is-resized\"><a href=\"https:\/\/agora.xtec.cat\/escola-salou\/wp-content\/uploads\/usu1449\/2025\/10\/image.png\"><img loading=\"lazy\" decoding=\"async\" width=\"510\" height=\"375\" src=\"https:\/\/agora.xtec.cat\/escola-salou\/wp-content\/uploads\/usu1449\/2025\/10\/image.png\" alt=\"\" class=\"wp-image-23671\" style=\"width:207px;height:auto\" srcset=\"https:\/\/agora.xtec.cat\/escola-salou\/wp-content\/uploads\/usu1449\/2025\/10\/image.png 510w, https:\/\/agora.xtec.cat\/escola-salou\/wp-content\/uploads\/usu1449\/2025\/10\/image-300x221.png 300w\" sizes=\"auto, (max-width: 510px) 100vw, 510px\" \/><\/a><\/figure><\/div>\n\n\n<p>Els cal\u00e7ots ja s\u00f3n a terra!<br>L\u2019alumnat de 2n de prim\u00e0ria ha plantat les seves cebes blanques, que es convertiran en deliciosos cal\u00e7ots per celebrar una gran cal\u00e7otada a l\u2019escola. \ud83c\udf3f<\/p>\n\n\n\n<p>Mentrestant\u2026 experimentem amb la fotos\u00edntesi! \ud83c\udf1e\ud83d\udca7<br>\ud83d\udc49 Qu\u00e8 passar\u00e0 amb la ceba si no la reguem?<br>\ud83d\udc49 I amb la que deixem sense llum?<br>\ud83d\udc49 I la que ha grillat per\u00f2 no la calcem\u2026 creixer\u00e0 igual?<\/p>\n\n\n\n<p>Aprenem amb les mans a la terra, observant, comparant i gaudint d\u2019una educaci\u00f3 vivencial plena de sabors i descobertes. \ud83d\udc9a<br>.<a href=\"https:\/\/www.instagram.com\/explore\/tags\/semkaorigen\/\">#semkaorigen<\/a><a href=\"https:\/\/www.instagram.com\/explore\/tags\/escolasalou\/\">#escolasalou<\/a><a href=\"https:\/\/www.instagram.com\/explore\/tags\/horteducatiu\/\">#horteducatiu<\/a><a href=\"https:\/\/www.instagram.com\/explore\/tags\/aprenentatgevivencial\/\">#aprenentatgevivencial<\/a><a href=\"https:\/\/www.instagram.com\/explore\/tags\/educaciocanviclimatic\/\">#educaciocanviclimatic<\/a><\/p>\n\n\n\n<p>Cliqueu l&#8217;enlla\u00e7: <\/p>\n\n\n\n<p><a href=\"https:\/\/www.instagram.com\/reel\/DPnu70oDP4Y\/?utm_source=ig_web_copy_link&amp;igsh=MzRlODBiNWFlZA==\">https:\/\/www.instagram.com\/reel\/DPnu70oDP4Y\/?utm_source=ig_web_copy_link&amp;igsh=MzRlODBiNWFlZA==<\/a><\/p>\n","protected":false},"excerpt":{"rendered":"<p><a href=\"https:\/\/agora.xtec.cat\/escola-salou\/wp-content\/uploads\/usu1449\/2025\/10\/image.png\"><\/a><\/p>\n<p>Els cal\u00e7ots ja s\u00f3n a terra!L\u2019alumnat de 2n de prim\u00e0ria ha plantat les seves cebes blanques, que es convertiran en deliciosos cal\u00e7ots per celebrar una gran cal\u00e7otada a l\u2019escola. \ud83c\udf3f<\/p>\n<p>Mentrestant\u2026 experimentem amb la fotos\u00edntesi! \ud83c\udf1e\ud83d\udca7\ud83d\udc49 Qu\u00e8 passar\u00e0 amb la ceba si no la reguem?\ud83d\udc49&hellip;  <a href=\"https:\/\/agora.xtec.cat\/escola-salou\/portada\/escola-salou-an-semka-origen\/\" title=\"Read Escola Salou an Semka.origen\">Llegeix m\u00e9s\u00bb<\/a><\/p>\n","protected":false},"author":16,"featured_media":0,"comment_status":"open","ping_status":"open","sticky":false,"template":"","format":"standard","meta":{"_bbp_topic_count":0,"_bbp_reply_count":0,"_bbp_total_topic_count":0,"_bbp_total_reply_count":0,"_bbp_voice_count":0,"_bbp_anonymous_reply_count":0,"_bbp_topic_count_hidden":0,"_bbp_reply_count_hidden":0,"_bbp_forum_subforum_count":0,"footnotes":""},"categories":[4,5],"tags":[],"class_list":["post-23670","post","type-post","status-publish","format-standard","hentry","category-portada","category-primaria"],"post_mailing_queue_ids":[],"_links":{"self":[{"href":"https:\/\/agora.xtec.cat\/escola-salou\/wp-json\/wp\/v2\/posts\/23670","targetHints":{"allow":["GET"]}}],"collection":[{"href":"https:\/\/agora.xtec.cat\/escola-salou\/wp-json\/wp\/v2\/posts"}],"about":[{"href":"https:\/\/agora.xtec.cat\/escola-salou\/wp-json\/wp\/v2\/types\/post"}],"author":[{"embeddable":true,"href":"https:\/\/agora.xtec.cat\/escola-salou\/wp-json\/wp\/v2\/users\/16"}],"replies":[{"embeddable":true,"href":"https:\/\/agora.xtec.cat\/escola-salou\/wp-json\/wp\/v2\/comments?post=23670"}],"version-history":[{"count":1,"href":"https:\/\/agora.xtec.cat\/escola-salou\/wp-json\/wp\/v2\/posts\/23670\/revisions"}],"predecessor-version":[{"id":23672,"href":"https:\/\/agora.xtec.cat\/escola-salou\/wp-json\/wp\/v2\/posts\/23670\/revisions\/23672"}],"wp:attachment":[{"href":"https:\/\/agora.xtec.cat\/escola-salou\/wp-json\/wp\/v2\/media?parent=23670"}],"wp:term":[{"taxonomy":"category","embeddable":true,"href":"https:\/\/agora.xtec.cat\/escola-salou\/wp-json\/wp\/v2\/categories?post=23670"},{"taxonomy":"post_tag","embeddable":true,"href":"https:\/\/agora.xtec.cat\/escola-salou\/wp-json\/wp\/v2\/tags?post=23670"}],"curies":[{"name":"wp","href":"https:\/\/api.w.org\/{rel}","templated":true}]}}