{"id":23518,"date":"2025-05-11T22:47:20","date_gmt":"2025-05-11T20:47:20","guid":{"rendered":"https:\/\/agora.xtec.cat\/escola-salou\/?p=23518"},"modified":"2025-06-16T09:43:13","modified_gmt":"2025-06-16T07:43:13","slug":"convocatoria-beques-menjador-2025-2026","status":"publish","type":"post","link":"https:\/\/agora.xtec.cat\/escola-salou\/general\/convocatoria-beques-menjador-2025-2026\/","title":{"rendered":"Convocat\u00f2ria Beques Menjador 2025-2026"},"content":{"rendered":"<div class=\"wp-block-image\">\n<figure class=\"aligncenter size-full is-resized\"><a href=\"https:\/\/agora.xtec.cat\/escola-salou\/wp-content\/uploads\/usu1449\/2025\/05\/Captura-de-pantalla-2025-05-11-225528-1.jpg\"><img loading=\"lazy\" decoding=\"async\" width=\"800\" height=\"579\" src=\"https:\/\/agora.xtec.cat\/escola-salou\/wp-content\/uploads\/usu1449\/2025\/05\/Captura-de-pantalla-2025-05-11-225528-1.jpg\" alt=\"\" class=\"wp-image-23524\" style=\"width:217px;height:auto\" srcset=\"https:\/\/agora.xtec.cat\/escola-salou\/wp-content\/uploads\/usu1449\/2025\/05\/Captura-de-pantalla-2025-05-11-225528-1.jpg 800w, https:\/\/agora.xtec.cat\/escola-salou\/wp-content\/uploads\/usu1449\/2025\/05\/Captura-de-pantalla-2025-05-11-225528-1-300x217.jpg 300w, https:\/\/agora.xtec.cat\/escola-salou\/wp-content\/uploads\/usu1449\/2025\/05\/Captura-de-pantalla-2025-05-11-225528-1-768x556.jpg 768w\" sizes=\"auto, (max-width: 800px) 100vw, 800px\" \/><\/a><\/figure><\/div>\n\n\n<p>Benvolgudes fam\u00edlies,<\/p>\n\n\n\n<p>Us informem de qu\u00e8 el&nbsp;<em><strong>Consell Comarcal del Tarragon\u00e8s<\/strong><\/em>, obre el termini per sol\u00b7licitar l\u2019ajut de menjador escolar per als vostres fills\/es del 19 de maig al 27 de juny de 2025.<\/p>\n\n\n\n<p>Per obtenir m\u00e9s informaci\u00f3 de la&nbsp;<strong>convocat\u00f2ria d\u2019ajuts de menjador<\/strong>, podeu trobar les bases, models de sol\u00b7licitud i resoluci\u00f3 dels ajuts aqu\u00ed.&nbsp;<strong>Clica l\u2019enlla\u00e7 seg\u00fcent:<\/strong><\/p>\n\n\n\n<p><a href=\"http:\/\/www.tarragones.cat\/ensenyament\/menjadors-escolars-ajuts-1\"><strong>http:\/\/www.tarragones.cat\/ensenyament\/menjadors-escolars-ajuts-1<\/strong><\/a><\/p>\n\n\n\n<p><em><strong>Clicant a l\u2019enlla\u00e7 de sota<\/strong>&nbsp;<\/em>on podreu veure la infografia sobre com sol\u00b7licitar l\u2019ajut de menjador.<\/p>\n\n\n\n<p><a href=\"https:\/\/drive.google.com\/file\/d\/15JV9CWet_8nEH41lGEeqrYweEeEo_hrn\/view?usp=sharing\">BEQUES CONSELL COMARCAL 2025-2026<\/a> <\/p>\n\n\n\n<p>Gr\u00e0cies per la vostra confian\u00e7a!<\/p>\n\n\n\n\n","protected":false},"excerpt":{"rendered":"<p><a href=\"https:\/\/agora.xtec.cat\/escola-salou\/wp-content\/uploads\/usu1449\/2025\/05\/Captura-de-pantalla-2025-05-11-225528-1.jpg\"><\/a><\/p>\n<p>Benvolgudes fam\u00edlies,<\/p>\n<p>Us informem de qu\u00e8 el&nbsp;Consell Comarcal del Tarragon\u00e8s, obre el termini per sol\u00b7licitar l\u2019ajut de menjador escolar per als vostres fills\/es del 19 de maig al 27 de juny de 2025.<\/p>\n<p>Per obtenir m\u00e9s informaci\u00f3 de la&nbsp;convocat\u00f2ria d\u2019ajuts de menjador, podeu trobar les bases,&hellip;  <a href=\"https:\/\/agora.xtec.cat\/escola-salou\/general\/convocatoria-beques-menjador-2025-2026\/\" title=\"Read Convocat\u00f2ria Beques Menjador 2025-2026\">Llegeix m\u00e9s\u00bb<\/a><\/p>\n","protected":false},"author":16,"featured_media":0,"comment_status":"open","ping_status":"open","sticky":false,"template":"","format":"standard","meta":{"_bbp_topic_count":0,"_bbp_reply_count":0,"_bbp_total_topic_count":0,"_bbp_total_reply_count":0,"_bbp_voice_count":0,"_bbp_anonymous_reply_count":0,"_bbp_topic_count_hidden":0,"_bbp_reply_count_hidden":0,"_bbp_forum_subforum_count":0,"footnotes":""},"categories":[1,2,4,5],"tags":[],"class_list":["post-23518","post","type-post","status-publish","format-standard","hentry","category-general","category-infantil","category-portada","category-primaria"],"post_mailing_queue_ids":[],"_links":{"self":[{"href":"https:\/\/agora.xtec.cat\/escola-salou\/wp-json\/wp\/v2\/posts\/23518","targetHints":{"allow":["GET"]}}],"collection":[{"href":"https:\/\/agora.xtec.cat\/escola-salou\/wp-json\/wp\/v2\/posts"}],"about":[{"href":"https:\/\/agora.xtec.cat\/escola-salou\/wp-json\/wp\/v2\/types\/post"}],"author":[{"embeddable":true,"href":"https:\/\/agora.xtec.cat\/escola-salou\/wp-json\/wp\/v2\/users\/16"}],"replies":[{"embeddable":true,"href":"https:\/\/agora.xtec.cat\/escola-salou\/wp-json\/wp\/v2\/comments?post=23518"}],"version-history":[{"count":5,"href":"https:\/\/agora.xtec.cat\/escola-salou\/wp-json\/wp\/v2\/posts\/23518\/revisions"}],"predecessor-version":[{"id":23528,"href":"https:\/\/agora.xtec.cat\/escola-salou\/wp-json\/wp\/v2\/posts\/23518\/revisions\/23528"}],"wp:attachment":[{"href":"https:\/\/agora.xtec.cat\/escola-salou\/wp-json\/wp\/v2\/media?parent=23518"}],"wp:term":[{"taxonomy":"category","embeddable":true,"href":"https:\/\/agora.xtec.cat\/escola-salou\/wp-json\/wp\/v2\/categories?post=23518"},{"taxonomy":"post_tag","embeddable":true,"href":"https:\/\/agora.xtec.cat\/escola-salou\/wp-json\/wp\/v2\/tags?post=23518"}],"curies":[{"name":"wp","href":"https:\/\/api.w.org\/{rel}","templated":true}]}}