{"id":23032,"date":"2025-03-30T14:30:42","date_gmt":"2025-03-30T12:30:42","guid":{"rendered":"https:\/\/agora.xtec.cat\/escola-salou\/?p=23032"},"modified":"2025-03-30T14:35:01","modified_gmt":"2025-03-30T12:35:01","slug":"xxi-certamen-de-lectura-en-veu-alta","status":"publish","type":"post","link":"https:\/\/agora.xtec.cat\/escola-salou\/general\/xxi-certamen-de-lectura-en-veu-alta\/","title":{"rendered":"XXI Certamen de Lectura en veu alta"},"content":{"rendered":"\n<p>L\u2019alumna de 4t de prim\u00e0ria com a representant dels alumnes de Cicle Mitj\u00e0 Mar Casado&nbsp;Cerezuela i com a representant de Cicle Superior J\u00falia Esca\u00f1o Higueras al XXI certamen de Lectura en veu alta celebrat el dijous 27 de mar\u00e7 a l\u2019Orfe\u00f3 Canong\u00ed, pla\u00e7a Mestre Josep Gols, 4, 43110 La Canonja, Tarragona.<\/p>\n\n\n\n<p>Ha estat una experi\u00e8ncia molt enriquidora. Les dues participants ho han fet excepcionals.<\/p>\n\n\n\n<p>Escola Salou<\/p>\n\n\n\n<figure class=\"wp-block-gallery has-nested-images columns-default is-cropped wp-block-gallery-1 is-layout-flex wp-block-gallery-is-layout-flex\">\n<figure class=\"wp-block-image size-full is-style-rounded\"><a href=\"https:\/\/agora.xtec.cat\/escola-salou\/wp-content\/uploads\/usu1449\/2025\/03\/IMG-20250327-WA0042.jpg\"><img loading=\"lazy\" decoding=\"async\" width=\"1920\" height=\"1080\" data-id=\"23435\" src=\"https:\/\/agora.xtec.cat\/escola-salou\/wp-content\/uploads\/usu1449\/2025\/03\/IMG-20250327-WA0042.jpg\" alt=\"\" class=\"wp-image-23435\" srcset=\"https:\/\/agora.xtec.cat\/escola-salou\/wp-content\/uploads\/usu1449\/2025\/03\/IMG-20250327-WA0042.jpg 1920w, https:\/\/agora.xtec.cat\/escola-salou\/wp-content\/uploads\/usu1449\/2025\/03\/IMG-20250327-WA0042-300x169.jpg 300w, https:\/\/agora.xtec.cat\/escola-salou\/wp-content\/uploads\/usu1449\/2025\/03\/IMG-20250327-WA0042-1024x576.jpg 1024w, https:\/\/agora.xtec.cat\/escola-salou\/wp-content\/uploads\/usu1449\/2025\/03\/IMG-20250327-WA0042-768x432.jpg 768w, https:\/\/agora.xtec.cat\/escola-salou\/wp-content\/uploads\/usu1449\/2025\/03\/IMG-20250327-WA0042-1536x864.jpg 1536w\" sizes=\"auto, (max-width: 1920px) 100vw, 1920px\" \/><\/a><\/figure>\n\n\n\n<figure class=\"wp-block-image size-large is-style-rounded\"><a href=\"https:\/\/agora.xtec.cat\/escola-salou\/wp-content\/uploads\/usu1449\/2025\/03\/IMG-20250327-WA0043.jpg\"><img loading=\"lazy\" decoding=\"async\" width=\"1024\" height=\"832\" data-id=\"23436\" src=\"https:\/\/agora.xtec.cat\/escola-salou\/wp-content\/uploads\/usu1449\/2025\/03\/IMG-20250327-WA0043-1024x832.jpg\" alt=\"\" class=\"wp-image-23436\" srcset=\"https:\/\/agora.xtec.cat\/escola-salou\/wp-content\/uploads\/usu1449\/2025\/03\/IMG-20250327-WA0043-1024x832.jpg 1024w, https:\/\/agora.xtec.cat\/escola-salou\/wp-content\/uploads\/usu1449\/2025\/03\/IMG-20250327-WA0043-300x244.jpg 300w, https:\/\/agora.xtec.cat\/escola-salou\/wp-content\/uploads\/usu1449\/2025\/03\/IMG-20250327-WA0043-768x624.jpg 768w, https:\/\/agora.xtec.cat\/escola-salou\/wp-content\/uploads\/usu1449\/2025\/03\/IMG-20250327-WA0043-1536x1248.jpg 1536w, https:\/\/agora.xtec.cat\/escola-salou\/wp-content\/uploads\/usu1449\/2025\/03\/IMG-20250327-WA0043.jpg 2048w\" sizes=\"auto, (max-width: 1024px) 100vw, 1024px\" \/><\/a><\/figure>\n<\/figure>\n\n\n\n<figure class=\"wp-block-gallery has-nested-images columns-default is-cropped wp-block-gallery-2 is-layout-flex wp-block-gallery-is-layout-flex\">\n<figure class=\"wp-block-image size-large is-style-rounded\"><a href=\"https:\/\/agora.xtec.cat\/escola-salou\/wp-content\/uploads\/usu1449\/2025\/03\/PHOTO-2025-03-27-12-28-29.jpg\"><img loading=\"lazy\" decoding=\"async\" width=\"768\" height=\"1024\" data-id=\"23034\" src=\"https:\/\/agora.xtec.cat\/escola-salou\/wp-content\/uploads\/usu1449\/2025\/03\/PHOTO-2025-03-27-12-28-29-768x1024.jpg\" alt=\"\" class=\"wp-image-23034\" srcset=\"https:\/\/agora.xtec.cat\/escola-salou\/wp-content\/uploads\/usu1449\/2025\/03\/PHOTO-2025-03-27-12-28-29-768x1024.jpg 768w, https:\/\/agora.xtec.cat\/escola-salou\/wp-content\/uploads\/usu1449\/2025\/03\/PHOTO-2025-03-27-12-28-29-225x300.jpg 225w, https:\/\/agora.xtec.cat\/escola-salou\/wp-content\/uploads\/usu1449\/2025\/03\/PHOTO-2025-03-27-12-28-29-1152x1536.jpg 1152w, https:\/\/agora.xtec.cat\/escola-salou\/wp-content\/uploads\/usu1449\/2025\/03\/PHOTO-2025-03-27-12-28-29.jpg 1536w\" sizes=\"auto, (max-width: 768px) 100vw, 768px\" \/><\/a><\/figure>\n\n\n\n<figure class=\"wp-block-image size-large is-style-rounded\"><a href=\"https:\/\/agora.xtec.cat\/escola-salou\/wp-content\/uploads\/usu1449\/2025\/03\/PHOTO-2025-03-27-12-28-29_1.jpg\"><img loading=\"lazy\" decoding=\"async\" width=\"768\" height=\"1024\" data-id=\"23035\" src=\"https:\/\/agora.xtec.cat\/escola-salou\/wp-content\/uploads\/usu1449\/2025\/03\/PHOTO-2025-03-27-12-28-29_1-768x1024.jpg\" alt=\"\" class=\"wp-image-23035\" srcset=\"https:\/\/agora.xtec.cat\/escola-salou\/wp-content\/uploads\/usu1449\/2025\/03\/PHOTO-2025-03-27-12-28-29_1-768x1024.jpg 768w, https:\/\/agora.xtec.cat\/escola-salou\/wp-content\/uploads\/usu1449\/2025\/03\/PHOTO-2025-03-27-12-28-29_1-225x300.jpg 225w, https:\/\/agora.xtec.cat\/escola-salou\/wp-content\/uploads\/usu1449\/2025\/03\/PHOTO-2025-03-27-12-28-29_1-1152x1536.jpg 1152w, https:\/\/agora.xtec.cat\/escola-salou\/wp-content\/uploads\/usu1449\/2025\/03\/PHOTO-2025-03-27-12-28-29_1.jpg 1536w\" sizes=\"auto, (max-width: 768px) 100vw, 768px\" \/><\/a><\/figure>\n<\/figure>\n","protected":false},"excerpt":{"rendered":"<p>L\u2019alumna de 4t de prim\u00e0ria com a representant dels alumnes de Cicle Mitj\u00e0 Mar Casado&nbsp;Cerezuela i com a representant de Cicle Superior J\u00falia Esca\u00f1o Higueras al XXI certamen de Lectura en veu alta celebrat el dijous 27 de mar\u00e7 a l\u2019Orfe\u00f3 Canong\u00ed, pla\u00e7a Mestre Josep&hellip;  <a href=\"https:\/\/agora.xtec.cat\/escola-salou\/general\/xxi-certamen-de-lectura-en-veu-alta\/\" title=\"Read XXI Certamen de Lectura en veu alta\">Llegeix m\u00e9s\u00bb<\/a><\/p>\n","protected":false},"author":16,"featured_media":23437,"comment_status":"open","ping_status":"open","sticky":false,"template":"","format":"standard","meta":{"_bbp_topic_count":0,"_bbp_reply_count":0,"_bbp_total_topic_count":0,"_bbp_total_reply_count":0,"_bbp_voice_count":0,"_bbp_anonymous_reply_count":0,"_bbp_topic_count_hidden":0,"_bbp_reply_count_hidden":0,"_bbp_forum_subforum_count":0,"footnotes":""},"categories":[1,4,5],"tags":[],"class_list":["post-23032","post","type-post","status-publish","format-standard","has-post-thumbnail","hentry","category-general","category-portada","category-primaria"],"post_mailing_queue_ids":[],"_links":{"self":[{"href":"https:\/\/agora.xtec.cat\/escola-salou\/wp-json\/wp\/v2\/posts\/23032","targetHints":{"allow":["GET"]}}],"collection":[{"href":"https:\/\/agora.xtec.cat\/escola-salou\/wp-json\/wp\/v2\/posts"}],"about":[{"href":"https:\/\/agora.xtec.cat\/escola-salou\/wp-json\/wp\/v2\/types\/post"}],"author":[{"embeddable":true,"href":"https:\/\/agora.xtec.cat\/escola-salou\/wp-json\/wp\/v2\/users\/16"}],"replies":[{"embeddable":true,"href":"https:\/\/agora.xtec.cat\/escola-salou\/wp-json\/wp\/v2\/comments?post=23032"}],"version-history":[{"count":4,"href":"https:\/\/agora.xtec.cat\/escola-salou\/wp-json\/wp\/v2\/posts\/23032\/revisions"}],"predecessor-version":[{"id":23439,"href":"https:\/\/agora.xtec.cat\/escola-salou\/wp-json\/wp\/v2\/posts\/23032\/revisions\/23439"}],"wp:featuredmedia":[{"embeddable":true,"href":"https:\/\/agora.xtec.cat\/escola-salou\/wp-json\/wp\/v2\/media\/23437"}],"wp:attachment":[{"href":"https:\/\/agora.xtec.cat\/escola-salou\/wp-json\/wp\/v2\/media?parent=23032"}],"wp:term":[{"taxonomy":"category","embeddable":true,"href":"https:\/\/agora.xtec.cat\/escola-salou\/wp-json\/wp\/v2\/categories?post=23032"},{"taxonomy":"post_tag","embeddable":true,"href":"https:\/\/agora.xtec.cat\/escola-salou\/wp-json\/wp\/v2\/tags?post=23032"}],"curies":[{"name":"wp","href":"https:\/\/api.w.org\/{rel}","templated":true}]}}