{"id":22825,"date":"2024-11-12T18:19:23","date_gmt":"2024-11-12T17:19:23","guid":{"rendered":"https:\/\/agora.xtec.cat\/escola-salou\/?p=22825"},"modified":"2024-11-12T18:20:11","modified_gmt":"2024-11-12T17:20:11","slug":"queden-suspeses-les-classes-del-dia-13-11-2024","status":"publish","type":"post","link":"https:\/\/agora.xtec.cat\/escola-salou\/general\/queden-suspeses-les-classes-del-dia-13-11-2024\/","title":{"rendered":"Queden suspeses les classes del dia 13\/11\/2024"},"content":{"rendered":"<div class=\"wp-block-image\">\n<figure class=\"aligncenter is-resized\"><img decoding=\"async\" src=\"https:\/\/e7.pngegg.com\/pngimages\/333\/10\/png-clipart-warning-sign-hazard-symbol-safety-warning-sign-miscellaneous-angle-thumbnail.png\" alt=\"Carga suspendida s\u00edmbolo de suspensi\u00f3n logo, suspendido, diverso, \u00e1ngulo  png | PNGEgg\" style=\"width:175px;height:auto\"\/><\/figure><\/div>\n\n\n<p>Benvolgudes fam\u00edlies,<\/p>\n\n\n\n<p>Donada l\u2019activaci\u00f3 del pla INUNCAT per la previsi\u00f3 de fortes pluges i risc greu d\u2019inundacions, per a dem\u00e0 dia <strong>13 de novembre<\/strong>, des de protecci\u00f3 civil es demana restringir la mobilitat que no sigui imprescindible <strong>entre les 06:00 hores i les 00:00 hores de dimecres.<\/strong> Tenint en compte aquest av\u00eds em\u00e8s, <strong>les classes queden suspeses tot el dia de dem\u00e0, dilluns dia 13 de novembre.<\/strong><\/p>\n\n\n\n<p>Us demanem molt precauci\u00f3.<\/p>\n\n\n\n<p>Gr\u00e0cies per la vostra confian\u00e7a!!!<\/p>\n\n\n\n<p><\/p>\n","protected":false},"excerpt":{"rendered":"<p>Benvolgudes fam\u00edlies,<\/p>\n<p>Donada l\u2019activaci\u00f3 del pla INUNCAT per la previsi\u00f3 de fortes pluges i risc greu d\u2019inundacions, per a dem\u00e0 dia 13 de novembre, des de protecci\u00f3 civil es demana restringir la mobilitat que no sigui imprescindible entre les 06:00 hores i les 00:00 hores de&hellip;  <a href=\"https:\/\/agora.xtec.cat\/escola-salou\/general\/queden-suspeses-les-classes-del-dia-13-11-2024\/\" title=\"Read Queden suspeses les classes del dia 13\/11\/2024\">Llegeix m\u00e9s\u00bb<\/a><\/p>\n","protected":false},"author":16,"featured_media":0,"comment_status":"open","ping_status":"open","sticky":false,"template":"","format":"standard","meta":{"_bbp_topic_count":0,"_bbp_reply_count":0,"_bbp_total_topic_count":0,"_bbp_total_reply_count":0,"_bbp_voice_count":0,"_bbp_anonymous_reply_count":0,"_bbp_topic_count_hidden":0,"_bbp_reply_count_hidden":0,"_bbp_forum_subforum_count":0,"footnotes":""},"categories":[1,2,4,5],"tags":[],"class_list":["post-22825","post","type-post","status-publish","format-standard","hentry","category-general","category-infantil","category-portada","category-primaria"],"post_mailing_queue_ids":[],"_links":{"self":[{"href":"https:\/\/agora.xtec.cat\/escola-salou\/wp-json\/wp\/v2\/posts\/22825","targetHints":{"allow":["GET"]}}],"collection":[{"href":"https:\/\/agora.xtec.cat\/escola-salou\/wp-json\/wp\/v2\/posts"}],"about":[{"href":"https:\/\/agora.xtec.cat\/escola-salou\/wp-json\/wp\/v2\/types\/post"}],"author":[{"embeddable":true,"href":"https:\/\/agora.xtec.cat\/escola-salou\/wp-json\/wp\/v2\/users\/16"}],"replies":[{"embeddable":true,"href":"https:\/\/agora.xtec.cat\/escola-salou\/wp-json\/wp\/v2\/comments?post=22825"}],"version-history":[{"count":1,"href":"https:\/\/agora.xtec.cat\/escola-salou\/wp-json\/wp\/v2\/posts\/22825\/revisions"}],"predecessor-version":[{"id":22826,"href":"https:\/\/agora.xtec.cat\/escola-salou\/wp-json\/wp\/v2\/posts\/22825\/revisions\/22826"}],"wp:attachment":[{"href":"https:\/\/agora.xtec.cat\/escola-salou\/wp-json\/wp\/v2\/media?parent=22825"}],"wp:term":[{"taxonomy":"category","embeddable":true,"href":"https:\/\/agora.xtec.cat\/escola-salou\/wp-json\/wp\/v2\/categories?post=22825"},{"taxonomy":"post_tag","embeddable":true,"href":"https:\/\/agora.xtec.cat\/escola-salou\/wp-json\/wp\/v2\/tags?post=22825"}],"curies":[{"name":"wp","href":"https:\/\/api.w.org\/{rel}","templated":true}]}}