{"id":15862,"date":"2023-04-21T20:31:56","date_gmt":"2023-04-21T18:31:56","guid":{"rendered":"http:\/\/agora.xtec.cat\/escola-salou\/?p=15862"},"modified":"2024-05-02T21:07:36","modified_gmt":"2024-05-02T19:07:36","slug":"preinscripcio-2020-2021-llista-de-sollicituds-amb-barem-provisional","status":"publish","type":"post","link":"https:\/\/agora.xtec.cat\/escola-salou\/general\/preinscripcio-2020-2021-llista-de-sollicituds-amb-barem-provisional\/","title":{"rendered":"Preinscripci\u00f3 i matr\u00edcula 2023-2024"},"content":{"rendered":"<p><span style=\"font-family: inherit; font-size: 1em;\">Benvolgudes fam\u00edlies,<\/span><\/p>\n<p>Podreu consultar les llistes de sol\u00b7licituds amb barem provisional (21\/04\/2023): En aquest sentit, el codi de preinscripci\u00f3 tindr\u00e0 el format PRE20-21XXXXX i els 3 darrers n\u00fameros del codi de la sol\u00b7licitud (exemple PRE20-21XXXXX323). Pel que fa al nom i cognoms, estar\u00e0 format per les dues primeres inicials del nom, i les del primer i el segon cognom (exemple SuRoPo).<\/p>\n<ul style=\"list-style-type: square;\">\n<li>\n<pre><strong><span style=\"color: #0000ff;\">21 d\u2019abril de 2023: llista de sol\u00b7licituds amb l<\/span><\/strong><strong style=\"font-size: 1em;\"><span style=\"color: #0000ff;\">a puntuaci\u00f3 provisional. \r\n<\/span><\/strong><a style=\"font-family: inherit; font-size: 1em;\" href=\"https:\/\/agora.xtec.cat\/escola-salou\/wp-content\/uploads\/usu1449\/2020\/05\/INFORME_BAREM_PROVISIONAL_BAREM.pdf\">NFORME_BAREM_PROVISIONAL_BAREM 2023-2024<\/a>\r\n\r\n<\/pre>\n<\/li>\n<li>\n<pre><strong><span style=\"color: #0000ff;\"><em>Del 21 al 27 d\u2019abril de 2023: <\/em><\/span><span style=\"color: #000000;\"><em>presentaci\u00f3 de reclamacions.\r\n\r\n<\/em><\/span><\/strong><\/pre>\n<\/li>\n<li><em><strong><span style=\"color: #0000ff;\">3 de maig de 2023: <span style=\"color: #000000;\">llista de sol\u00b7licituds amb la puntuaci\u00f3 un cop resoltes les reclamacions.<\/span><\/span><\/strong><\/em>\n<ul>\n<li style=\"list-style-type: none;\">\n<ul style=\"list-style-type: square;\">\n<li><a style=\"font-family: Consolas, Monaco, monospace;\" href=\"https:\/\/agora.xtec.cat\/escola-salou\/wp-content\/uploads\/usu1449\/2023\/05\/INFORME_BAREM_RESOLTES_BAREM.pdf\">INFORME_BAREM_RESOLTES_BAREM 2023-2024<\/a><strong style=\"font-family: Consolas, Monaco, monospace;\"><span style=\"color: #0000ff;\"><img loading=\"lazy\" decoding=\"async\" class=\"alignnone\" src=\"https:\/\/agora.xtec.cat\/inslesvinyescubelles\/wp-content\/uploads\/usu375\/2021\/02\/Nou.gif\" alt=\"Preinscripci\u00f3 2021-2022 | Institut Les Vinyes\" width=\"55\" height=\"48\" \/><\/span><\/strong><\/li>\n<\/ul>\n<\/li>\n<\/ul>\n<\/li>\n<\/ul>\n<ul>\n<li><em><span style=\"color: #0000ff;\"><strong>9 de maig de 2023: <span style=\"color: #000000;\">sorteig per resoldre les sol\u00b7licituds de preinscripci\u00f3 empatades en punts.<\/span><\/strong><\/span><\/em><\/li>\n<li>El dimarts 9<strong style=\"font-family: inherit; font-size: 1em; color: #222222;\">\u00a0de maig<\/strong><span style=\"font-family: inherit; font-size: 1em; color: #222222;\"> de 2023 a les 11.00h, s\u2019ha realitzat<\/span><strong style=\"font-family: inherit; font-size: 1em; color: #222222;\">\u00a0el sorteig<\/strong><span style=\"font-family: inherit; font-size: 1em; color: #222222;\">\u00a0per a resoldre les\u00a0<\/span><strong style=\"font-family: inherit; font-size: 1em; color: #222222;\">situacions d\u2019empat.<\/strong>\n<ul>\n<li style=\"list-style-type: none;\">\n<ul>\n<li>El n\u00famero de desempat \u00e9s:<strong style=\"font-family: inherit; font-size: 1em; color: #222222;\"><span style=\"color: #0000ff;\"> 66. 646\u00a0<\/span> \u00a0 \u00a0 \u00a0 <img loading=\"lazy\" decoding=\"async\" class=\"\" src=\"https:\/\/agora.xtec.cat\/inslesvinyescubelles\/wp-content\/uploads\/usu375\/2021\/02\/Nou.gif\" alt=\"Preinscripci\u00f3 2021-2022 | Institut Les Vinyes\" width=\"45\" height=\"39\" \/><\/strong><\/li>\n<\/ul>\n<\/li>\n<\/ul>\n<\/li>\n<\/ul>\n<ul style=\"list-style-type: square;\">\n<li><strong style=\"color: #0000ff; font-size: 1em;\"><em>11 de maig de 2023: <span style=\"color: #000000;\">llista de sol\u00b7licituds ordenades per puntuaci\u00f3.<\/span><\/em><\/strong>\n<ul>\n<li style=\"list-style-type: none;\">\n<ul style=\"list-style-type: square;\">\n<li><a style=\"font-family: Consolas, Monaco, monospace;\" href=\"https:\/\/agora.xtec.cat\/escola-salou\/wp-content\/uploads\/usu1449\/2023\/04\/INFORME_BAREM_DEFINITIU_BAREM.pdf\">INFORME_BAREM_DEFINITIU_BAREM 2023-2024<\/a><strong style=\"color: #0000ff; font-size: 1em;\"><em><strong><img loading=\"lazy\" decoding=\"async\" class=\"\" src=\"https:\/\/agora.xtec.cat\/inslesvinyescubelles\/wp-content\/uploads\/usu375\/2021\/02\/Nou.gif\" alt=\"Preinscripci\u00f3 2021-2022 | Institut Les Vinyes\" width=\"45\" height=\"39\" \/><\/strong><\/em><\/strong><\/li>\n<\/ul>\n<\/li>\n<\/ul>\n<\/li>\n<\/ul>\n<pre><\/pre>\n<ul style=\"list-style-type: square;\">\n<li><strong style=\"color: #0000ff; font-size: 1em;\"><em>Del 29 de maig a l\u20191 de juny de 2023: <span style=\"color: #000000;\">ampliaci\u00f3 de peticions de preinscripci\u00f3 per a alumnes sense pla\u00e7a assignada a cap centre.<\/span><\/em><\/strong><\/li>\n<li><strong style=\"color: #0000ff; font-family: Consolas, Monaco, monospace; font-size: 1em;\"><em>9 de juny de 2023: <span style=\"color: #000000;\">oferta final de places escolars.<\/span><\/em><\/strong>\n<ul>\n<li style=\"list-style-type: none;\">\n<ul style=\"list-style-type: square;\">\n<li><a style=\"font-family: inherit; font-size: 1em;\" href=\"https:\/\/agora.xtec.cat\/escola-salou\/wp-content\/uploads\/usu1449\/2023\/04\/INFORME_OFERTA_OME_INFORME_OFERTA.pdf\">INFORME_OFERTA_OME_INFORME_OFERTA<strong style=\"color: #0000ff; font-size: 1em;\"><em><strong><img loading=\"lazy\" decoding=\"async\" class=\"alignnone\" src=\"https:\/\/agora.xtec.cat\/inslesvinyescubelles\/wp-content\/uploads\/usu375\/2021\/02\/Nou.gif\" alt=\"Preinscripci\u00f3 2021-2022 | Institut Les Vinyes\" width=\"45\" height=\"39\" \/><\/strong><\/em><\/strong><\/a><\/li>\n<\/ul>\n<\/li>\n<\/ul>\n<\/li>\n<\/ul>\n<ul style=\"list-style-type: square;\">\n<li><span style=\"color: #0000ff;\"><span style=\"color: #0000ff;\"><strong><em>12 de juny de 2023: <span style=\"color: #000000;\">llista d\u2019alumnes admesos i llista d\u2019espera<\/span>.<a style=\"font-family: inherit; font-size: 1em;\" href=\"https:\/\/agora.xtec.cat\/escola-salou\/wp-content\/uploads\/usu1449\/2023\/04\/INFORME_OFERTA_OME_INFORME_OFERTA.pdf\"><strong style=\"color: #0000ff; font-size: 1em;\"><img loading=\"lazy\" decoding=\"async\" class=\"alignnone\" src=\"https:\/\/agora.xtec.cat\/inslesvinyescubelles\/wp-content\/uploads\/usu375\/2021\/02\/Nou.gif\" alt=\"Preinscripci\u00f3 2021-2022 | Institut Les Vinyes\" width=\"51\" height=\"44\" \/><\/strong><\/a><\/em><\/strong><\/span><\/span><\/li>\n<\/ul>\n<ul>\n<li style=\"list-style-type: none;\">\n<ul style=\"list-style-type: square;\">\n<li><strong><a style=\"font-family: inherit; font-size: 1em;\" href=\"https:\/\/agora.xtec.cat\/escola-salou\/wp-content\/uploads\/usu1449\/2023\/04\/INFORME_LLISTA_ESPERA_OME_LLISTA_ESPERA-1.pdf\">I<\/a><a style=\"font-family: inherit; font-size: 1em;\" href=\"https:\/\/agora.xtec.cat\/escola-salou\/wp-content\/uploads\/usu1449\/2023\/04\/INFORME_ASSIGNADES_INFORME_ASSIGNADES-2.pdf\">INFORME_ASSIGNADES_INFORME_ASSIGNADES<\/a><\/strong><\/li>\n<li><strong><a style=\"font-family: inherit; font-size: 1em;\" href=\"https:\/\/agora.xtec.cat\/escola-salou\/wp-content\/uploads\/usu1449\/2023\/04\/INFORME_PREINSCRITES_OME_INFORME_PREINSCRITES_OME-1.pdf\">INFORME_PREINSCRITES_OME_INFORME_PREINSCRITES_OME <\/a><\/strong><\/li>\n<li><strong><a style=\"font-family: inherit; font-size: 1em;\" href=\"https:\/\/agora.xtec.cat\/escola-salou\/wp-content\/uploads\/usu1449\/2023\/04\/INFORME_LLISTA_ESPERA_OME_LLISTA_ESPERA-1.pdf\">NFORME_LLISTA_ESPERA_OME_LLISTA_ESPERA <\/a><\/strong><\/li>\n<\/ul>\n<\/li>\n<\/ul>\n<p>&nbsp;<\/p>\n<ul style=\"list-style-type: square;\">\n<li><span style=\"color: #0000ff;\"><strong><em>Del 20 al 28 de juny de 2023:<span style=\"color: #000000;\"> Per\u00edode de matr\u00edcula.<\/span><\/em><\/strong><\/span><\/li>\n<\/ul>\n<pre><\/pre>\n<pre>Gr\u00e0cies per la vostra confian\u00e7a!!!\r\n\r\nEscola Salou<\/pre>\n<p>&nbsp;<\/p>\n","protected":false},"excerpt":{"rendered":"<p>Benvolgudes fam\u00edlies,<br \/>\nPodreu consultar les llistes de sol\u00b7licituds amb barem provisional (21\/04\/2023): En aquest sentit, el codi de preinscripci\u00f3 tindr\u00e0 el format PRE20-21XXXXX i els 3 darrers n\u00fameros del codi de la sol\u00b7licitud (exemple PRE20-21XXXXX323). Pel que fa al nom i cognoms, estar\u00e0 format per les&hellip;  <a href=\"https:\/\/agora.xtec.cat\/escola-salou\/general\/preinscripcio-2020-2021-llista-de-sollicituds-amb-barem-provisional\/\" title=\"Read Preinscripci\u00f3 i matr\u00edcula 2023-2024\">Llegeix m\u00e9s\u00bb<\/a><\/p>\n","protected":false},"author":16,"featured_media":0,"comment_status":"open","ping_status":"closed","sticky":false,"template":"","format":"standard","meta":{"_bbp_topic_count":0,"_bbp_reply_count":0,"_bbp_total_topic_count":0,"_bbp_total_reply_count":0,"_bbp_voice_count":0,"_bbp_anonymous_reply_count":0,"_bbp_topic_count_hidden":0,"_bbp_reply_count_hidden":0,"_bbp_forum_subforum_count":0,"footnotes":""},"categories":[1,2,4,5],"tags":[],"class_list":["post-15862","post","type-post","status-publish","format-standard","hentry","category-general","category-infantil","category-portada","category-primaria"],"post_mailing_queue_ids":[],"_links":{"self":[{"href":"https:\/\/agora.xtec.cat\/escola-salou\/wp-json\/wp\/v2\/posts\/15862","targetHints":{"allow":["GET"]}}],"collection":[{"href":"https:\/\/agora.xtec.cat\/escola-salou\/wp-json\/wp\/v2\/posts"}],"about":[{"href":"https:\/\/agora.xtec.cat\/escola-salou\/wp-json\/wp\/v2\/types\/post"}],"author":[{"embeddable":true,"href":"https:\/\/agora.xtec.cat\/escola-salou\/wp-json\/wp\/v2\/users\/16"}],"replies":[{"embeddable":true,"href":"https:\/\/agora.xtec.cat\/escola-salou\/wp-json\/wp\/v2\/comments?post=15862"}],"version-history":[{"count":4,"href":"https:\/\/agora.xtec.cat\/escola-salou\/wp-json\/wp\/v2\/posts\/15862\/revisions"}],"predecessor-version":[{"id":22791,"href":"https:\/\/agora.xtec.cat\/escola-salou\/wp-json\/wp\/v2\/posts\/15862\/revisions\/22791"}],"wp:attachment":[{"href":"https:\/\/agora.xtec.cat\/escola-salou\/wp-json\/wp\/v2\/media?parent=15862"}],"wp:term":[{"taxonomy":"category","embeddable":true,"href":"https:\/\/agora.xtec.cat\/escola-salou\/wp-json\/wp\/v2\/categories?post=15862"},{"taxonomy":"post_tag","embeddable":true,"href":"https:\/\/agora.xtec.cat\/escola-salou\/wp-json\/wp\/v2\/tags?post=15862"}],"curies":[{"name":"wp","href":"https:\/\/api.w.org\/{rel}","templated":true}]}}