{"id":4602,"date":"2022-01-17T11:26:37","date_gmt":"2022-01-17T10:26:37","guid":{"rendered":"https:\/\/agora.xtec.cat\/escola-roureda\/?p=4602"},"modified":"2022-01-17T11:27:20","modified_gmt":"2022-01-17T10:27:20","slug":"recursos-p3","status":"publish","type":"post","link":"https:\/\/agora.xtec.cat\/escola-roureda\/infantil\/i3a\/recursos-p3\/","title":{"rendered":"RECURSOS P3"},"content":{"rendered":"<p><a href=\"https:\/\/www.ccma.cat\/tv3\/super3\/una-ma-de-contes\/el-ninot-de-neu\/video\/5432099\/\"><span style=\"font-weight: 400\">CONTE NINOT DE NEU ( M\u00c0 DE CONTES )<\/span><\/a><\/p>\n<p><a href=\"https:\/\/www.youtube.com\/watch?v=ne85iv4niHk\">CAN\u00c7\u00d3 DE L&#8217;HIVERN<\/a><\/p>\n<p>POEMA DE L&#8217;HIVERN<\/p>\n<p><img decoding=\"async\" src=\"https:\/\/patriblog9.files.wordpress.com\/2013\/01\/poema-hivern1.jpg\" alt=\"Hivern:Dites i poemes | quarcreixentalauladinfantil\" \/><\/p>\n<p>DITA DE L&#8217;HIVERN<\/p>\n<p><img loading=\"lazy\" decoding=\"async\" class=\"\" src=\"https:\/\/i.pinimg.com\/originals\/ec\/2e\/ef\/ec2eef8f21fdaf3662feadcc75780704.jpg\" alt=\"CLASSE DELS MALABARISTES: Dita de l'hivern | School activities, Album, Pre school\" width=\"423\" height=\"299\" \/><\/p>\n<p>&nbsp;<\/p>\n<p><span style=\"font-weight: 400\">RECURSOS MATEM\u00c0TICS<\/span><\/p>\n<p><a href=\"https:\/\/clic.xtec.cat\/projects\/enserie\/jclic.js\/index.html\">Seriacions<\/a><\/p>\n<p><a href=\"https:\/\/www.socpetit.cat\/puzles-de-fusta\/\">Puzzles<\/a><\/p>\n<p><a href=\"https:\/\/clic.xtec.cat\/projects\/colors3\/jclic.js\/index.html\">Els colors<\/a><\/p>\n<p><a href=\"https:\/\/www.edu365.cat\/infantil\/monperunforat\/hivern\/activitat\/trossos.html\">Com vestir a l&#8217;hivern<\/a><\/p>\n<p><a href=\"https:\/\/www.youtube.com\/watch?v=ktp0bPjDrxg\">Parts del cos<\/a><\/p>\n<p><a href=\"https:\/\/www.youtube.com\/watch?v=ZF29rHlRLZk\">Endevina&#8230;<\/a><\/p>\n<p>&nbsp;<\/p>\n","protected":false},"excerpt":{"rendered":"<p>CONTE NINOT DE NEU ( M\u00c0 DE CONTES ) CAN\u00c7\u00d3 DE L&#8217;HIVERN POEMA DE L&#8217;HIVERN DITA DE L&#8217;HIVERN &nbsp; RECURSOS MATEM\u00c0TICS Seriacions Puzzles Els colors Com vestir a l&#8217;hivern Parts del cos Endevina&#8230; &nbsp;<\/p>\n","protected":false},"author":18,"featured_media":4603,"comment_status":"open","ping_status":"closed","sticky":false,"template":"","format":"standard","meta":{"_bbp_topic_count":0,"_bbp_reply_count":0,"_bbp_total_topic_count":0,"_bbp_total_reply_count":0,"_bbp_voice_count":0,"_bbp_anonymous_reply_count":0,"_bbp_topic_count_hidden":0,"_bbp_reply_count_hidden":0,"_bbp_forum_subforum_count":0,"site-sidebar-layout":"default","site-content-layout":"","ast-site-content-layout":"","site-content-style":"default","site-sidebar-style":"default","ast-global-header-display":"","ast-banner-title-visibility":"","ast-main-header-display":"","ast-hfb-above-header-display":"","ast-hfb-below-header-display":"","ast-hfb-mobile-header-display":"","site-post-title":"","ast-breadcrumbs-content":"","ast-featured-img":"","footer-sml-layout":"","theme-transparent-header-meta":"","adv-header-id-meta":"","stick-header-meta":"","header-above-stick-meta":"","header-main-stick-meta":"","header-below-stick-meta":"","astra-migrate-meta-layouts":"default","ast-page-background-enabled":"default","ast-page-background-meta":{"desktop":{"background-color":"var(--ast-global-color-4)","background-image":"","background-repeat":"repeat","background-position":"center center","background-size":"auto","background-attachment":"scroll","background-type":"","background-media":"","overlay-type":"","overlay-color":"","overlay-opacity":"","overlay-gradient":""},"tablet":{"background-color":"","background-image":"","background-repeat":"repeat","background-position":"center center","background-size":"auto","background-attachment":"scroll","background-type":"","background-media":"","overlay-type":"","overlay-color":"","overlay-opacity":"","overlay-gradient":""},"mobile":{"background-color":"","background-image":"","background-repeat":"repeat","background-position":"center center","background-size":"auto","background-attachment":"scroll","background-type":"","background-media":"","overlay-type":"","overlay-color":"","overlay-opacity":"","overlay-gradient":""}},"ast-content-background-meta":{"desktop":{"background-color":"var(--ast-global-color-5)","background-image":"","background-repeat":"repeat","background-position":"center center","background-size":"auto","background-attachment":"scroll","background-type":"","background-media":"","overlay-type":"","overlay-color":"","overlay-opacity":"","overlay-gradient":""},"tablet":{"background-color":"var(--ast-global-color-5)","background-image":"","background-repeat":"repeat","background-position":"center center","background-size":"auto","background-attachment":"scroll","background-type":"","background-media":"","overlay-type":"","overlay-color":"","overlay-opacity":"","overlay-gradient":""},"mobile":{"background-color":"var(--ast-global-color-5)","background-image":"","background-repeat":"repeat","background-position":"center center","background-size":"auto","background-attachment":"scroll","background-type":"","background-media":"","overlay-type":"","overlay-color":"","overlay-opacity":"","overlay-gradient":""}},"footnotes":""},"categories":[3,65],"tags":[],"class_list":["post-4602","post","type-post","status-publish","format-standard","has-post-thumbnail","hentry","category-i3a","category-i3b"],"post_mailing_queue_ids":[],"_links":{"self":[{"href":"https:\/\/agora.xtec.cat\/escola-roureda\/wp-json\/wp\/v2\/posts\/4602","targetHints":{"allow":["GET"]}}],"collection":[{"href":"https:\/\/agora.xtec.cat\/escola-roureda\/wp-json\/wp\/v2\/posts"}],"about":[{"href":"https:\/\/agora.xtec.cat\/escola-roureda\/wp-json\/wp\/v2\/types\/post"}],"author":[{"embeddable":true,"href":"https:\/\/agora.xtec.cat\/escola-roureda\/wp-json\/wp\/v2\/users\/18"}],"replies":[{"embeddable":true,"href":"https:\/\/agora.xtec.cat\/escola-roureda\/wp-json\/wp\/v2\/comments?post=4602"}],"version-history":[{"count":2,"href":"https:\/\/agora.xtec.cat\/escola-roureda\/wp-json\/wp\/v2\/posts\/4602\/revisions"}],"predecessor-version":[{"id":4605,"href":"https:\/\/agora.xtec.cat\/escola-roureda\/wp-json\/wp\/v2\/posts\/4602\/revisions\/4605"}],"wp:featuredmedia":[{"embeddable":true,"href":"https:\/\/agora.xtec.cat\/escola-roureda\/wp-json\/wp\/v2\/media\/4603"}],"wp:attachment":[{"href":"https:\/\/agora.xtec.cat\/escola-roureda\/wp-json\/wp\/v2\/media?parent=4602"}],"wp:term":[{"taxonomy":"category","embeddable":true,"href":"https:\/\/agora.xtec.cat\/escola-roureda\/wp-json\/wp\/v2\/categories?post=4602"},{"taxonomy":"post_tag","embeddable":true,"href":"https:\/\/agora.xtec.cat\/escola-roureda\/wp-json\/wp\/v2\/tags?post=4602"}],"curies":[{"name":"wp","href":"https:\/\/api.w.org\/{rel}","templated":true}]}}