{"id":2045,"date":"2020-12-21T09:54:37","date_gmt":"2020-12-21T08:54:37","guid":{"rendered":"https:\/\/agora.xtec.cat\/escola-roureda\/?p=2045"},"modified":"2020-12-21T09:57:31","modified_gmt":"2020-12-21T08:57:31","slug":"video-de-nadal","status":"publish","type":"post","link":"https:\/\/agora.xtec.cat\/escola-roureda\/primaria\/2n-a\/video-de-nadal\/","title":{"rendered":"V\u00cdDEO DE NADAL"},"content":{"rendered":"<p>FAM\u00cdLIES ,<\/p>\n<p>Amb tota la nostra il.lusi\u00f3, compartim amb tots vosaltres les magn\u00edfiques actuacions dels vostres fills\/es.<\/p>\n<p>S\u00f3n uns grans artistes !!!\u00a0<a href=\"https:\/\/agora.xtec.cat\/escola-roureda\/wp-content\/uploads\/usu1496\/2020\/12\/dibuix-nadal.jpg\"><br \/>\n<img loading=\"lazy\" decoding=\"async\" class=\" wp-image-2046 alignleft\" src=\"https:\/\/agora.xtec.cat\/escola-roureda\/wp-content\/uploads\/usu1496\/2020\/12\/dibuix-nadal-300x86.jpg\" alt=\"\" width=\"230\" height=\"66\" srcset=\"https:\/\/agora.xtec.cat\/escola-roureda\/wp-content\/uploads\/usu1496\/2020\/12\/dibuix-nadal-300x86.jpg 300w, https:\/\/agora.xtec.cat\/escola-roureda\/wp-content\/uploads\/usu1496\/2020\/12\/dibuix-nadal.jpg 418w\" sizes=\"auto, (max-width: 230px) 100vw, 230px\" \/><\/a><\/p>\n<p><strong>V\u00cdDEO de NADAL 2n A :\u00a0<a href=\"https:\/\/youtu.be\/Ij5cGaqEz-o\">https:\/\/youtu.be\/Ij5cGaqEz-o<\/a><\/strong><\/p>\n<p><strong>V\u00cdDEO de NADAL 2n B:\u00a0<a href=\"https:\/\/youtu.be\/tRZWB3x83a4\">https:\/\/youtu.be\/tRZWB3x83a4\u00a0\u00a0<\/a><\/strong><\/p>\n<blockquote><p><em><strong>BONES FESTES !\u00a0 .\u00a0 Ens retrobem el dia 11 de gener.<\/strong><\/em><\/p><\/blockquote>\n","protected":false},"excerpt":{"rendered":"<p>FAM\u00cdLIES , Amb tota la nostra il.lusi\u00f3, compartim amb tots vosaltres les magn\u00edfiques actuacions dels vostres fills\/es. S\u00f3n uns grans artistes !!!\u00a0 V\u00cdDEO de NADAL 2n A :\u00a0https:\/\/youtu.be\/Ij5cGaqEz-o V\u00cdDEO de NADAL 2n B:\u00a0https:\/\/youtu.be\/tRZWB3x83a4\u00a0\u00a0 BONES FESTES !\u00a0 .\u00a0 Ens retrobem el dia 11 de gener.<\/p>\n","protected":false},"author":1,"featured_media":2089,"comment_status":"open","ping_status":"closed","sticky":false,"template":"","format":"standard","meta":{"_bbp_topic_count":0,"_bbp_reply_count":0,"_bbp_total_topic_count":0,"_bbp_total_reply_count":0,"_bbp_voice_count":0,"_bbp_anonymous_reply_count":0,"_bbp_topic_count_hidden":0,"_bbp_reply_count_hidden":0,"_bbp_forum_subforum_count":0,"site-sidebar-layout":"default","site-content-layout":"","ast-site-content-layout":"","site-content-style":"default","site-sidebar-style":"default","ast-global-header-display":"","ast-banner-title-visibility":"","ast-main-header-display":"","ast-hfb-above-header-display":"","ast-hfb-below-header-display":"","ast-hfb-mobile-header-display":"","site-post-title":"","ast-breadcrumbs-content":"","ast-featured-img":"","footer-sml-layout":"","theme-transparent-header-meta":"","adv-header-id-meta":"","stick-header-meta":"","header-above-stick-meta":"","header-main-stick-meta":"","header-below-stick-meta":"","astra-migrate-meta-layouts":"default","ast-page-background-enabled":"default","ast-page-background-meta":{"desktop":{"background-color":"var(--ast-global-color-4)","background-image":"","background-repeat":"repeat","background-position":"center center","background-size":"auto","background-attachment":"scroll","background-type":"","background-media":"","overlay-type":"","overlay-color":"","overlay-opacity":"","overlay-gradient":""},"tablet":{"background-color":"","background-image":"","background-repeat":"repeat","background-position":"center center","background-size":"auto","background-attachment":"scroll","background-type":"","background-media":"","overlay-type":"","overlay-color":"","overlay-opacity":"","overlay-gradient":""},"mobile":{"background-color":"","background-image":"","background-repeat":"repeat","background-position":"center center","background-size":"auto","background-attachment":"scroll","background-type":"","background-media":"","overlay-type":"","overlay-color":"","overlay-opacity":"","overlay-gradient":""}},"ast-content-background-meta":{"desktop":{"background-color":"var(--ast-global-color-5)","background-image":"","background-repeat":"repeat","background-position":"center center","background-size":"auto","background-attachment":"scroll","background-type":"","background-media":"","overlay-type":"","overlay-color":"","overlay-opacity":"","overlay-gradient":""},"tablet":{"background-color":"var(--ast-global-color-5)","background-image":"","background-repeat":"repeat","background-position":"center center","background-size":"auto","background-attachment":"scroll","background-type":"","background-media":"","overlay-type":"","overlay-color":"","overlay-opacity":"","overlay-gradient":""},"mobile":{"background-color":"var(--ast-global-color-5)","background-image":"","background-repeat":"repeat","background-position":"center center","background-size":"auto","background-attachment":"scroll","background-type":"","background-media":"","overlay-type":"","overlay-color":"","overlay-opacity":"","overlay-gradient":""}},"footnotes":""},"categories":[11,69],"tags":[],"class_list":["post-2045","post","type-post","status-publish","format-standard","has-post-thumbnail","hentry","category-2n-a","category-2n-b"],"post_mailing_queue_ids":[],"_links":{"self":[{"href":"https:\/\/agora.xtec.cat\/escola-roureda\/wp-json\/wp\/v2\/posts\/2045","targetHints":{"allow":["GET"]}}],"collection":[{"href":"https:\/\/agora.xtec.cat\/escola-roureda\/wp-json\/wp\/v2\/posts"}],"about":[{"href":"https:\/\/agora.xtec.cat\/escola-roureda\/wp-json\/wp\/v2\/types\/post"}],"author":[{"embeddable":true,"href":"https:\/\/agora.xtec.cat\/escola-roureda\/wp-json\/wp\/v2\/users\/1"}],"replies":[{"embeddable":true,"href":"https:\/\/agora.xtec.cat\/escola-roureda\/wp-json\/wp\/v2\/comments?post=2045"}],"version-history":[{"count":3,"href":"https:\/\/agora.xtec.cat\/escola-roureda\/wp-json\/wp\/v2\/posts\/2045\/revisions"}],"predecessor-version":[{"id":2090,"href":"https:\/\/agora.xtec.cat\/escola-roureda\/wp-json\/wp\/v2\/posts\/2045\/revisions\/2090"}],"wp:featuredmedia":[{"embeddable":true,"href":"https:\/\/agora.xtec.cat\/escola-roureda\/wp-json\/wp\/v2\/media\/2089"}],"wp:attachment":[{"href":"https:\/\/agora.xtec.cat\/escola-roureda\/wp-json\/wp\/v2\/media?parent=2045"}],"wp:term":[{"taxonomy":"category","embeddable":true,"href":"https:\/\/agora.xtec.cat\/escola-roureda\/wp-json\/wp\/v2\/categories?post=2045"},{"taxonomy":"post_tag","embeddable":true,"href":"https:\/\/agora.xtec.cat\/escola-roureda\/wp-json\/wp\/v2\/tags?post=2045"}],"curies":[{"name":"wp","href":"https:\/\/api.w.org\/{rel}","templated":true}]}}