{"id":4639,"date":"2021-04-27T16:40:03","date_gmt":"2021-04-27T14:40:03","guid":{"rendered":"http:\/\/agora.xtec.cat\/escola-puigdelescadiretes\/?p=4639"},"modified":"2021-04-27T16:40:37","modified_gmt":"2021-04-27T14:40:37","slug":"la-diada-de-sant-jordi","status":"publish","type":"post","link":"https:\/\/agora.xtec.cat\/escola-puigdelescadiretes\/infantil\/la-diada-de-sant-jordi\/","title":{"rendered":"LA DIADA DE SANT JORDI"},"content":{"rendered":"<p><span style=\"font-weight: 400;\">Al llarg de tota la setmana, els nens i nenes de l\u2019escola, van estar fent\u00a0 un\u00a0 munt d\u2019activitats per celebrar el dia del llibre i la rosa.\u00a0 Les quals van tenir la seva cloenda el dia de St. Jordi.<\/span><\/p>\n<p><span style=\"font-weight: 400;\">A educaci\u00f3 infantil<\/span><span style=\"font-weight: 400;\"> \u00a0<\/span><span style=\"font-weight: 400;\">van fer una <\/span><span style=\"font-weight: 400;\">roda de contes d\u2019educaci\u00f3 emocional durant la setmana. Tamb\u00e9 van\u00a0 elaborar una manualitat, i per \u00faltim<\/span> <span style=\"font-weight: 400;\">van organitzar la primera Fira del conte usat d\u2019intercanvi. Cada nen i nena va portar un llibre usat de casa uns dies abans,\u00a0 i el dia de Sant Jordi es va muntar la\u00a0 fira de contes al pati d\u2019infantil.\u00a0<\/span><\/p>\n<p><span style=\"font-weight: 400;\">Cicle inicial, va celebrar la diada a trav\u00e9s de contes, activitats interactives i diversos tallers. Durant tota la setmana, van enfocar el treball en aquesta diada festiva. Aix\u00ed i tot, el divendres a la tarda, es van organitzar per a fer tallers dintre l&#8217;aula, juntament amb un rac\u00f3 digital i el rac\u00f3 de contes de Sant Jordi.<\/span> <span style=\"font-weight: 400;\">Els alumnes de cicle inicial, van gaudir\u00a0 molt d&#8217;aquest dia i van sortir molt contents amb les activitats presentades.<\/span><\/p>\n<p><span style=\"font-weight: 400;\">Cicle Mitj\u00e0 va realitzar diverses manualitats de St. Jordi,\u00a0 i divendres a la tarda van gaudir de la visita de la Rosa Casanovas, autora dels llibres \u201cEl regal\u201d i \u201cLa goma trapella\u201d que van llegir, aquest trimestre,\u00a0 els alumnes de 4t i 3r a les aules.<\/span><\/p>\n<p><span style=\"font-weight: 400;\">Per acabar, els m\u00e9s grans de la casa entretant van estar preparant roses per l\u2019ocasi\u00f3. A m\u00e9s, van preparar uns mon\u00f2legs i unes petites obres de teatre, que van representar,\u00a0 el dia de la diada, i que van combinar amb una marat\u00f3 de lectura en veu alta.<\/span><\/p>\n<p>Va ser un St. Jordi diferent per\u00f2 especial,\u00a0 del qual els deixem una petita mostra.<\/p>\n<p style=\"text-align: center;\"><iframe loading=\"lazy\" src=\"https:\/\/docs.google.com\/presentation\/d\/e\/2PACX-1vTx7G9SoI8eRLbRt3jFCDgnnPyFaderEZWa6FvE8cpbs4D-znu5IgrGLPWLcGQ3Qs52TuQViI756YNq\/embed?start=false&amp;loop=false&amp;delayms=3000\" width=\"480\" height=\"299\" frameborder=\"0\"><span data-mce-type=\"bookmark\" style=\"display: inline-block; width: 0px; overflow: hidden; line-height: 0;\" class=\"mce_SELRES_start\">\ufeff<\/span><\/iframe><\/p>\n","protected":false},"excerpt":{"rendered":"<p><iframe loading=\"lazy\" src=\"https:\/\/docs.google.com\/presentation\/d\/e\/2PACX-1vTx7G9SoI8eRLbRt3jFCDgnnPyFaderEZWa6FvE8cpbs4D-znu5IgrGLPWLcGQ3Qs52TuQViI756YNq\/embed?start=false&amp;loop=false&amp;delayms=3000\" width=\"480\" height=\"299\" frameborder=\"0\"><span data-mce-type=\"bookmark\" style=\"display: inline-block; width: 0px; overflow: hidden; line-height: 0;\" class=\"mce_SELRES_start\">\ufeff<\/span><\/iframe><\/p>\n","protected":false},"author":49,"featured_media":0,"comment_status":"closed","ping_status":"closed","sticky":false,"template":"","format":"standard","meta":{"_bbp_topic_count":0,"_bbp_reply_count":0,"_bbp_total_topic_count":0,"_bbp_total_reply_count":0,"_bbp_voice_count":0,"_bbp_anonymous_reply_count":0,"_bbp_topic_count_hidden":0,"_bbp_reply_count_hidden":0,"_bbp_forum_subforum_count":0,"site-sidebar-layout":"default","site-content-layout":"","ast-site-content-layout":"","site-content-style":"default","site-sidebar-style":"default","ast-global-header-display":"","ast-banner-title-visibility":"","ast-main-header-display":"","ast-hfb-above-header-display":"","ast-hfb-below-header-display":"","ast-hfb-mobile-header-display":"","site-post-title":"","ast-breadcrumbs-content":"","ast-featured-img":"","footer-sml-layout":"","theme-transparent-header-meta":"","adv-header-id-meta":"","stick-header-meta":"","header-above-stick-meta":"","header-main-stick-meta":"","header-below-stick-meta":"","astra-migrate-meta-layouts":"default","ast-page-background-enabled":"default","ast-page-background-meta":{"desktop":{"background-color":"var(--ast-global-color-4)","background-image":"","background-repeat":"repeat","background-position":"center center","background-size":"auto","background-attachment":"scroll","background-type":"","background-media":"","overlay-type":"","overlay-color":"","overlay-opacity":"","overlay-gradient":""},"tablet":{"background-color":"","background-image":"","background-repeat":"repeat","background-position":"center center","background-size":"auto","background-attachment":"scroll","background-type":"","background-media":"","overlay-type":"","overlay-color":"","overlay-opacity":"","overlay-gradient":""},"mobile":{"background-color":"","background-image":"","background-repeat":"repeat","background-position":"center center","background-size":"auto","background-attachment":"scroll","background-type":"","background-media":"","overlay-type":"","overlay-color":"","overlay-opacity":"","overlay-gradient":""}},"ast-content-background-meta":{"desktop":{"background-color":"var(--ast-global-color-5)","background-image":"","background-repeat":"repeat","background-position":"center center","background-size":"auto","background-attachment":"scroll","background-type":"","background-media":"","overlay-type":"","overlay-color":"","overlay-opacity":"","overlay-gradient":""},"tablet":{"background-color":"var(--ast-global-color-5)","background-image":"","background-repeat":"repeat","background-position":"center center","background-size":"auto","background-attachment":"scroll","background-type":"","background-media":"","overlay-type":"","overlay-color":"","overlay-opacity":"","overlay-gradient":""},"mobile":{"background-color":"var(--ast-global-color-5)","background-image":"","background-repeat":"repeat","background-position":"center center","background-size":"auto","background-attachment":"scroll","background-type":"","background-media":"","overlay-type":"","overlay-color":"","overlay-opacity":"","overlay-gradient":""}},"footnotes":""},"categories":[2,4,5],"tags":[],"class_list":["post-4639","post","type-post","status-publish","format-standard","hentry","category-infantil","category-portada","category-primaria"],"post_mailing_queue_ids":[],"_links":{"self":[{"href":"https:\/\/agora.xtec.cat\/escola-puigdelescadiretes\/wp-json\/wp\/v2\/posts\/4639","targetHints":{"allow":["GET"]}}],"collection":[{"href":"https:\/\/agora.xtec.cat\/escola-puigdelescadiretes\/wp-json\/wp\/v2\/posts"}],"about":[{"href":"https:\/\/agora.xtec.cat\/escola-puigdelescadiretes\/wp-json\/wp\/v2\/types\/post"}],"author":[{"embeddable":true,"href":"https:\/\/agora.xtec.cat\/escola-puigdelescadiretes\/wp-json\/wp\/v2\/users\/49"}],"replies":[{"embeddable":true,"href":"https:\/\/agora.xtec.cat\/escola-puigdelescadiretes\/wp-json\/wp\/v2\/comments?post=4639"}],"version-history":[{"count":2,"href":"https:\/\/agora.xtec.cat\/escola-puigdelescadiretes\/wp-json\/wp\/v2\/posts\/4639\/revisions"}],"predecessor-version":[{"id":4641,"href":"https:\/\/agora.xtec.cat\/escola-puigdelescadiretes\/wp-json\/wp\/v2\/posts\/4639\/revisions\/4641"}],"wp:attachment":[{"href":"https:\/\/agora.xtec.cat\/escola-puigdelescadiretes\/wp-json\/wp\/v2\/media?parent=4639"}],"wp:term":[{"taxonomy":"category","embeddable":true,"href":"https:\/\/agora.xtec.cat\/escola-puigdelescadiretes\/wp-json\/wp\/v2\/categories?post=4639"},{"taxonomy":"post_tag","embeddable":true,"href":"https:\/\/agora.xtec.cat\/escola-puigdelescadiretes\/wp-json\/wp\/v2\/tags?post=4639"}],"curies":[{"name":"wp","href":"https:\/\/api.w.org\/{rel}","templated":true}]}}