{"id":3313,"date":"2019-12-20T12:13:39","date_gmt":"2019-12-20T11:13:39","guid":{"rendered":"http:\/\/agora.xtec.cat\/escola-puigdelescadiretes\/?p=3313"},"modified":"2020-01-13T14:52:31","modified_gmt":"2020-01-13T13:52:31","slug":"visita-a-la-fundacio-ramon-noguera","status":"publish","type":"post","link":"https:\/\/agora.xtec.cat\/escola-puigdelescadiretes\/general\/visita-a-la-fundacio-ramon-noguera\/","title":{"rendered":"Visita a la Fundaci\u00f3 Ramon Noguera"},"content":{"rendered":"<p>Els objectius de les activitats de sensibilitzaci\u00f3 amb el col\u00b7lectiu de discapacitats intel\u00b7lectuals s\u00f3n: generar m\u00e9s consci\u00e8ncia per part dels alumnes amb l&#8217;entorn de la discapacitat i promocionar activitats cooperatives, integradores i d\u2019inclusi\u00f3.<\/p>\n<p>Promoure aquest tipus d\u2019activitats \u00e9s crucial per al desenvolupament de l\u2019empatia i la comprensi\u00f3 dels alumnes, aix\u00ed com per a la bona integraci\u00f3 i inclusi\u00f3 dels infants amb discapacitat a l\u2019escola.<\/p>\n<p>Per aquest motiu, aquest primer trimestre,\u00a0 els alumnes de 5\u00e8 curs,\u00a0 com treball final de l&#8217;\u00e0rea de valors van realitzar una visita a la Fundaci\u00f3 Ram\u00f3n Noguera. Va ser una experi\u00e8ncia per a tots emocionant i engrescadora. Repetirem!!!<\/p>\n<p><iframe loading=\"lazy\" src=\"https:\/\/docs.google.com\/presentation\/d\/e\/2PACX-1vRAolKDcsHT45KycvJGRR9o4StfRIpYRFx9wIfhem9OCbKPQquMTVzHU_NAy42BcIeHOjHvReBxW4Rm\/embed?start=false&amp;loop=false&amp;delayms=3000\" width=\"960\" height=\"569\" frameborder=\"0\"><\/iframe><\/p>\n","protected":false},"excerpt":{"rendered":"<p>Els objectius de les activitats de sensibilitzaci\u00f3 amb el col\u00b7lectiu de discapacitats intel\u00b7lectuals s\u00f3n: generar m\u00e9s consci\u00e8ncia per part dels alumnes amb l&#8217;entorn de la discapacitat i promocionar activitats cooperatives, integradores i d\u2019inclusi\u00f3. Promoure aquest tipus d\u2019activitats \u00e9s crucial per al desenvolupament de l\u2019empatia i la comprensi\u00f3 dels alumnes, aix\u00ed com per a la bona [&hellip;]<\/p>\n","protected":false},"author":49,"featured_media":0,"comment_status":"closed","ping_status":"closed","sticky":false,"template":"","format":"standard","meta":{"_bbp_topic_count":0,"_bbp_reply_count":0,"_bbp_total_topic_count":0,"_bbp_total_reply_count":0,"_bbp_voice_count":0,"_bbp_anonymous_reply_count":0,"_bbp_topic_count_hidden":0,"_bbp_reply_count_hidden":0,"_bbp_forum_subforum_count":0,"site-sidebar-layout":"default","site-content-layout":"","ast-site-content-layout":"","site-content-style":"default","site-sidebar-style":"default","ast-global-header-display":"","ast-banner-title-visibility":"","ast-main-header-display":"","ast-hfb-above-header-display":"","ast-hfb-below-header-display":"","ast-hfb-mobile-header-display":"","site-post-title":"","ast-breadcrumbs-content":"","ast-featured-img":"","footer-sml-layout":"","theme-transparent-header-meta":"","adv-header-id-meta":"","stick-header-meta":"","header-above-stick-meta":"","header-main-stick-meta":"","header-below-stick-meta":"","astra-migrate-meta-layouts":"default","ast-page-background-enabled":"default","ast-page-background-meta":{"desktop":{"background-color":"var(--ast-global-color-4)","background-image":"","background-repeat":"repeat","background-position":"center center","background-size":"auto","background-attachment":"scroll","background-type":"","background-media":"","overlay-type":"","overlay-color":"","overlay-opacity":"","overlay-gradient":""},"tablet":{"background-color":"","background-image":"","background-repeat":"repeat","background-position":"center center","background-size":"auto","background-attachment":"scroll","background-type":"","background-media":"","overlay-type":"","overlay-color":"","overlay-opacity":"","overlay-gradient":""},"mobile":{"background-color":"","background-image":"","background-repeat":"repeat","background-position":"center center","background-size":"auto","background-attachment":"scroll","background-type":"","background-media":"","overlay-type":"","overlay-color":"","overlay-opacity":"","overlay-gradient":""}},"ast-content-background-meta":{"desktop":{"background-color":"var(--ast-global-color-5)","background-image":"","background-repeat":"repeat","background-position":"center center","background-size":"auto","background-attachment":"scroll","background-type":"","background-media":"","overlay-type":"","overlay-color":"","overlay-opacity":"","overlay-gradient":""},"tablet":{"background-color":"var(--ast-global-color-5)","background-image":"","background-repeat":"repeat","background-position":"center center","background-size":"auto","background-attachment":"scroll","background-type":"","background-media":"","overlay-type":"","overlay-color":"","overlay-opacity":"","overlay-gradient":""},"mobile":{"background-color":"var(--ast-global-color-5)","background-image":"","background-repeat":"repeat","background-position":"center center","background-size":"auto","background-attachment":"scroll","background-type":"","background-media":"","overlay-type":"","overlay-color":"","overlay-opacity":"","overlay-gradient":""}},"footnotes":""},"categories":[14,1,4,5],"tags":[],"class_list":["post-3313","post","type-post","status-publish","format-standard","hentry","category-5e","category-general","category-portada","category-primaria"],"post_mailing_queue_ids":[],"_links":{"self":[{"href":"https:\/\/agora.xtec.cat\/escola-puigdelescadiretes\/wp-json\/wp\/v2\/posts\/3313","targetHints":{"allow":["GET"]}}],"collection":[{"href":"https:\/\/agora.xtec.cat\/escola-puigdelescadiretes\/wp-json\/wp\/v2\/posts"}],"about":[{"href":"https:\/\/agora.xtec.cat\/escola-puigdelescadiretes\/wp-json\/wp\/v2\/types\/post"}],"author":[{"embeddable":true,"href":"https:\/\/agora.xtec.cat\/escola-puigdelescadiretes\/wp-json\/wp\/v2\/users\/49"}],"replies":[{"embeddable":true,"href":"https:\/\/agora.xtec.cat\/escola-puigdelescadiretes\/wp-json\/wp\/v2\/comments?post=3313"}],"version-history":[{"count":2,"href":"https:\/\/agora.xtec.cat\/escola-puigdelescadiretes\/wp-json\/wp\/v2\/posts\/3313\/revisions"}],"predecessor-version":[{"id":3354,"href":"https:\/\/agora.xtec.cat\/escola-puigdelescadiretes\/wp-json\/wp\/v2\/posts\/3313\/revisions\/3354"}],"wp:attachment":[{"href":"https:\/\/agora.xtec.cat\/escola-puigdelescadiretes\/wp-json\/wp\/v2\/media?parent=3313"}],"wp:term":[{"taxonomy":"category","embeddable":true,"href":"https:\/\/agora.xtec.cat\/escola-puigdelescadiretes\/wp-json\/wp\/v2\/categories?post=3313"},{"taxonomy":"post_tag","embeddable":true,"href":"https:\/\/agora.xtec.cat\/escola-puigdelescadiretes\/wp-json\/wp\/v2\/tags?post=3313"}],"curies":[{"name":"wp","href":"https:\/\/api.w.org\/{rel}","templated":true}]}}