{"id":3308,"date":"2019-12-20T12:15:16","date_gmt":"2019-12-20T11:15:16","guid":{"rendered":"http:\/\/agora.xtec.cat\/escola-puigdelescadiretes\/?p=3308"},"modified":"2019-12-20T12:15:16","modified_gmt":"2019-12-20T11:15:16","slug":"tallers-de-coeducacio-a-cicle-superior-i-4t-nivell","status":"publish","type":"post","link":"https:\/\/agora.xtec.cat\/escola-puigdelescadiretes\/general\/tallers-de-coeducacio-a-cicle-superior-i-4t-nivell\/","title":{"rendered":"Tallers de coeducaci\u00f3 a Cicle Superior i 4t nivell"},"content":{"rendered":"<p>Els nens i nenes\u00a0 de cicle superior i quart curs, van realitzar a final d&#8217;aquest trimestre uns Tallers de sensibilitzaci\u00f3 per a la coeducaci\u00f3 i l&#8217;equitat de g\u00e8nere, organitzats pel SIAD del Giron\u00e8s.<\/p>\n<p>Els alumnes de cicle superior van realitzar el taller:<\/p>\n<p><b><u>Com viuen els infants els estereotips de g\u00e8nere que es visualitzen en els mitjans de comunicaci\u00f3.<\/u><\/b> taller que pret\u00e9n desvetllar la visi\u00f3 estereotipada que mostra la publicitat i identificar els rols de g\u00e8nere.<u><\/u><u><\/u><\/p>\n<p>Es treballa a partir d&#8217;observar i reflexionar sobre\u00a0 els anuncis actuals i del passat, i, a m\u00e9s es parla de la influ\u00e8ncia de la publicitat a la societat.<u><\/u><u><\/u><\/p>\n<p>I els alumnes de 4t van fer el taller:<\/p>\n<p><u><\/u><b><u>\u201cEl conta contes\u201d<\/u><\/b>, taller que pret\u00e9n recon\u00e8ixer els diferents mites de l&#8217;amor rom\u00e0ntic , reflexionar sobre el poder i desmuntar els rols de g\u00e8nere a trav\u00e9s de contes populars. <u><\/u><u><\/u>S&#8217;analitza dos contes tradicionals,\u00a0 i despr\u00e9s entre tots i totes es fa un nou conte lliure de sexisme.<\/p>\n<p>Us deixem una petita mostra<\/p>\n<p><iframe loading=\"lazy\" src=\"https:\/\/docs.google.com\/presentation\/d\/e\/2PACX-1vRaXA3Hku0jSeBoHb5HPJ5ch0gb9zYdmEsw4-NH5EAnMWd90m3cdCRJnkZinHi4ymidD2SRA3P9PfsM\/embed?start=false&amp;loop=false&amp;delayms=3000\" width=\"960\" height=\"569\" frameborder=\"0\"><\/iframe><\/p>\n","protected":false},"excerpt":{"rendered":"<p>Els nens i nenes\u00a0 de cicle superior i quart curs, van realitzar a final d&#8217;aquest trimestre uns Tallers de sensibilitzaci\u00f3 per a la coeducaci\u00f3 i l&#8217;equitat de g\u00e8nere, organitzats pel SIAD del Giron\u00e8s. Els alumnes de cicle superior van realitzar el taller: Com viuen els infants els estereotips de g\u00e8nere que es visualitzen en els [&hellip;]<\/p>\n","protected":false},"author":49,"featured_media":0,"comment_status":"closed","ping_status":"closed","sticky":false,"template":"","format":"standard","meta":{"_bbp_topic_count":0,"_bbp_reply_count":0,"_bbp_total_topic_count":0,"_bbp_total_reply_count":0,"_bbp_voice_count":0,"_bbp_anonymous_reply_count":0,"_bbp_topic_count_hidden":0,"_bbp_reply_count_hidden":0,"_bbp_forum_subforum_count":0,"site-sidebar-layout":"default","site-content-layout":"","ast-site-content-layout":"","site-content-style":"default","site-sidebar-style":"default","ast-global-header-display":"","ast-banner-title-visibility":"","ast-main-header-display":"","ast-hfb-above-header-display":"","ast-hfb-below-header-display":"","ast-hfb-mobile-header-display":"","site-post-title":"","ast-breadcrumbs-content":"","ast-featured-img":"","footer-sml-layout":"","theme-transparent-header-meta":"","adv-header-id-meta":"","stick-header-meta":"","header-above-stick-meta":"","header-main-stick-meta":"","header-below-stick-meta":"","astra-migrate-meta-layouts":"default","ast-page-background-enabled":"default","ast-page-background-meta":{"desktop":{"background-color":"var(--ast-global-color-4)","background-image":"","background-repeat":"repeat","background-position":"center center","background-size":"auto","background-attachment":"scroll","background-type":"","background-media":"","overlay-type":"","overlay-color":"","overlay-opacity":"","overlay-gradient":""},"tablet":{"background-color":"","background-image":"","background-repeat":"repeat","background-position":"center center","background-size":"auto","background-attachment":"scroll","background-type":"","background-media":"","overlay-type":"","overlay-color":"","overlay-opacity":"","overlay-gradient":""},"mobile":{"background-color":"","background-image":"","background-repeat":"repeat","background-position":"center center","background-size":"auto","background-attachment":"scroll","background-type":"","background-media":"","overlay-type":"","overlay-color":"","overlay-opacity":"","overlay-gradient":""}},"ast-content-background-meta":{"desktop":{"background-color":"var(--ast-global-color-5)","background-image":"","background-repeat":"repeat","background-position":"center center","background-size":"auto","background-attachment":"scroll","background-type":"","background-media":"","overlay-type":"","overlay-color":"","overlay-opacity":"","overlay-gradient":""},"tablet":{"background-color":"var(--ast-global-color-5)","background-image":"","background-repeat":"repeat","background-position":"center center","background-size":"auto","background-attachment":"scroll","background-type":"","background-media":"","overlay-type":"","overlay-color":"","overlay-opacity":"","overlay-gradient":""},"mobile":{"background-color":"var(--ast-global-color-5)","background-image":"","background-repeat":"repeat","background-position":"center center","background-size":"auto","background-attachment":"scroll","background-type":"","background-media":"","overlay-type":"","overlay-color":"","overlay-opacity":"","overlay-gradient":""}},"footnotes":""},"categories":[13,14,15,1,5],"tags":[],"class_list":["post-3308","post","type-post","status-publish","format-standard","hentry","category-4t","category-5e","category-6e","category-general","category-primaria"],"post_mailing_queue_ids":[],"_links":{"self":[{"href":"https:\/\/agora.xtec.cat\/escola-puigdelescadiretes\/wp-json\/wp\/v2\/posts\/3308","targetHints":{"allow":["GET"]}}],"collection":[{"href":"https:\/\/agora.xtec.cat\/escola-puigdelescadiretes\/wp-json\/wp\/v2\/posts"}],"about":[{"href":"https:\/\/agora.xtec.cat\/escola-puigdelescadiretes\/wp-json\/wp\/v2\/types\/post"}],"author":[{"embeddable":true,"href":"https:\/\/agora.xtec.cat\/escola-puigdelescadiretes\/wp-json\/wp\/v2\/users\/49"}],"replies":[{"embeddable":true,"href":"https:\/\/agora.xtec.cat\/escola-puigdelescadiretes\/wp-json\/wp\/v2\/comments?post=3308"}],"version-history":[{"count":1,"href":"https:\/\/agora.xtec.cat\/escola-puigdelescadiretes\/wp-json\/wp\/v2\/posts\/3308\/revisions"}],"predecessor-version":[{"id":3309,"href":"https:\/\/agora.xtec.cat\/escola-puigdelescadiretes\/wp-json\/wp\/v2\/posts\/3308\/revisions\/3309"}],"wp:attachment":[{"href":"https:\/\/agora.xtec.cat\/escola-puigdelescadiretes\/wp-json\/wp\/v2\/media?parent=3308"}],"wp:term":[{"taxonomy":"category","embeddable":true,"href":"https:\/\/agora.xtec.cat\/escola-puigdelescadiretes\/wp-json\/wp\/v2\/categories?post=3308"},{"taxonomy":"post_tag","embeddable":true,"href":"https:\/\/agora.xtec.cat\/escola-puigdelescadiretes\/wp-json\/wp\/v2\/tags?post=3308"}],"curies":[{"name":"wp","href":"https:\/\/api.w.org\/{rel}","templated":true}]}}