{"id":1443,"date":"2018-03-05T12:47:50","date_gmt":"2018-03-05T11:47:50","guid":{"rendered":"http:\/\/agora.xtec.cat\/escola-puigdelescadiretes\/?p=1443"},"modified":"2018-03-05T13:59:51","modified_gmt":"2018-03-05T12:59:51","slug":"raco-de-premsa-aquest-cap-de-setmana-hem-sortir-a-diferents-diaris","status":"publish","type":"post","link":"https:\/\/agora.xtec.cat\/escola-puigdelescadiretes\/general\/raco-de-premsa-aquest-cap-de-setmana-hem-sortir-a-diferents-diaris\/","title":{"rendered":"RAC\u00d3 DE PREMSA: AQUEST CAP DE SETMANA HEM SORTIT A DIFERENTS DIARIS"},"content":{"rendered":"<p>Aquest cap de setmana l&#8217;Escola Puig de les Cadiretes ha sortit a diferents diaris. A continuaci\u00f3 podeu veure els enlla\u00e7os:<\/p>\n<p><a href=\"http:\/\/www.lavanguardia.com\/vida\/20180303\/441217347182\/el-mwc-premia-lescola-puig-de-les-cadiretes-de-llagostera-per-la-seva-innovacio-en-tecnologies-digitals.html\" target=\"_blank\" rel=\"noopener noreferrer\" data-saferedirecturl=\"https:\/\/www.google.com\/url?hl=ca&amp;q=http:\/\/www.lavanguardia.com\/vida\/20180303\/441217347182\/el-mwc-premia-lescola-puig-de-les-cadiretes-de-llagostera-per-la-seva-innovacio-en-tecnologies-digitals.html&amp;source=gmail&amp;ust=1520336354455000&amp;usg=AFQjCNFhUR7BSENKaZXNsaiZHGhhd9k7zA\">El MWC premia l&#8217;Escola Puig de les Cadiretes de Llagostera per la seva innovaci\u00f3 en tecnologies digitals<\/a>\u00a0(La Vanguardia)<\/p>\n<p><a href=\"https:\/\/www.elperiodico.com\/es\/ocio-y-cultura\/20180301\/premian-ocho-proyectos-escolares-de-robotica-y-programacion-en-el-mwc-6660297\" target=\"_blank\" rel=\"noopener noreferrer\" data-saferedirecturl=\"https:\/\/www.google.com\/url?hl=ca&amp;q=https:\/\/www.elperiodico.com\/es\/ocio-y-cultura\/20180301\/premian-ocho-proyectos-escolares-de-robotica-y-programacion-en-el-mwc-6660297&amp;source=gmail&amp;ust=1520336354455000&amp;usg=AFQjCNE-Eat4QEf70oRyhzoZAfI5rNxUtg\">Premian ocho proyectos escolares de rob\u00f3tica y programaci\u00f3n en el MWC<\/a>\u00a0(El Peri\u00f2dico)<\/p>\n<p><a href=\"http:\/\/web.gencat.cat\/ca\/actualitat\/detall\/Els-centres-educatius-innoven-en-tecnologia-digital\" target=\"_blank\" rel=\"noopener noreferrer\" data-saferedirecturl=\"https:\/\/www.google.com\/url?hl=ca&amp;q=http:\/\/web.gencat.cat\/ca\/actualitat\/detall\/Els-centres-educatius-innoven-en-tecnologia-digital&amp;source=gmail&amp;ust=1520336354455000&amp;usg=AFQjCNEN-1SQeR-LAer6-b6n81UgNsYVMg\">Els centres educatius innoven en tecnologia digital<\/a>\u00a0(Gencat)<\/p>\n<p><a href=\"http:\/\/www.elpuntavui.cat\/societat\/article\/16-educacio\/1350941-una-escola-de-llagostera-premiada-al-mobile.html?cca=1\" target=\"_blank\" rel=\"noopener noreferrer\" data-saferedirecturl=\"https:\/\/www.google.com\/url?hl=ca&amp;q=http:\/\/www.elpuntavui.cat\/societat\/article\/16-educacio\/1350941-una-escola-de-llagostera-premiada-al-mobile.html?cca%3D1&amp;source=gmail&amp;ust=1520336354455000&amp;usg=AFQjCNH6HFCo4A5tz-AhyZvlynL79gaEjw\">Una escola de Llagostera, premiada al Mobile<\/a>\u00a0(El Punt Avui)<\/p>\n<p><a href=\"http:\/\/www.diaridegirona.cat\/comarques\/2018\/03\/03\/mwc-premia-lescola-puig-cadiretes\/899242.html\" target=\"_blank\" rel=\"noopener noreferrer\" data-saferedirecturl=\"https:\/\/www.google.com\/url?hl=ca&amp;q=http:\/\/www.diaridegirona.cat\/comarques\/2018\/03\/03\/mwc-premia-lescola-puig-cadiretes\/899242.html&amp;source=gmail&amp;ust=1520336354455000&amp;usg=AFQjCNF4TRbzUApSHuI5d72j-jsOxb_-uQ\">El MWC premia l&#8217;Escola Puig de les Cadiretes de Llagostera<\/a>\u00a0(Diari de Girona)<\/p>\n<p><a href=\"http:\/\/www.lavanguardia.com\/vida\/20180301\/441170170411\/premian-ocho-proyectos-escolares-de-robotica-y-programacion-en-el-mwc.html\" target=\"_blank\" rel=\"noopener noreferrer\" data-saferedirecturl=\"https:\/\/www.google.com\/url?hl=ca&amp;q=http:\/\/www.lavanguardia.com\/vida\/20180301\/441170170411\/premian-ocho-proyectos-escolares-de-robotica-y-programacion-en-el-mwc.html&amp;source=gmail&amp;ust=1520336354455000&amp;usg=AFQjCNFI5WzGgWhwJeeqtwWOPl2Ry-O9HQ\">\u00a0Premian ocho proyectos escolares de rob\u00f3tica y programaci\u00f3n en el MWC<\/a>\u00a0(La Vanguardia)<\/p>\n","protected":false},"excerpt":{"rendered":"<p>Aquest cap de setmana l&#8217;Escola Puig de les Cadiretes ha sortit a diferents diaris. A continuaci\u00f3 podeu veure els enlla\u00e7os: El MWC premia l&#8217;Escola Puig de les Cadiretes de Llagostera per la seva innovaci\u00f3 en tecnologies digitals\u00a0(La Vanguardia) Premian ocho proyectos escolares de rob\u00f3tica y programaci\u00f3n en el MWC\u00a0(El Peri\u00f2dico) Els centres educatius innoven en [&hellip;]<\/p>\n","protected":false},"author":1,"featured_media":0,"comment_status":"open","ping_status":"closed","sticky":false,"template":"","format":"standard","meta":{"_bbp_topic_count":0,"_bbp_reply_count":0,"_bbp_total_topic_count":0,"_bbp_total_reply_count":0,"_bbp_voice_count":0,"_bbp_anonymous_reply_count":0,"_bbp_topic_count_hidden":0,"_bbp_reply_count_hidden":0,"_bbp_forum_subforum_count":0,"site-sidebar-layout":"default","site-content-layout":"","ast-site-content-layout":"","site-content-style":"default","site-sidebar-style":"default","ast-global-header-display":"","ast-banner-title-visibility":"","ast-main-header-display":"","ast-hfb-above-header-display":"","ast-hfb-below-header-display":"","ast-hfb-mobile-header-display":"","site-post-title":"","ast-breadcrumbs-content":"","ast-featured-img":"","footer-sml-layout":"","theme-transparent-header-meta":"","adv-header-id-meta":"","stick-header-meta":"","header-above-stick-meta":"","header-main-stick-meta":"","header-below-stick-meta":"","astra-migrate-meta-layouts":"default","ast-page-background-enabled":"default","ast-page-background-meta":{"desktop":{"background-color":"var(--ast-global-color-4)","background-image":"","background-repeat":"repeat","background-position":"center center","background-size":"auto","background-attachment":"scroll","background-type":"","background-media":"","overlay-type":"","overlay-color":"","overlay-opacity":"","overlay-gradient":""},"tablet":{"background-color":"","background-image":"","background-repeat":"repeat","background-position":"center center","background-size":"auto","background-attachment":"scroll","background-type":"","background-media":"","overlay-type":"","overlay-color":"","overlay-opacity":"","overlay-gradient":""},"mobile":{"background-color":"","background-image":"","background-repeat":"repeat","background-position":"center center","background-size":"auto","background-attachment":"scroll","background-type":"","background-media":"","overlay-type":"","overlay-color":"","overlay-opacity":"","overlay-gradient":""}},"ast-content-background-meta":{"desktop":{"background-color":"var(--ast-global-color-5)","background-image":"","background-repeat":"repeat","background-position":"center center","background-size":"auto","background-attachment":"scroll","background-type":"","background-media":"","overlay-type":"","overlay-color":"","overlay-opacity":"","overlay-gradient":""},"tablet":{"background-color":"var(--ast-global-color-5)","background-image":"","background-repeat":"repeat","background-position":"center center","background-size":"auto","background-attachment":"scroll","background-type":"","background-media":"","overlay-type":"","overlay-color":"","overlay-opacity":"","overlay-gradient":""},"mobile":{"background-color":"var(--ast-global-color-5)","background-image":"","background-repeat":"repeat","background-position":"center center","background-size":"auto","background-attachment":"scroll","background-type":"","background-media":"","overlay-type":"","overlay-color":"","overlay-opacity":"","overlay-gradient":""}},"footnotes":""},"categories":[10,11,12,13,14,15,1,3,8,9,4],"tags":[],"class_list":["post-1443","post","type-post","status-publish","format-standard","hentry","category-1r","category-2n","category-3r","category-4t","category-5e","category-6e","category-general","category-i3","category-i4","category-i5","category-portada"],"post_mailing_queue_ids":[],"_links":{"self":[{"href":"https:\/\/agora.xtec.cat\/escola-puigdelescadiretes\/wp-json\/wp\/v2\/posts\/1443","targetHints":{"allow":["GET"]}}],"collection":[{"href":"https:\/\/agora.xtec.cat\/escola-puigdelescadiretes\/wp-json\/wp\/v2\/posts"}],"about":[{"href":"https:\/\/agora.xtec.cat\/escola-puigdelescadiretes\/wp-json\/wp\/v2\/types\/post"}],"author":[{"embeddable":true,"href":"https:\/\/agora.xtec.cat\/escola-puigdelescadiretes\/wp-json\/wp\/v2\/users\/1"}],"replies":[{"embeddable":true,"href":"https:\/\/agora.xtec.cat\/escola-puigdelescadiretes\/wp-json\/wp\/v2\/comments?post=1443"}],"version-history":[{"count":2,"href":"https:\/\/agora.xtec.cat\/escola-puigdelescadiretes\/wp-json\/wp\/v2\/posts\/1443\/revisions"}],"predecessor-version":[{"id":1445,"href":"https:\/\/agora.xtec.cat\/escola-puigdelescadiretes\/wp-json\/wp\/v2\/posts\/1443\/revisions\/1445"}],"wp:attachment":[{"href":"https:\/\/agora.xtec.cat\/escola-puigdelescadiretes\/wp-json\/wp\/v2\/media?parent=1443"}],"wp:term":[{"taxonomy":"category","embeddable":true,"href":"https:\/\/agora.xtec.cat\/escola-puigdelescadiretes\/wp-json\/wp\/v2\/categories?post=1443"},{"taxonomy":"post_tag","embeddable":true,"href":"https:\/\/agora.xtec.cat\/escola-puigdelescadiretes\/wp-json\/wp\/v2\/tags?post=1443"}],"curies":[{"name":"wp","href":"https:\/\/api.w.org\/{rel}","templated":true}]}}