{"id":3051,"date":"2026-04-22T15:42:14","date_gmt":"2026-04-22T13:42:14","guid":{"rendered":"https:\/\/agora.xtec.cat\/escola-pidenxandri\/?p=3051"},"modified":"2026-04-24T16:32:28","modified_gmt":"2026-04-24T14:32:28","slug":"concurs-el-gust-per-la-lectura-2","status":"publish","type":"post","link":"https:\/\/agora.xtec.cat\/escola-pidenxandri\/general\/concurs-el-gust-per-la-lectura-2\/","title":{"rendered":"Concurs &#8220;El gust per la Lectura&#8221;"},"content":{"rendered":"<p>L&#8217;alumnat de 1r ha participat en el concurs escolar &#8220;El gust per la Lectura&#8221; que organitza el Departament d&#8217;Educaci\u00f3. A trav\u00e9s del llibre &#8220;Un sopar de por&#8221; de la Meritxell Mart\u00ed i del Xavier Salom\u00f3, els infants han viscut una experi\u00e8ncia on la gastronomia, l&#8217;humor i la creativitat han obert pas a una nit inoblidable amb uns convidats molt especials.<\/p>\n<p>Clicant a cada classe podeu veure els treballs realitzats!<\/p>\n<p><a href=\"https:\/\/canva.link\/w2lb180b0bbhzki\">1rA<\/a> i <a href=\"https:\/\/canva.link\/629o62dchrix46o\">1rB<\/a><\/p>\n","protected":false},"excerpt":{"rendered":"<p>L&#8217;alumnat de 1r ha participat en el concurs escolar &#8220;El gust per la Lectura&#8221; que organitza el Departament d&#8217;Educaci\u00f3. A trav\u00e9s del llibre &#8220;Un sopar de por&#8221; de la Meritxell Mart\u00ed i del Xavier Salom\u00f3, els infants han viscut una experi\u00e8ncia on la gastronomia, l&#8217;humor&hellip;  <a href=\"https:\/\/agora.xtec.cat\/escola-pidenxandri\/general\/concurs-el-gust-per-la-lectura-2\/\" title=\"Read Concurs &#8220;El gust per la Lectura&#8221;\">Llegeix m\u00e9s\u00bb<\/a><\/p>\n","protected":false},"author":1,"featured_media":0,"comment_status":"open","ping_status":"open","sticky":false,"template":"","format":"standard","meta":{"footnotes":""},"categories":[1,4],"tags":[],"class_list":["post-3051","post","type-post","status-publish","format-standard","hentry","category-general","category-portada"],"post_mailing_queue_ids":[],"_links":{"self":[{"href":"https:\/\/agora.xtec.cat\/escola-pidenxandri\/wp-json\/wp\/v2\/posts\/3051","targetHints":{"allow":["GET"]}}],"collection":[{"href":"https:\/\/agora.xtec.cat\/escola-pidenxandri\/wp-json\/wp\/v2\/posts"}],"about":[{"href":"https:\/\/agora.xtec.cat\/escola-pidenxandri\/wp-json\/wp\/v2\/types\/post"}],"author":[{"embeddable":true,"href":"https:\/\/agora.xtec.cat\/escola-pidenxandri\/wp-json\/wp\/v2\/users\/1"}],"replies":[{"embeddable":true,"href":"https:\/\/agora.xtec.cat\/escola-pidenxandri\/wp-json\/wp\/v2\/comments?post=3051"}],"version-history":[{"count":1,"href":"https:\/\/agora.xtec.cat\/escola-pidenxandri\/wp-json\/wp\/v2\/posts\/3051\/revisions"}],"predecessor-version":[{"id":3052,"href":"https:\/\/agora.xtec.cat\/escola-pidenxandri\/wp-json\/wp\/v2\/posts\/3051\/revisions\/3052"}],"wp:attachment":[{"href":"https:\/\/agora.xtec.cat\/escola-pidenxandri\/wp-json\/wp\/v2\/media?parent=3051"}],"wp:term":[{"taxonomy":"category","embeddable":true,"href":"https:\/\/agora.xtec.cat\/escola-pidenxandri\/wp-json\/wp\/v2\/categories?post=3051"},{"taxonomy":"post_tag","embeddable":true,"href":"https:\/\/agora.xtec.cat\/escola-pidenxandri\/wp-json\/wp\/v2\/tags?post=3051"}],"curies":[{"name":"wp","href":"https:\/\/api.w.org\/{rel}","templated":true}]}}