{"id":986,"date":"2019-11-21T18:07:30","date_gmt":"2019-11-21T17:07:30","guid":{"rendered":"https:\/\/agora.xtec.cat\/escola-olivera-santcugat\/?p=986"},"modified":"2023-01-20T12:03:31","modified_gmt":"2023-01-20T11:03:31","slug":"activitat-de-denip-a-4t","status":"publish","type":"post","link":"https:\/\/agora.xtec.cat\/escola-olivera-santcugat\/primaria\/4t\/activitat-de-denip-a-4t\/","title":{"rendered":"Activitat de DENIP a 4t"},"content":{"rendered":"<p>Gr\u00e0cies al suport de l\u2019Ajuntament de Sant Cugat, el Taller Triangle \u00a0i la Universitat Internacional de la Pau realitzem una activitat per a la celebraci\u00f3 del DENIP \u00a0a les escoles de Sant Cugat, en la qual es treballen diferents conceptes vinculats amb la pau i la no-viol\u00e8ncia a trav\u00e9s de la participaci\u00f3 en un proc\u00e9s de creaci\u00f3 art\u00edstica conjunta.<br \/>\nHem fet les seg\u00fcents activitats:<br \/>\n1r Va venir l\u2019Ol\u00edvia i va fer una activitat a 4t de la no viol\u00e8ncia. Vam fer 2 grups i vam fer un castell de cartes a cada grup, l\u2019Olivia va ficar a la pissarra que tot si val. Van haver-hi moltes discussions. Despr\u00e9s en vam parlar, i vam dir que podr\u00edem fer un castell de cartes tots junts, fer un castell m\u00e9s gran i no discutir-nos m\u00e9s. Vam parlar de la Mili de qu\u00e8 els avis hi anaven i alguns pares tamb\u00e9, etc.<br \/>\n2n Passats uns dies vam fer una altre activitat, va venir una altre professora que es deia Eva, vam fer una rotllana per presentar-nos, vam fer un dibuix d\u2019un mapa de les coses m\u00e9s importants per a nosaltres. Despr\u00e9s ens va donar uns colors aquarel\u00b7lables que quan es mullaven es difuminaven, va posar a la pissarra: amor, menjar, roba, respecte, casa i grup, i ho diferenci\u00e0vem amb els colors; cada color definia a una paraula.<br \/>\n3r L\u2019\u00faltima activitat va ser fer un coix\u00ed cosint nosaltres, els nens de 4t vam aprendre a cosir, VA SER MOLT GUAY.<\/p>\n<p><a href=\"https:\/\/agora.xtec.cat\/escola-olivera-santcugat\/wp-content\/uploads\/usu1346\/2019\/11\/Screenshot_7.png\"><img loading=\"lazy\" decoding=\"async\" class=\"alignnone wp-image-987\" src=\"https:\/\/agora.xtec.cat\/escola-olivera-santcugat\/wp-content\/uploads\/usu1346\/2019\/11\/Screenshot_7.png\" alt=\"\" width=\"303\" height=\"407\" srcset=\"https:\/\/agora.xtec.cat\/escola-olivera-santcugat\/wp-content\/uploads\/usu1346\/2019\/11\/Screenshot_7.png 579w, https:\/\/agora.xtec.cat\/escola-olivera-santcugat\/wp-content\/uploads\/usu1346\/2019\/11\/Screenshot_7-224x300.png 224w\" sizes=\"auto, (max-width: 303px) 100vw, 303px\" \/><\/a><\/p>\n","protected":false},"excerpt":{"rendered":"<p>Gr\u00e0cies al suport de l\u2019Ajuntament de Sant Cugat, el Taller Triangle \u00a0i la Universitat Internacional de la Pau realitzem una activitat per a la celebraci\u00f3 del DENIP \u00a0a les escoles de Sant Cugat, en la qual es treballen diferents conceptes vinculats amb la pau i&hellip;  <a href=\"https:\/\/agora.xtec.cat\/escola-olivera-santcugat\/primaria\/4t\/activitat-de-denip-a-4t\/\" title=\"Read Activitat de DENIP a 4t\">Llegeix m\u00e9s\u00bb<\/a><\/p>\n","protected":false},"author":1,"featured_media":987,"comment_status":"open","ping_status":"closed","sticky":false,"template":"","format":"standard","meta":{"_bbp_topic_count":0,"_bbp_reply_count":0,"_bbp_total_topic_count":0,"_bbp_total_reply_count":0,"_bbp_voice_count":0,"_bbp_anonymous_reply_count":0,"_bbp_topic_count_hidden":0,"_bbp_reply_count_hidden":0,"_bbp_forum_subforum_count":0,"footnotes":""},"categories":[13],"tags":[],"class_list":["post-986","post","type-post","status-publish","format-standard","has-post-thumbnail","hentry","category-4t"],"post_mailing_queue_ids":[],"_links":{"self":[{"href":"https:\/\/agora.xtec.cat\/escola-olivera-santcugat\/wp-json\/wp\/v2\/posts\/986","targetHints":{"allow":["GET"]}}],"collection":[{"href":"https:\/\/agora.xtec.cat\/escola-olivera-santcugat\/wp-json\/wp\/v2\/posts"}],"about":[{"href":"https:\/\/agora.xtec.cat\/escola-olivera-santcugat\/wp-json\/wp\/v2\/types\/post"}],"author":[{"embeddable":true,"href":"https:\/\/agora.xtec.cat\/escola-olivera-santcugat\/wp-json\/wp\/v2\/users\/1"}],"replies":[{"embeddable":true,"href":"https:\/\/agora.xtec.cat\/escola-olivera-santcugat\/wp-json\/wp\/v2\/comments?post=986"}],"version-history":[{"count":1,"href":"https:\/\/agora.xtec.cat\/escola-olivera-santcugat\/wp-json\/wp\/v2\/posts\/986\/revisions"}],"predecessor-version":[{"id":988,"href":"https:\/\/agora.xtec.cat\/escola-olivera-santcugat\/wp-json\/wp\/v2\/posts\/986\/revisions\/988"}],"wp:featuredmedia":[{"embeddable":true,"href":"https:\/\/agora.xtec.cat\/escola-olivera-santcugat\/wp-json\/wp\/v2\/media\/987"}],"wp:attachment":[{"href":"https:\/\/agora.xtec.cat\/escola-olivera-santcugat\/wp-json\/wp\/v2\/media?parent=986"}],"wp:term":[{"taxonomy":"category","embeddable":true,"href":"https:\/\/agora.xtec.cat\/escola-olivera-santcugat\/wp-json\/wp\/v2\/categories?post=986"},{"taxonomy":"post_tag","embeddable":true,"href":"https:\/\/agora.xtec.cat\/escola-olivera-santcugat\/wp-json\/wp\/v2\/tags?post=986"}],"curies":[{"name":"wp","href":"https:\/\/api.w.org\/{rel}","templated":true}]}}