{"id":982,"date":"2019-11-21T18:04:05","date_gmt":"2019-11-21T17:04:05","guid":{"rendered":"https:\/\/agora.xtec.cat\/escola-olivera-santcugat\/?p=982"},"modified":"2023-01-20T12:03:36","modified_gmt":"2023-01-20T11:03:36","slug":"experimentem-i-aprenem-amb-la-robotica","status":"publish","type":"post","link":"https:\/\/agora.xtec.cat\/escola-olivera-santcugat\/primaria\/2n\/experimentem-i-aprenem-amb-la-robotica\/","title":{"rendered":"Experimentem i aprenem amb la Rob\u00f2tica"},"content":{"rendered":"<p>Aquest curs els R\u00e8ptils i els Planetes (2n A-B) ens estem endinsant en el m\u00f3n de la rob\u00f2tica. Actualment, estem treballant amb dos materials que s\u00f3n el CUBETTO i el CODE de forma cooperativa per tal de pensar, representar i elaborar un itinerari sobre un pl\u00e0nol i interpretar les diferents posicions d&#8217;espai.<\/p>\n<p><a href=\"https:\/\/agora.xtec.cat\/escola-olivera-santcugat\/wp-content\/uploads\/usu1346\/2019\/11\/Screenshot_5.png\"><img loading=\"lazy\" decoding=\"async\" class=\"alignnone wp-image-983\" src=\"https:\/\/agora.xtec.cat\/escola-olivera-santcugat\/wp-content\/uploads\/usu1346\/2019\/11\/Screenshot_5-1024x662.png\" alt=\"\" width=\"439\" height=\"284\" srcset=\"https:\/\/agora.xtec.cat\/escola-olivera-santcugat\/wp-content\/uploads\/usu1346\/2019\/11\/Screenshot_5-1024x662.png 1024w, https:\/\/agora.xtec.cat\/escola-olivera-santcugat\/wp-content\/uploads\/usu1346\/2019\/11\/Screenshot_5-300x194.png 300w, https:\/\/agora.xtec.cat\/escola-olivera-santcugat\/wp-content\/uploads\/usu1346\/2019\/11\/Screenshot_5-768x497.png 768w, https:\/\/agora.xtec.cat\/escola-olivera-santcugat\/wp-content\/uploads\/usu1346\/2019\/11\/Screenshot_5.png 1198w\" sizes=\"auto, (max-width: 439px) 100vw, 439px\" \/><\/a> <a href=\"https:\/\/agora.xtec.cat\/escola-olivera-santcugat\/wp-content\/uploads\/usu1346\/2019\/11\/Screenshot_6.png\"><img loading=\"lazy\" decoding=\"async\" class=\"alignnone wp-image-984\" src=\"https:\/\/agora.xtec.cat\/escola-olivera-santcugat\/wp-content\/uploads\/usu1346\/2019\/11\/Screenshot_6-1024x621.png\" alt=\"\" width=\"466\" height=\"282\" srcset=\"https:\/\/agora.xtec.cat\/escola-olivera-santcugat\/wp-content\/uploads\/usu1346\/2019\/11\/Screenshot_6-1024x621.png 1024w, https:\/\/agora.xtec.cat\/escola-olivera-santcugat\/wp-content\/uploads\/usu1346\/2019\/11\/Screenshot_6-300x182.png 300w, https:\/\/agora.xtec.cat\/escola-olivera-santcugat\/wp-content\/uploads\/usu1346\/2019\/11\/Screenshot_6-768x466.png 768w, https:\/\/agora.xtec.cat\/escola-olivera-santcugat\/wp-content\/uploads\/usu1346\/2019\/11\/Screenshot_6.png 1274w\" sizes=\"auto, (max-width: 466px) 100vw, 466px\" \/><\/a><\/p>\n","protected":false},"excerpt":{"rendered":"<p>Aquest curs els R\u00e8ptils i els Planetes (2n A-B) ens estem endinsant en el m\u00f3n de la rob\u00f2tica. Actualment, estem treballant amb dos materials que s\u00f3n el CUBETTO i el CODE de forma cooperativa per tal de pensar, representar i elaborar un itinerari sobre un&hellip;  <a href=\"https:\/\/agora.xtec.cat\/escola-olivera-santcugat\/primaria\/2n\/experimentem-i-aprenem-amb-la-robotica\/\" title=\"Read Experimentem i aprenem amb la Rob\u00f2tica\">Llegeix m\u00e9s\u00bb<\/a><\/p>\n","protected":false},"author":1,"featured_media":983,"comment_status":"open","ping_status":"closed","sticky":false,"template":"","format":"standard","meta":{"_bbp_topic_count":0,"_bbp_reply_count":0,"_bbp_total_topic_count":0,"_bbp_total_reply_count":0,"_bbp_voice_count":0,"_bbp_anonymous_reply_count":0,"_bbp_topic_count_hidden":0,"_bbp_reply_count_hidden":0,"_bbp_forum_subforum_count":0,"footnotes":""},"categories":[11],"tags":[],"class_list":["post-982","post","type-post","status-publish","format-standard","has-post-thumbnail","hentry","category-2n"],"post_mailing_queue_ids":[],"_links":{"self":[{"href":"https:\/\/agora.xtec.cat\/escola-olivera-santcugat\/wp-json\/wp\/v2\/posts\/982","targetHints":{"allow":["GET"]}}],"collection":[{"href":"https:\/\/agora.xtec.cat\/escola-olivera-santcugat\/wp-json\/wp\/v2\/posts"}],"about":[{"href":"https:\/\/agora.xtec.cat\/escola-olivera-santcugat\/wp-json\/wp\/v2\/types\/post"}],"author":[{"embeddable":true,"href":"https:\/\/agora.xtec.cat\/escola-olivera-santcugat\/wp-json\/wp\/v2\/users\/1"}],"replies":[{"embeddable":true,"href":"https:\/\/agora.xtec.cat\/escola-olivera-santcugat\/wp-json\/wp\/v2\/comments?post=982"}],"version-history":[{"count":1,"href":"https:\/\/agora.xtec.cat\/escola-olivera-santcugat\/wp-json\/wp\/v2\/posts\/982\/revisions"}],"predecessor-version":[{"id":985,"href":"https:\/\/agora.xtec.cat\/escola-olivera-santcugat\/wp-json\/wp\/v2\/posts\/982\/revisions\/985"}],"wp:featuredmedia":[{"embeddable":true,"href":"https:\/\/agora.xtec.cat\/escola-olivera-santcugat\/wp-json\/wp\/v2\/media\/983"}],"wp:attachment":[{"href":"https:\/\/agora.xtec.cat\/escola-olivera-santcugat\/wp-json\/wp\/v2\/media?parent=982"}],"wp:term":[{"taxonomy":"category","embeddable":true,"href":"https:\/\/agora.xtec.cat\/escola-olivera-santcugat\/wp-json\/wp\/v2\/categories?post=982"},{"taxonomy":"post_tag","embeddable":true,"href":"https:\/\/agora.xtec.cat\/escola-olivera-santcugat\/wp-json\/wp\/v2\/tags?post=982"}],"curies":[{"name":"wp","href":"https:\/\/api.w.org\/{rel}","templated":true}]}}